{"id":10062,"date":"2023-12-26T00:42:32","date_gmt":"2023-12-26T03:42:32","guid":{"rendered":"https:\/\/infotep.com.ar\/?p=10062"},"modified":"2023-12-26T00:42:33","modified_gmt":"2023-12-26T03:42:33","slug":"siguen-esta-semana-los-descuentos-en-precios-de-cinco-cortes-de-carne-en-cadenas-de-supermercados","status":"publish","type":"post","link":"https:\/\/infotep.com.ar\/index.php\/2023\/12\/26\/siguen-esta-semana-los-descuentos-en-precios-de-cinco-cortes-de-carne-en-cadenas-de-supermercados\/","title":{"rendered":"Siguen esta semana los descuentos en precios de cinco cortes de carne en cadenas de supermercados"},"content":{"rendered":"\n<p><\/p>\n\n\n\n<p>El acuerdo entre el Gobierno y la industria frigor\u00edfica para la promoci\u00f3n en cadenas de supermercados de distintos cortes de carne -asado, matambre, vac\u00edo, tapa de asado y falda- a precios promocionales por las Fiestas de Navidad y A\u00f1o Nuevo, continuar\u00e1 esta semana, hasta fin de a\u00f1o.<\/p>\n\n\n\n<p>Se trata del acuerdo sellado el pasado 15 de diciembre: &#8220;Ante la grave situaci\u00f3n econ\u00f3mica que vive la Argentina, desde la Secretar\u00eda de Bioeconom\u00eda hemos acordado con la industria valores de oferta para cinco cortes parrilleros&#8221;, se hab\u00eda indicado en un comunicado.<\/p>\n\n\n\n<p>Asimismo, explicaron que los precios en los cortes alcanzados por el acuerdo tendr\u00edan vigencia hasta el pr\u00f3ximo fin de semana, \u00faltimo del a\u00f1o.<\/p>\n\n\n\n<p>El convenio entre las grandes cadenas de supermercados alcanz\u00f3 tambi\u00e9n al Consorcio de Frigor\u00edficos Exportadores nucleados en ABC, que puso a disposici\u00f3n los cortes de carnes de mayor consumo y m\u00e1s populares.<\/p>\n\n\n\n<p><strong>Los cortes incluidos son: asado, que se ofrece a un precio de $ 4.900; matambre a $ 5.900; vac\u00edo a $ 5.900; tapa de asado a $ 4.900; y falda a $ 2.900.<\/strong><\/p>\n\n\n\n<p>Las ofertas de carnes pueden encontrase hasta el s\u00e1bado pr\u00f3ximo en las cadenas de los supermercados Chango M\u00e1s, Carrefour, La An\u00f3nima, Cencosud (Disco, Vea y Jumbo) y carnicer\u00edas Friar del norte del pa\u00eds.<\/p>\n","protected":false},"excerpt":{"rendered":"<p>El acuerdo entre el Gobierno y la industria frigor&iacute;fica para la promoci&oacute;n en cadenas de supermercados de distintos cortes de carne -asado, matambre, vac&iacute;o, tapa de asado y falda- a precios promocionales por las Fiestas de Navidad y A&ntilde;o Nuevo, continuar&aacute; esta semana, hasta fin de a&ntilde;o. Se trata del acuerdo sellado el pasado 15 &hellip; <\/p>\n","protected":false},"author":5,"featured_media":3206,"comment_status":"closed","ping_status":"closed","sticky":false,"template":"","format":"standard","meta":{"om_disable_all_campaigns":false,"_joinchat":[]},"categories":[31,3],"tags":[46,43],"featured_image_urls":{"full":["https:\/\/infotep.com.ar\/wp-content\/uploads\/2023\/02\/carne.jpeg",768,512,false],"thumbnail":["https:\/\/infotep.com.ar\/wp-content\/uploads\/2023\/02\/carne-150x150.jpeg",150,150,true],"medium":["https:\/\/infotep.com.ar\/wp-content\/uploads\/2023\/02\/carne-300x200.jpeg",300,200,true],"medium_large":["https:\/\/infotep.com.ar\/wp-content\/uploads\/2023\/02\/carne.jpeg",768,512,false],"large":["https:\/\/infotep.com.ar\/wp-content\/uploads\/2023\/02\/carne.jpeg",768,512,false],"1536x1536":["https:\/\/infotep.com.ar\/wp-content\/uploads\/2023\/02\/carne.jpeg",768,512,false],"2048x2048":["https:\/\/infotep.com.ar\/wp-content\/uploads\/2023\/02\/carne.jpeg",768,512,false],"blossom-feminine-slider":["https:\/\/infotep.com.ar\/wp-content\/uploads\/2023\/02\/carne.jpeg",768,512,false],"blossom-feminine-featured":["https:\/\/infotep.com.ar\/wp-content\/uploads\/2023\/02\/carne.jpeg",768,512,false],"blossom-feminine-with-sidebar":["https:\/\/infotep.com.ar\/wp-content\/uploads\/2023\/02\/carne.jpeg",768,512,false],"blossom-feminine-blog":["https:\/\/infotep.com.ar\/wp-content\/uploads\/2023\/02\/carne-435x435.jpeg",435,435,true],"blossom-feminine-cat":["https:\/\/infotep.com.ar\/wp-content\/uploads\/2023\/02\/carne-450x300.jpeg",450,300,true],"blossom-feminine-related":["https:\/\/infotep.com.ar\/wp-content\/uploads\/2023\/02\/carne-320x200.jpeg",320,200,true],"blossom-feminine-schema":["https:\/\/infotep.com.ar\/wp-content\/uploads\/2023\/02\/carne-90x60.jpeg",90,60,true],"blossom-mommy-blog-slider-big":["https:\/\/infotep.com.ar\/wp-content\/uploads\/2023\/02\/carne.jpeg",768,512,false],"blossom-mommy-blog-slider":["https:\/\/infotep.com.ar\/wp-content\/uploads\/2023\/02\/carne-460x310.jpeg",460,310,true],"blossom-mommy-blog-two":["https:\/\/infotep.com.ar\/wp-content\/uploads\/2023\/02\/carne-768x480.jpeg",768,480,true]},"author_info":{"info":["Angela Tobar"]},"category_info":"<a href=\"https:\/\/infotep.com.ar\/index.php\/category\/destacadas\/\" rel=\"category tag\">Destacadas<\/a> <a href=\"https:\/\/infotep.com.ar\/index.php\/category\/nacionales\/\" rel=\"category tag\">Nacionales<\/a>","tag_info":"Nacionales","comment_count":"0","_links":{"self":[{"href":"https:\/\/infotep.com.ar\/index.php\/wp-json\/wp\/v2\/posts\/10062"}],"collection":[{"href":"https:\/\/infotep.com.ar\/index.php\/wp-json\/wp\/v2\/posts"}],"about":[{"href":"https:\/\/infotep.com.ar\/index.php\/wp-json\/wp\/v2\/types\/post"}],"author":[{"embeddable":true,"href":"https:\/\/infotep.com.ar\/index.php\/wp-json\/wp\/v2\/users\/5"}],"replies":[{"embeddable":true,"href":"https:\/\/infotep.com.ar\/index.php\/wp-json\/wp\/v2\/comments?post=10062"}],"version-history":[{"count":1,"href":"https:\/\/infotep.com.ar\/index.php\/wp-json\/wp\/v2\/posts\/10062\/revisions"}],"predecessor-version":[{"id":10063,"href":"https:\/\/infotep.com.ar\/index.php\/wp-json\/wp\/v2\/posts\/10062\/revisions\/10063"}],"wp:featuredmedia":[{"embeddable":true,"href":"https:\/\/infotep.com.ar\/index.php\/wp-json\/wp\/v2\/media\/3206"}],"wp:attachment":[{"href":"https:\/\/infotep.com.ar\/index.php\/wp-json\/wp\/v2\/media?parent=10062"}],"wp:term":[{"taxonomy":"category","embeddable":true,"href":"https:\/\/infotep.com.ar\/index.php\/wp-json\/wp\/v2\/categories?post=10062"},{"taxonomy":"post_tag","embeddable":true,"href":"https:\/\/infotep.com.ar\/index.php\/wp-json\/wp\/v2\/tags?post=10062"}],"curies":[{"name":"wp","href":"https:\/\/api.w.org\/{rel}","templated":true}]}}