{"id":10064,"date":"2023-12-26T00:34:00","date_gmt":"2023-12-26T03:34:00","guid":{"rendered":"https:\/\/infotep.com.ar\/?p=10064"},"modified":"2023-12-26T00:44:59","modified_gmt":"2023-12-26T03:44:59","slug":"la-matanza-se-encuentra-abierta-la-inscripcion-a-la-escuela-de-guardavidas","status":"publish","type":"post","link":"https:\/\/infotep.com.ar\/index.php\/2023\/12\/26\/la-matanza-se-encuentra-abierta-la-inscripcion-a-la-escuela-de-guardavidas\/","title":{"rendered":"La Matanza: Se encuentra abierta la inscripci\u00f3n a la Escuela de Guardavidas"},"content":{"rendered":"\n<p><\/p>\n\n\n\n<p><em>El Municipio de La Matanza, a trav\u00e9s de la Secretar\u00eda de Deportes y Recreaci\u00f3n, anuncia la apertura de inscripciones para la formaci\u00f3n de guardavidas. La Escuela municipal se erige como un pilar fundamental en la preparaci\u00f3n de socorristas altamente calificados, fomentando valores de responsabilidad, destreza t\u00e9cnica y compromiso con la prevenci\u00f3n.&nbsp;<\/em><\/p>\n\n\n\n<p>La Escuela municipal de Guardavidas ofrece de forma gratuita el curso correspondiente y la inscripci\u00f3n se encuentra abierta hasta el 11 de marzo. Los requisitos para anotarse son: ser mayor de 18 a\u00f1os, poseer t\u00edtulo secundario y aprobar el examen de ingreso.&nbsp;<\/p>\n\n\n\n<p>La Escuela de Guardavidas de La Matanza representa un espacio fundamental para la formaci\u00f3n integral de futuros socorristas, ofreciendo un programa educativo completo y riguroso.&nbsp;<\/p>\n\n\n\n<p>Esta instituci\u00f3n se destaca por brindar una capacitaci\u00f3n de alto nivel, enfocada en habilidades de rescate acu\u00e1tico, t\u00e9cnicas de primeros auxilios, y conocimientos especializados en salvamento.&nbsp;<\/p>\n\n\n\n<p>La importancia de este centro de formaci\u00f3n radica en su compromiso con la seguridad, proporcionando a los futuros socorristas las herramientas te\u00f3ricas y pr\u00e1cticas necesarias para afrontar situaciones de emergencia con profesionalismo y eficacia.&nbsp;<\/p>\n\n\n\n<p>El formulario de inscripci\u00f3n est\u00e1 disponible en el siguiente enlace:&nbsp;<a href=\"https:\/\/docs.google.com\/forms\/d\/e\/1FAIpQLScT-YluS2uwinOVej5GxG93djEjHDjanuFl69NS0G1VUl2bEQ\/viewform\" target=\"_blank\" rel=\"noreferrer noopener\">https:\/\/docs.google.com\/forms\/d\/e\/1FAIpQLScT-YluS2uwinOVej5GxG93djEjHDjanuFl69NS0G1VUl2bEQ\/viewform<\/a>&nbsp;<\/p>\n\n\n\n<p>Asimismo, el modelo de certificado m\u00e9dico obligatorio puede descargarse o solicitarse por WhatsApp al n\u00famero 11 2322 0255, indicando nombre y apellido.&nbsp;<\/p>\n\n\n\n<p>Las inscripciones estar\u00e1n abiertas hasta el 11 de marzo de 2024 y las fechas de los ex\u00e1menes de ingreso son: para nataci\u00f3n el 18 y 22 de marzo, y para preparaci\u00f3n f\u00edsica, el 20 de marzo.<\/p>\n\n\n\n<p>La documentaci\u00f3n a presentar el 11 de marzo incluye: t\u00edtulo secundario o constancia de t\u00edtulo en tr\u00e1mite, certificado m\u00e9dico completo, fotocopia de DNI y 4 fotos 4&#215;4.&nbsp;<\/p>\n\n\n\n<p>Para obtener informaci\u00f3n adicional, se puede acceder a&nbsp;<a href=\"https:\/\/lamatanza.gov.ar\/inscripcion-guardavidas\" target=\"_blank\" rel=\"noreferrer noopener\">https:\/\/lamatanza.gov.ar\/inscripcion-guardavidas<\/a>&nbsp;<\/p>\n","protected":false},"excerpt":{"rendered":"<p>El Municipio de La Matanza, a trav&eacute;s de la Secretar&iacute;a de Deportes y Recreaci&oacute;n, anuncia la apertura de inscripciones para la formaci&oacute;n de guardavidas. La Escuela municipal se erige como un pilar fundamental en la preparaci&oacute;n de socorristas altamente calificados, fomentando valores de responsabilidad, destreza t&eacute;cnica y compromiso con la prevenci&oacute;n.&nbsp; La Escuela municipal de &hellip; <\/p>\n","protected":false},"author":5,"featured_media":10065,"comment_status":"closed","ping_status":"closed","sticky":false,"template":"","format":"standard","meta":{"om_disable_all_campaigns":false,"_joinchat":[]},"categories":[26],"tags":[46,59,43],"featured_image_urls":{"full":["https:\/\/infotep.com.ar\/wp-content\/uploads\/2023\/12\/277-Se-encuentra-abierta-la-inscripcion-a-la-Escuela-de-Guardavidas-2.jpeg",1600,1066,false],"thumbnail":["https:\/\/infotep.com.ar\/wp-content\/uploads\/2023\/12\/277-Se-encuentra-abierta-la-inscripcion-a-la-Escuela-de-Guardavidas-2-150x150.jpeg",150,150,true],"medium":["https:\/\/infotep.com.ar\/wp-content\/uploads\/2023\/12\/277-Se-encuentra-abierta-la-inscripcion-a-la-Escuela-de-Guardavidas-2-300x200.jpeg",300,200,true],"medium_large":["https:\/\/infotep.com.ar\/wp-content\/uploads\/2023\/12\/277-Se-encuentra-abierta-la-inscripcion-a-la-Escuela-de-Guardavidas-2-768x512.jpeg",768,512,true],"large":["https:\/\/infotep.com.ar\/wp-content\/uploads\/2023\/12\/277-Se-encuentra-abierta-la-inscripcion-a-la-Escuela-de-Guardavidas-2-1024x682.jpeg",1020,679,true],"1536x1536":["https:\/\/infotep.com.ar\/wp-content\/uploads\/2023\/12\/277-Se-encuentra-abierta-la-inscripcion-a-la-Escuela-de-Guardavidas-2-1536x1023.jpeg",1536,1023,true],"2048x2048":["https:\/\/infotep.com.ar\/wp-content\/uploads\/2023\/12\/277-Se-encuentra-abierta-la-inscripcion-a-la-Escuela-de-Guardavidas-2.jpeg",1600,1066,false],"blossom-feminine-slider":["https:\/\/infotep.com.ar\/wp-content\/uploads\/2023\/12\/277-Se-encuentra-abierta-la-inscripcion-a-la-Escuela-de-Guardavidas-2-1600x649.jpeg",1600,649,true],"blossom-feminine-featured":["https:\/\/infotep.com.ar\/wp-content\/uploads\/2023\/12\/277-Se-encuentra-abierta-la-inscripcion-a-la-Escuela-de-Guardavidas-2-1410x600.jpeg",1410,600,true],"blossom-feminine-with-sidebar":["https:\/\/infotep.com.ar\/wp-content\/uploads\/2023\/12\/277-Se-encuentra-abierta-la-inscripcion-a-la-Escuela-de-Guardavidas-2-1020x600.jpeg",1020,600,true],"blossom-feminine-blog":["https:\/\/infotep.com.ar\/wp-content\/uploads\/2023\/12\/277-Se-encuentra-abierta-la-inscripcion-a-la-Escuela-de-Guardavidas-2-435x435.jpeg",435,435,true],"blossom-feminine-cat":["https:\/\/infotep.com.ar\/wp-content\/uploads\/2023\/12\/277-Se-encuentra-abierta-la-inscripcion-a-la-Escuela-de-Guardavidas-2-450x300.jpeg",450,300,true],"blossom-feminine-related":["https:\/\/infotep.com.ar\/wp-content\/uploads\/2023\/12\/277-Se-encuentra-abierta-la-inscripcion-a-la-Escuela-de-Guardavidas-2-320x200.jpeg",320,200,true],"blossom-feminine-schema":["https:\/\/infotep.com.ar\/wp-content\/uploads\/2023\/12\/277-Se-encuentra-abierta-la-inscripcion-a-la-Escuela-de-Guardavidas-2-90x60.jpeg",90,60,true],"blossom-mommy-blog-slider-big":["https:\/\/infotep.com.ar\/wp-content\/uploads\/2023\/12\/277-Se-encuentra-abierta-la-inscripcion-a-la-Escuela-de-Guardavidas-2-920x650.jpeg",920,650,true],"blossom-mommy-blog-slider":["https:\/\/infotep.com.ar\/wp-content\/uploads\/2023\/12\/277-Se-encuentra-abierta-la-inscripcion-a-la-Escuela-de-Guardavidas-2-460x310.jpeg",460,310,true],"blossom-mommy-blog-two":["https:\/\/infotep.com.ar\/wp-content\/uploads\/2023\/12\/277-Se-encuentra-abierta-la-inscripcion-a-la-Escuela-de-Guardavidas-2-768x480.jpeg",768,480,true]},"author_info":{"info":["Angela Tobar"]},"category_info":"<a href=\"https:\/\/infotep.com.ar\/index.php\/category\/municipales\/la-matanza\/\" rel=\"category tag\">La Matanza<\/a>","tag_info":"La Matanza","comment_count":"0","_links":{"self":[{"href":"https:\/\/infotep.com.ar\/index.php\/wp-json\/wp\/v2\/posts\/10064"}],"collection":[{"href":"https:\/\/infotep.com.ar\/index.php\/wp-json\/wp\/v2\/posts"}],"about":[{"href":"https:\/\/infotep.com.ar\/index.php\/wp-json\/wp\/v2\/types\/post"}],"author":[{"embeddable":true,"href":"https:\/\/infotep.com.ar\/index.php\/wp-json\/wp\/v2\/users\/5"}],"replies":[{"embeddable":true,"href":"https:\/\/infotep.com.ar\/index.php\/wp-json\/wp\/v2\/comments?post=10064"}],"version-history":[{"count":1,"href":"https:\/\/infotep.com.ar\/index.php\/wp-json\/wp\/v2\/posts\/10064\/revisions"}],"predecessor-version":[{"id":10066,"href":"https:\/\/infotep.com.ar\/index.php\/wp-json\/wp\/v2\/posts\/10064\/revisions\/10066"}],"wp:featuredmedia":[{"embeddable":true,"href":"https:\/\/infotep.com.ar\/index.php\/wp-json\/wp\/v2\/media\/10065"}],"wp:attachment":[{"href":"https:\/\/infotep.com.ar\/index.php\/wp-json\/wp\/v2\/media?parent=10064"}],"wp:term":[{"taxonomy":"category","embeddable":true,"href":"https:\/\/infotep.com.ar\/index.php\/wp-json\/wp\/v2\/categories?post=10064"},{"taxonomy":"post_tag","embeddable":true,"href":"https:\/\/infotep.com.ar\/index.php\/wp-json\/wp\/v2\/tags?post=10064"}],"curies":[{"name":"wp","href":"https:\/\/api.w.org\/{rel}","templated":true}]}}