{"id":10133,"date":"2023-12-27T15:19:03","date_gmt":"2023-12-27T18:19:03","guid":{"rendered":"https:\/\/infotep.com.ar\/?p=10133"},"modified":"2023-12-27T15:19:04","modified_gmt":"2023-12-27T18:19:04","slug":"verano-en-ituzaingo-abrio-la-inscripcion-para-las-colonias-de-verano","status":"publish","type":"post","link":"https:\/\/infotep.com.ar\/index.php\/2023\/12\/27\/verano-en-ituzaingo-abrio-la-inscripcion-para-las-colonias-de-verano\/","title":{"rendered":"Verano en Ituzaing\u00f3: Abri\u00f3 la inscripci\u00f3n para las colonias de verano"},"content":{"rendered":"\n<p>En Ituzaing\u00f3 ya se encuentra abierta la inscripci\u00f3n a las colonias de verano. El programa 2024 incluye actividades recreativas y deportivas gratuitas y con cupo limitado para vecinos y vecinas de todas las edades.<\/p>\n\n\n\n<p>Los vecinos y vecinas con domicilio en Ituzaing\u00f3 tendr\u00e1n prioridad para inscribirse a las colonias que se desarrollar\u00e1n en:<\/p>\n\n\n\n<p>Polideportivo La Torcaza (Pringles y Brandsen)<br>CIC Barrio nuevo (Alsina 4349)<br>Centro Okinawense (para adultos mayores) (Del Omb\u00fa 2106)<\/p>\n\n\n\n<p><strong>Para inscribirse deber\u00e1n acercarse de lunes a viernes de 8 a 19hs al Polideportivo la Torcaza (Pringles y Brandsen), al Polideportivo San Alberto (Grecia 2640), o a cualquiera de los Centros de Desarrollo Social (lista y direcciones en este enlace: https:\/\/bit.ly\/3GExvEa).<\/strong><\/p>\n\n\n\n<p class=\"has-light-green-cyan-background-color has-background\">Al momento de la inscripci\u00f3n deber\u00e1n presentar la siguiente documentaci\u00f3n (original y copia)<br>DNI<br>Carnet de Obra Social (si est\u00e1 afiliado\/a)<br>Formulario de inscripci\u00f3n completo (disponible en la sede)<\/p>\n\n\n\n<p>Cabe destacar que las personas con discapacidad deber\u00e1n realizar una entrevista personal coordinada previamente por tel\u00e9fono al 4621-9622 y presentar, adem\u00e1s, el Certificado de discapacidad y el calendario de vacunas actualizado.<\/p>\n\n\n\n<p>A continuaci\u00f3n se detallan los d\u00edas, horarios y lugares de las distintas actividades:<\/p>\n\n\n\n<p>Ni\u00f1os y ni\u00f1as de 5 a 12 a\u00f1os: desde el 8\/1, de lunes a viernes de 14 a 17:30hs (Polideportivo La Torcaza y CIC Barrio Nuevo)<br>Adolescentes de 13 a 17 a\u00f1os: desde el 8\/1, de lunes a viernes de 15 a 18:30hs (Polideportivo La Torcaza y CIC Barrio Nuevo).<br>Personas con discapacidad: desde el 8\/1, de lunes a viernes de 9 a 12hs (Polideportivo La Torcaza).<br>Ni\u00f1os y ni\u00f1as de 6 a 12 a\u00f1os con Trastorno del Espectro Autista: desde el 9\/1, martes y jueves de 10 a 12hs (Polideportivo La Torcaza)<br>Personas mayores a 55 a\u00f1os: desde el 2\/1, de lunes a viernes de 9:30 a 16:30 (Centro Okinawense).<\/p>\n\n\n\n<p>Asimismo, los adultos mayores de 18 a\u00f1os podr\u00e1n realizar las actividades del programa Ituzaing\u00f3 Saludable entre las que se destacan las clases de Zumba, Yoga, Bici Fija, Tenis, Tenis Senior, Acondicionamiento F\u00edsico, Entrenamiento Funcional y Zumba Gold en los Centros de Desarrollo Social y Polideportivos. Por otra parte, la comunidad podr\u00e1 hacer uso de las instalaciones del Polideportivo La Torcaza los s\u00e1bados, domingos y feriados de 9 a 21hs, incluido el natatorio, con costo adicional diferenciado para vecinos y vecinas de Ituzaing\u00f3.<\/p>\n\n\n\n<p><\/p>\n","protected":false},"excerpt":{"rendered":"<p>En Ituzaing&oacute; ya se encuentra abierta la inscripci&oacute;n a las colonias de verano. El programa 2024 incluye actividades recreativas y deportivas gratuitas y con cupo limitado para vecinos y vecinas de todas las edades. Los vecinos y vecinas con domicilio en Ituzaing&oacute; tendr&aacute;n prioridad para inscribirse a las colonias que se desarrollar&aacute;n en: Polideportivo La &hellip; <\/p>\n","protected":false},"author":5,"featured_media":10134,"comment_status":"closed","ping_status":"closed","sticky":false,"template":"","format":"standard","meta":{"om_disable_all_campaigns":false,"_joinchat":[]},"categories":[31,8],"tags":[46,51,43],"featured_image_urls":{"full":["https:\/\/infotep.com.ar\/wp-content\/uploads\/2023\/12\/Colonias-de-verano.jpg",1600,1067,false],"thumbnail":["https:\/\/infotep.com.ar\/wp-content\/uploads\/2023\/12\/Colonias-de-verano-150x150.jpg",150,150,true],"medium":["https:\/\/infotep.com.ar\/wp-content\/uploads\/2023\/12\/Colonias-de-verano-300x200.jpg",300,200,true],"medium_large":["https:\/\/infotep.com.ar\/wp-content\/uploads\/2023\/12\/Colonias-de-verano-768x512.jpg",768,512,true],"large":["https:\/\/infotep.com.ar\/wp-content\/uploads\/2023\/12\/Colonias-de-verano-1024x683.jpg",1020,680,true],"1536x1536":["https:\/\/infotep.com.ar\/wp-content\/uploads\/2023\/12\/Colonias-de-verano-1536x1024.jpg",1536,1024,true],"2048x2048":["https:\/\/infotep.com.ar\/wp-content\/uploads\/2023\/12\/Colonias-de-verano.jpg",1600,1067,false],"blossom-feminine-slider":["https:\/\/infotep.com.ar\/wp-content\/uploads\/2023\/12\/Colonias-de-verano-1600x649.jpg",1600,649,true],"blossom-feminine-featured":["https:\/\/infotep.com.ar\/wp-content\/uploads\/2023\/12\/Colonias-de-verano-1410x600.jpg",1410,600,true],"blossom-feminine-with-sidebar":["https:\/\/infotep.com.ar\/wp-content\/uploads\/2023\/12\/Colonias-de-verano-1020x600.jpg",1020,600,true],"blossom-feminine-blog":["https:\/\/infotep.com.ar\/wp-content\/uploads\/2023\/12\/Colonias-de-verano-435x435.jpg",435,435,true],"blossom-feminine-cat":["https:\/\/infotep.com.ar\/wp-content\/uploads\/2023\/12\/Colonias-de-verano-450x300.jpg",450,300,true],"blossom-feminine-related":["https:\/\/infotep.com.ar\/wp-content\/uploads\/2023\/12\/Colonias-de-verano-320x200.jpg",320,200,true],"blossom-feminine-schema":["https:\/\/infotep.com.ar\/wp-content\/uploads\/2023\/12\/Colonias-de-verano-90x60.jpg",90,60,true],"blossom-mommy-blog-slider-big":["https:\/\/infotep.com.ar\/wp-content\/uploads\/2023\/12\/Colonias-de-verano-920x650.jpg",920,650,true],"blossom-mommy-blog-slider":["https:\/\/infotep.com.ar\/wp-content\/uploads\/2023\/12\/Colonias-de-verano-460x310.jpg",460,310,true],"blossom-mommy-blog-two":["https:\/\/infotep.com.ar\/wp-content\/uploads\/2023\/12\/Colonias-de-verano-768x480.jpg",768,480,true]},"author_info":{"info":["Angela Tobar"]},"category_info":"<a href=\"https:\/\/infotep.com.ar\/index.php\/category\/destacadas\/\" rel=\"category tag\">Destacadas<\/a> <a href=\"https:\/\/infotep.com.ar\/index.php\/category\/municipales\/ituzaingo\/\" rel=\"category tag\">Ituzaing\u00f3<\/a>","tag_info":"Ituzaing\u00f3","comment_count":"0","_links":{"self":[{"href":"https:\/\/infotep.com.ar\/index.php\/wp-json\/wp\/v2\/posts\/10133"}],"collection":[{"href":"https:\/\/infotep.com.ar\/index.php\/wp-json\/wp\/v2\/posts"}],"about":[{"href":"https:\/\/infotep.com.ar\/index.php\/wp-json\/wp\/v2\/types\/post"}],"author":[{"embeddable":true,"href":"https:\/\/infotep.com.ar\/index.php\/wp-json\/wp\/v2\/users\/5"}],"replies":[{"embeddable":true,"href":"https:\/\/infotep.com.ar\/index.php\/wp-json\/wp\/v2\/comments?post=10133"}],"version-history":[{"count":1,"href":"https:\/\/infotep.com.ar\/index.php\/wp-json\/wp\/v2\/posts\/10133\/revisions"}],"predecessor-version":[{"id":10135,"href":"https:\/\/infotep.com.ar\/index.php\/wp-json\/wp\/v2\/posts\/10133\/revisions\/10135"}],"wp:featuredmedia":[{"embeddable":true,"href":"https:\/\/infotep.com.ar\/index.php\/wp-json\/wp\/v2\/media\/10134"}],"wp:attachment":[{"href":"https:\/\/infotep.com.ar\/index.php\/wp-json\/wp\/v2\/media?parent=10133"}],"wp:term":[{"taxonomy":"category","embeddable":true,"href":"https:\/\/infotep.com.ar\/index.php\/wp-json\/wp\/v2\/categories?post=10133"},{"taxonomy":"post_tag","embeddable":true,"href":"https:\/\/infotep.com.ar\/index.php\/wp-json\/wp\/v2\/tags?post=10133"}],"curies":[{"name":"wp","href":"https:\/\/api.w.org\/{rel}","templated":true}]}}