{"id":10162,"date":"2023-12-28T09:48:00","date_gmt":"2023-12-28T12:48:00","guid":{"rendered":"https:\/\/infotep.com.ar\/?p=10162"},"modified":"2023-12-27T21:51:16","modified_gmt":"2023-12-28T00:51:16","slug":"se-realizara-la-feria-de-fin-de-ano-en-el-mercado-popular-de-moreno","status":"publish","type":"post","link":"https:\/\/infotep.com.ar\/index.php\/2023\/12\/28\/se-realizara-la-feria-de-fin-de-ano-en-el-mercado-popular-de-moreno\/","title":{"rendered":"Se realizar\u00e1 la feria de fin de a\u00f1o en el mercado popular de Moreno"},"content":{"rendered":"\n<p>Del 27 al 30 de diciembre, de 8 a 18 horas, en la plaza San Mart\u00edn<\/p>\n\n\n\n<p>El Municipio de Moreno realizar\u00e1 la \u201cFeria de fin de a\u00f1o\u201d, donde las y los productores locales ofrecer\u00e1n una amplia variedad de opciones a precios accesibles, entre ellos: carnes, frutas y verduras, productos locales, artesan\u00edas y m\u00e1s.<\/p>\n\n\n\n<p>La Feria de Fin de A\u00f1o, organizada por el Mercado de la Econom\u00eda Popular, cumple 10 a\u00f1os y en esta oportunidad se llevar\u00e1 adelante del 27 al 30 de diciembre, de 8 a 18 horas, en la plaza San Mart\u00edn.<\/p>\n","protected":false},"excerpt":{"rendered":"<p>Del 27 al 30 de diciembre, de 8 a 18 horas, en la plaza San Mart&iacute;n El Municipio de Moreno realizar&aacute; la &ldquo;Feria de fin de a&ntilde;o&rdquo;, donde las y los productores locales ofrecer&aacute;n una amplia variedad de opciones a precios accesibles, entre ellos: carnes, frutas y verduras, productos locales, artesan&iacute;as y m&aacute;s. La Feria &hellip; <\/p>\n","protected":false},"author":5,"featured_media":10163,"comment_status":"closed","ping_status":"closed","sticky":false,"template":"","format":"standard","meta":{"om_disable_all_campaigns":false,"_joinchat":[]},"categories":[85],"tags":[46,43],"featured_image_urls":{"full":["https:\/\/infotep.com.ar\/wp-content\/uploads\/2023\/12\/pan-dulce.jpg",819,498,false],"thumbnail":["https:\/\/infotep.com.ar\/wp-content\/uploads\/2023\/12\/pan-dulce-150x150.jpg",150,150,true],"medium":["https:\/\/infotep.com.ar\/wp-content\/uploads\/2023\/12\/pan-dulce-300x182.jpg",300,182,true],"medium_large":["https:\/\/infotep.com.ar\/wp-content\/uploads\/2023\/12\/pan-dulce-768x467.jpg",768,467,true],"large":["https:\/\/infotep.com.ar\/wp-content\/uploads\/2023\/12\/pan-dulce.jpg",819,498,false],"1536x1536":["https:\/\/infotep.com.ar\/wp-content\/uploads\/2023\/12\/pan-dulce.jpg",819,498,false],"2048x2048":["https:\/\/infotep.com.ar\/wp-content\/uploads\/2023\/12\/pan-dulce.jpg",819,498,false],"blossom-feminine-slider":["https:\/\/infotep.com.ar\/wp-content\/uploads\/2023\/12\/pan-dulce.jpg",819,498,false],"blossom-feminine-featured":["https:\/\/infotep.com.ar\/wp-content\/uploads\/2023\/12\/pan-dulce.jpg",819,498,false],"blossom-feminine-with-sidebar":["https:\/\/infotep.com.ar\/wp-content\/uploads\/2023\/12\/pan-dulce.jpg",819,498,false],"blossom-feminine-blog":["https:\/\/infotep.com.ar\/wp-content\/uploads\/2023\/12\/pan-dulce-435x435.jpg",435,435,true],"blossom-feminine-cat":["https:\/\/infotep.com.ar\/wp-content\/uploads\/2023\/12\/pan-dulce-450x300.jpg",450,300,true],"blossom-feminine-related":["https:\/\/infotep.com.ar\/wp-content\/uploads\/2023\/12\/pan-dulce-320x200.jpg",320,200,true],"blossom-feminine-schema":["https:\/\/infotep.com.ar\/wp-content\/uploads\/2023\/12\/pan-dulce-99x60.jpg",99,60,true],"blossom-mommy-blog-slider-big":["https:\/\/infotep.com.ar\/wp-content\/uploads\/2023\/12\/pan-dulce.jpg",819,498,false],"blossom-mommy-blog-slider":["https:\/\/infotep.com.ar\/wp-content\/uploads\/2023\/12\/pan-dulce-460x310.jpg",460,310,true],"blossom-mommy-blog-two":["https:\/\/infotep.com.ar\/wp-content\/uploads\/2023\/12\/pan-dulce-768x480.jpg",768,480,true]},"author_info":{"info":["Angela Tobar"]},"category_info":"<a href=\"https:\/\/infotep.com.ar\/index.php\/category\/municipales\/moreno\/\" rel=\"category tag\">Moreno<\/a>","tag_info":"Moreno","comment_count":"0","_links":{"self":[{"href":"https:\/\/infotep.com.ar\/index.php\/wp-json\/wp\/v2\/posts\/10162"}],"collection":[{"href":"https:\/\/infotep.com.ar\/index.php\/wp-json\/wp\/v2\/posts"}],"about":[{"href":"https:\/\/infotep.com.ar\/index.php\/wp-json\/wp\/v2\/types\/post"}],"author":[{"embeddable":true,"href":"https:\/\/infotep.com.ar\/index.php\/wp-json\/wp\/v2\/users\/5"}],"replies":[{"embeddable":true,"href":"https:\/\/infotep.com.ar\/index.php\/wp-json\/wp\/v2\/comments?post=10162"}],"version-history":[{"count":1,"href":"https:\/\/infotep.com.ar\/index.php\/wp-json\/wp\/v2\/posts\/10162\/revisions"}],"predecessor-version":[{"id":10164,"href":"https:\/\/infotep.com.ar\/index.php\/wp-json\/wp\/v2\/posts\/10162\/revisions\/10164"}],"wp:featuredmedia":[{"embeddable":true,"href":"https:\/\/infotep.com.ar\/index.php\/wp-json\/wp\/v2\/media\/10163"}],"wp:attachment":[{"href":"https:\/\/infotep.com.ar\/index.php\/wp-json\/wp\/v2\/media?parent=10162"}],"wp:term":[{"taxonomy":"category","embeddable":true,"href":"https:\/\/infotep.com.ar\/index.php\/wp-json\/wp\/v2\/categories?post=10162"},{"taxonomy":"post_tag","embeddable":true,"href":"https:\/\/infotep.com.ar\/index.php\/wp-json\/wp\/v2\/tags?post=10162"}],"curies":[{"name":"wp","href":"https:\/\/api.w.org\/{rel}","templated":true}]}}