{"id":10337,"date":"2024-01-05T17:49:38","date_gmt":"2024-01-05T20:49:38","guid":{"rendered":"https:\/\/infotep.com.ar\/?p=10337"},"modified":"2024-01-05T17:49:41","modified_gmt":"2024-01-05T20:49:41","slug":"la-justicia-dio-curso-al-amparo-de-500-intendentes-contra-el-dnu-de-milei","status":"publish","type":"post","link":"https:\/\/infotep.com.ar\/index.php\/2024\/01\/05\/la-justicia-dio-curso-al-amparo-de-500-intendentes-contra-el-dnu-de-milei\/","title":{"rendered":"La Justicia dio curso al amparo de 500 intendentes contra el DNU de Milei"},"content":{"rendered":"\n<p>El juez Enrique Lavi\u00e9 Pico acept\u00f3 la presentaci\u00f3n del medio millar de jefes comunales bonaerenses, quienes cuestionaron la constitucionalidad de la medida impulsada por el gobierno para desregular la econom\u00eda. &#8220;Es una amenaza sobre el sistema democr\u00e1tico&#8221;, hab\u00eda advertido Fernando Espinoza.<\/p>\n\n\n\n<p><\/p>\n\n\n\n<p class=\"has-light-green-cyan-background-color has-background\">La Federaci\u00f3n Argentina de Municipios (FAM) inform\u00f3 este viernes que el Juzgado en lo Contencioso Administrativo Federal n\u00b06 dio curso al recurso de amparo presentado por 500 intendentes contra el decreto de necesidad y urgencia (DNU) de desregulaci\u00f3n econ\u00f3mica presentado por el presidente Javier Milei.<\/p>\n\n\n\n<p>Seg\u00fan precis\u00f3 la FAM en un comunicado, el juez Enrique Lavi\u00e9 Pico dio curso a la acci\u00f3n presentada el martes 2 de enero, primer d\u00eda h\u00e1bil del a\u00f1o.<\/p>\n\n\n\n<p>En el recurso, que lleva la firma del presidente de la FAM e intendente de La Matanza, Fernando Espinoza, se pidi\u00f3 que se deje sin efecto el DNU 70\/2023 &#8220;hasta tanto se dicte sentencia pasada en autoridad de cosa juzgada&#8221;.<\/p>\n\n\n\n<p>A la vez, solicit\u00f3 &#8220;que se ordene, como medida urgente de protecci\u00f3n cautelar, la inmediata suspensi\u00f3n de los efectos del decreto hasta tanto las C\u00e1maras del Congreso de la Naci\u00f3n se expidan por la aceptaci\u00f3n o rechazo del Decreto 70\/23&#8221;.<\/p>\n\n\n\n<p><strong>&#8220;Desde la Federaci\u00f3n Argentina de Municipios hemos decidido trabajar para ponerle un freno al accionar inconstitucional que impulsa el Gobierno nacional de Javier Milei. Por eso, 500 intendentas e intendentes de todo el pa\u00eds presentamos este recurso de amparo ante la Justicia para frenar el DNU que avasalla los derechos de las argentinas y argentinos&#8221;, explic\u00f3 Espinoza en un comunicado.<\/strong><\/p>\n\n\n\n<p>Para el dirigente peronista, el decreto presidencial &#8220;afecta gravemente muchos aspectos de la vida de nuestras vecinas y vecinos, deja desprotegidos a nuestros jubilados y jubiladas, y atenta contra nuestras pymes y los productores regionales&#8221;.<\/p>\n\n\n\n<p>En el pedido de acci\u00f3n de amparo se se\u00f1al\u00f3 que &#8220;el decreto cuestionado viola el presupuesto de validez esencial fijado por la Constituci\u00f3n, por cuanto arremete contra el principio general consagrado por el art. 99 inciso 3\u00ba, que es la prohibici\u00f3n del Presidente de dictar disposiciones de car\u00e1cter legislativo&#8221;.<\/p>\n\n\n\n<p>&#8220;Pero para ello, y sin la intermediaci\u00f3n -como corresponde- del Congreso, prefiri\u00f3 arrogarse facultades extraordinarias equivalentes a ejercer la suma del poder p\u00fablico y as\u00ed derogar el siguiente paquete normativo de amplia vigencia en el pa\u00eds&#8221;, mencion\u00f3.<\/p>\n\n\n\n<p>Y se sostuvo que el DNU &#8220;viola el principio rector que sustenta el estatuto del poder: la separaci\u00f3n de poderes y conduce a la suma del poder p\u00fablico&#8221; y se destaca que &#8220;constituye una amenaza cierta e inmediata sobre el sistema democr\u00e1tico&#8221;.<\/p>\n\n\n\n<p>En ese sentido, Espinoza consider\u00f3 que &#8220;a d\u00edas de haber asumido Milei, ya se gener\u00f3 un antes y un despu\u00e9s en la Argentina. Vemos c\u00f3mo se van cayendo argentinos del sistema laboral y c\u00f3mo se est\u00e1 generando un desmoronamiento del poder econ\u00f3mico de todo el pueblo&#8221;, afirm\u00f3.<\/p>\n\n\n\n<p>&#8220;Nosotros, como primer escal\u00f3n de la democracia, tenemos la responsabilidad de defender las voces de millones de mujeres, hombres, abuelas y abuelos, estudiantes, trabajadores y trabajadoras y pymes, productores rurales y regionales que representamos en cada una de nuestras ciudades&#8221;, dijo.<\/p>\n","protected":false},"excerpt":{"rendered":"<p>El juez Enrique Lavi&eacute; Pico acept&oacute; la presentaci&oacute;n del medio millar de jefes comunales bonaerenses, quienes cuestionaron la constitucionalidad de la medida impulsada por el gobierno para desregular la econom&iacute;a. &ldquo;Es una amenaza sobre el sistema democr&aacute;tico&rdquo;, hab&iacute;a advertido Fernando Espinoza. La Federaci&oacute;n Argentina de Municipios (FAM) inform&oacute; este viernes que el Juzgado en lo &hellip; <\/p>\n","protected":false},"author":5,"featured_media":10338,"comment_status":"closed","ping_status":"closed","sticky":false,"template":"","format":"standard","meta":{"om_disable_all_campaigns":false,"_joinchat":[]},"categories":[26,4],"tags":[46,59,43],"featured_image_urls":{"full":["https:\/\/infotep.com.ar\/wp-content\/uploads\/2024\/01\/63eeb67ff370b_1200.jpg",1200,675,false],"thumbnail":["https:\/\/infotep.com.ar\/wp-content\/uploads\/2024\/01\/63eeb67ff370b_1200-150x150.jpg",150,150,true],"medium":["https:\/\/infotep.com.ar\/wp-content\/uploads\/2024\/01\/63eeb67ff370b_1200-300x169.jpg",300,169,true],"medium_large":["https:\/\/infotep.com.ar\/wp-content\/uploads\/2024\/01\/63eeb67ff370b_1200-768x432.jpg",768,432,true],"large":["https:\/\/infotep.com.ar\/wp-content\/uploads\/2024\/01\/63eeb67ff370b_1200-1024x576.jpg",1020,574,true],"1536x1536":["https:\/\/infotep.com.ar\/wp-content\/uploads\/2024\/01\/63eeb67ff370b_1200.jpg",1200,675,false],"2048x2048":["https:\/\/infotep.com.ar\/wp-content\/uploads\/2024\/01\/63eeb67ff370b_1200.jpg",1200,675,false],"blossom-feminine-slider":["https:\/\/infotep.com.ar\/wp-content\/uploads\/2024\/01\/63eeb67ff370b_1200-1200x649.jpg",1200,649,true],"blossom-feminine-featured":["https:\/\/infotep.com.ar\/wp-content\/uploads\/2024\/01\/63eeb67ff370b_1200-1200x600.jpg",1200,600,true],"blossom-feminine-with-sidebar":["https:\/\/infotep.com.ar\/wp-content\/uploads\/2024\/01\/63eeb67ff370b_1200-1020x600.jpg",1020,600,true],"blossom-feminine-blog":["https:\/\/infotep.com.ar\/wp-content\/uploads\/2024\/01\/63eeb67ff370b_1200-435x435.jpg",435,435,true],"blossom-feminine-cat":["https:\/\/infotep.com.ar\/wp-content\/uploads\/2024\/01\/63eeb67ff370b_1200-450x300.jpg",450,300,true],"blossom-feminine-related":["https:\/\/infotep.com.ar\/wp-content\/uploads\/2024\/01\/63eeb67ff370b_1200-320x200.jpg",320,200,true],"blossom-feminine-schema":["https:\/\/infotep.com.ar\/wp-content\/uploads\/2024\/01\/63eeb67ff370b_1200-107x60.jpg",107,60,true],"blossom-mommy-blog-slider-big":["https:\/\/infotep.com.ar\/wp-content\/uploads\/2024\/01\/63eeb67ff370b_1200-920x650.jpg",920,650,true],"blossom-mommy-blog-slider":["https:\/\/infotep.com.ar\/wp-content\/uploads\/2024\/01\/63eeb67ff370b_1200-460x310.jpg",460,310,true],"blossom-mommy-blog-two":["https:\/\/infotep.com.ar\/wp-content\/uploads\/2024\/01\/63eeb67ff370b_1200-768x480.jpg",768,480,true]},"author_info":{"info":["Angela Tobar"]},"category_info":"<a href=\"https:\/\/infotep.com.ar\/index.php\/category\/municipales\/la-matanza\/\" rel=\"category tag\">La Matanza<\/a> <a href=\"https:\/\/infotep.com.ar\/index.php\/category\/provinciales\/\" rel=\"category tag\">Provinciales<\/a>","tag_info":"Provinciales","comment_count":"0","_links":{"self":[{"href":"https:\/\/infotep.com.ar\/index.php\/wp-json\/wp\/v2\/posts\/10337"}],"collection":[{"href":"https:\/\/infotep.com.ar\/index.php\/wp-json\/wp\/v2\/posts"}],"about":[{"href":"https:\/\/infotep.com.ar\/index.php\/wp-json\/wp\/v2\/types\/post"}],"author":[{"embeddable":true,"href":"https:\/\/infotep.com.ar\/index.php\/wp-json\/wp\/v2\/users\/5"}],"replies":[{"embeddable":true,"href":"https:\/\/infotep.com.ar\/index.php\/wp-json\/wp\/v2\/comments?post=10337"}],"version-history":[{"count":1,"href":"https:\/\/infotep.com.ar\/index.php\/wp-json\/wp\/v2\/posts\/10337\/revisions"}],"predecessor-version":[{"id":10339,"href":"https:\/\/infotep.com.ar\/index.php\/wp-json\/wp\/v2\/posts\/10337\/revisions\/10339"}],"wp:featuredmedia":[{"embeddable":true,"href":"https:\/\/infotep.com.ar\/index.php\/wp-json\/wp\/v2\/media\/10338"}],"wp:attachment":[{"href":"https:\/\/infotep.com.ar\/index.php\/wp-json\/wp\/v2\/media?parent=10337"}],"wp:term":[{"taxonomy":"category","embeddable":true,"href":"https:\/\/infotep.com.ar\/index.php\/wp-json\/wp\/v2\/categories?post=10337"},{"taxonomy":"post_tag","embeddable":true,"href":"https:\/\/infotep.com.ar\/index.php\/wp-json\/wp\/v2\/tags?post=10337"}],"curies":[{"name":"wp","href":"https:\/\/api.w.org\/{rel}","templated":true}]}}