{"id":10343,"date":"2024-01-08T15:34:43","date_gmt":"2024-01-08T18:34:43","guid":{"rendered":"https:\/\/infotep.com.ar\/?p=10343"},"modified":"2024-01-08T15:34:44","modified_gmt":"2024-01-08T18:34:44","slug":"habilitan-la-feria-judicial-para-tratar-el-amparo-de-la-federacion-de-municipios-contra-el-dnu","status":"publish","type":"post","link":"https:\/\/infotep.com.ar\/index.php\/2024\/01\/08\/habilitan-la-feria-judicial-para-tratar-el-amparo-de-la-federacion-de-municipios-contra-el-dnu\/","title":{"rendered":"Habilitan la feria judicial para tratar el amparo de la Federaci\u00f3n de Municipios contra el DNU"},"content":{"rendered":"\n<p><\/p>\n\n\n\n<p>El juez del fuero contencioso administrativo federal Enrique Lavi\u00e9 Pico habilit\u00f3 hoy la feria judicial para tratar el planteo de la Federaci\u00f3n Argentina de Municipios (FAM) contra el DNU de desregulaci\u00f3n de la econom\u00eda presentado por el presidente Javier Milei.<\/p>\n\n\n\n<p>El magistrado habilit\u00f3 tambi\u00e9n la feria judicial para dar tr\u00e1mite a la presentaci\u00f3n realizada por la Asociaci\u00f3n Civil Inquilinos Agrupados, seg\u00fan pudo constatar T\u00e9lam a trav\u00e9s de la b\u00fasqueda en el sistema inform\u00e1tico del Poder Judicial de la Naci\u00f3n.<\/p>\n\n\n\n<p>La Federaci\u00f3n Argentina de Municipios (FAM), encabezada por el intendente de La Matanza, Fernando Espinoza, pidi\u00f3 que se deje sin efecto el DNU 70\/2023 hasta tanto se dicte sentencia pasada en autoridad de cosa juzgada, seg\u00fan inform\u00f3 la propia FAM el viernes a trav\u00e9s de un comunicado.<\/p>\n\n\n\n<p><strong>A la vez, solicit\u00f3 que &#8220;se ordene, como medida urgente de protecci\u00f3n cautelar, la inmediata suspensi\u00f3n de los efectos del decreto hasta tanto las C\u00e1maras del Congreso de la Naci\u00f3n se expidan por la aceptaci\u00f3n o rechazo del Decreto 70\/23&#8221;.<\/strong><\/p>\n\n\n\n<p class=\"has-light-green-cyan-background-color has-background\">&#8220;Desde la FAM hemos decidido trabajar para ponerle un freno al accionar inconstitucional que impulsa el Gobierno de Milei. Por eso, 500 intendentas e intendentes de todo el pa\u00eds presentamos este recurso de amparo ante la Justicia para frenar el DNU que avasalla los derechos de las argentinas y argentinos&#8221;, explic\u00f3 Espinoza en el comunicado.<\/p>\n\n\n\n<p>Para el dirigente peronista, el decreto presidencial &#8220;afecta gravemente muchos aspectos de la vida de nuestras vecinas y vecinos, deja desprotegidos a nuestros jubilados y jubiladas, y atenta contra nuestras pymes y los productores regionales&#8221;.<\/p>\n\n\n\n<p>En el pedido de acci\u00f3n de amparo se se\u00f1al\u00f3 que &#8220;el decreto cuestionado viola el presupuesto de validez esencial fijado por la Constituci\u00f3n, por cuanto arremete contra el principio general consagrado por el art\u00edculo 99 inciso 3, que es la prohibici\u00f3n del Presidente de dictar disposiciones de car\u00e1cter legislativo&#8221;.<\/p>\n\n\n\n<p>&#8220;Pero para ello, y sin la intermediaci\u00f3n -como corresponde- del Congreso, prefiri\u00f3 arrogarse facultades extraordinarias equivalentes a ejercer la suma del poder p\u00fablico y as\u00ed derogar el siguiente paquete normativo de amplia vigencia en el pa\u00eds&#8221;, mencion\u00f3.<\/p>\n\n\n\n<p>Y se sostuvo que el DNU &#8220;viola el principio rector que sustenta el estatuto del poder&#8221;, en referencia a &#8220;la separaci\u00f3n de poderes&#8221; y &#8220;conduce a la suma del poder p\u00fablico&#8221;, lo que &#8220;constituye una amenaza cierta e inmediata sobre el sistema democr\u00e1tico&#8221;.<\/p>\n\n\n\n<p>Espinoza consider\u00f3 que &#8220;a d\u00edas de haber asumido Milei, ya se gener\u00f3 un antes y un despu\u00e9s en la Argentina. Vemos c\u00f3mo se van cayendo argentinos del sistema laboral y c\u00f3mo se est\u00e1 generando un desmoronamiento del poder econ\u00f3mico de todo el pueblo&#8221;, advirti\u00f3.<\/p>\n\n\n\n<p>&#8220;Nosotros, como primer escal\u00f3n de la democracia, tenemos la responsabilidad de defender las voces de millones de mujeres, hombres, abuelas y abuelos, estudiantes, trabajadores y trabajadoras y pymes, productores rurales y regionales que representamos en cada una de nuestras ciudades&#8221;, concluy\u00f3.<\/p>\n","protected":false},"excerpt":{"rendered":"<p>El juez del fuero contencioso administrativo federal Enrique Lavi&eacute; Pico habilit&oacute; hoy la feria judicial para tratar el planteo de la Federaci&oacute;n Argentina de Municipios (FAM) contra el DNU de desregulaci&oacute;n de la econom&iacute;a presentado por el presidente Javier Milei. El magistrado habilit&oacute; tambi&eacute;n la feria judicial para dar tr&aacute;mite a la presentaci&oacute;n realizada por &hellip; <\/p>\n","protected":false},"author":5,"featured_media":10344,"comment_status":"closed","ping_status":"closed","sticky":false,"template":"","format":"standard","meta":{"om_disable_all_campaigns":false,"_joinchat":[]},"categories":[31,26,4],"tags":[60,46,59,43],"featured_image_urls":{"full":["https:\/\/infotep.com.ar\/wp-content\/uploads\/2024\/01\/espinoza.webp",790,527,false],"thumbnail":["https:\/\/infotep.com.ar\/wp-content\/uploads\/2024\/01\/espinoza-150x150.webp",150,150,true],"medium":["https:\/\/infotep.com.ar\/wp-content\/uploads\/2024\/01\/espinoza-300x200.webp",300,200,true],"medium_large":["https:\/\/infotep.com.ar\/wp-content\/uploads\/2024\/01\/espinoza-768x512.webp",768,512,true],"large":["https:\/\/infotep.com.ar\/wp-content\/uploads\/2024\/01\/espinoza.webp",790,527,false],"1536x1536":["https:\/\/infotep.com.ar\/wp-content\/uploads\/2024\/01\/espinoza.webp",790,527,false],"2048x2048":["https:\/\/infotep.com.ar\/wp-content\/uploads\/2024\/01\/espinoza.webp",790,527,false],"blossom-feminine-slider":["https:\/\/infotep.com.ar\/wp-content\/uploads\/2024\/01\/espinoza.webp",790,527,false],"blossom-feminine-featured":["https:\/\/infotep.com.ar\/wp-content\/uploads\/2024\/01\/espinoza.webp",790,527,false],"blossom-feminine-with-sidebar":["https:\/\/infotep.com.ar\/wp-content\/uploads\/2024\/01\/espinoza.webp",790,527,false],"blossom-feminine-blog":["https:\/\/infotep.com.ar\/wp-content\/uploads\/2024\/01\/espinoza-435x435.webp",435,435,true],"blossom-feminine-cat":["https:\/\/infotep.com.ar\/wp-content\/uploads\/2024\/01\/espinoza-450x300.webp",450,300,true],"blossom-feminine-related":["https:\/\/infotep.com.ar\/wp-content\/uploads\/2024\/01\/espinoza-320x200.webp",320,200,true],"blossom-feminine-schema":["https:\/\/infotep.com.ar\/wp-content\/uploads\/2024\/01\/espinoza-90x60.webp",90,60,true],"blossom-mommy-blog-slider-big":["https:\/\/infotep.com.ar\/wp-content\/uploads\/2024\/01\/espinoza.webp",790,527,false],"blossom-mommy-blog-slider":["https:\/\/infotep.com.ar\/wp-content\/uploads\/2024\/01\/espinoza-460x310.webp",460,310,true],"blossom-mommy-blog-two":["https:\/\/infotep.com.ar\/wp-content\/uploads\/2024\/01\/espinoza-768x480.webp",768,480,true]},"author_info":{"info":["Angela Tobar"]},"category_info":"<a href=\"https:\/\/infotep.com.ar\/index.php\/category\/destacadas\/\" rel=\"category tag\">Destacadas<\/a> <a href=\"https:\/\/infotep.com.ar\/index.php\/category\/municipales\/la-matanza\/\" rel=\"category tag\">La Matanza<\/a> <a href=\"https:\/\/infotep.com.ar\/index.php\/category\/provinciales\/\" rel=\"category tag\">Provinciales<\/a>","tag_info":"Provinciales","comment_count":"0","_links":{"self":[{"href":"https:\/\/infotep.com.ar\/index.php\/wp-json\/wp\/v2\/posts\/10343"}],"collection":[{"href":"https:\/\/infotep.com.ar\/index.php\/wp-json\/wp\/v2\/posts"}],"about":[{"href":"https:\/\/infotep.com.ar\/index.php\/wp-json\/wp\/v2\/types\/post"}],"author":[{"embeddable":true,"href":"https:\/\/infotep.com.ar\/index.php\/wp-json\/wp\/v2\/users\/5"}],"replies":[{"embeddable":true,"href":"https:\/\/infotep.com.ar\/index.php\/wp-json\/wp\/v2\/comments?post=10343"}],"version-history":[{"count":1,"href":"https:\/\/infotep.com.ar\/index.php\/wp-json\/wp\/v2\/posts\/10343\/revisions"}],"predecessor-version":[{"id":10345,"href":"https:\/\/infotep.com.ar\/index.php\/wp-json\/wp\/v2\/posts\/10343\/revisions\/10345"}],"wp:featuredmedia":[{"embeddable":true,"href":"https:\/\/infotep.com.ar\/index.php\/wp-json\/wp\/v2\/media\/10344"}],"wp:attachment":[{"href":"https:\/\/infotep.com.ar\/index.php\/wp-json\/wp\/v2\/media?parent=10343"}],"wp:term":[{"taxonomy":"category","embeddable":true,"href":"https:\/\/infotep.com.ar\/index.php\/wp-json\/wp\/v2\/categories?post=10343"},{"taxonomy":"post_tag","embeddable":true,"href":"https:\/\/infotep.com.ar\/index.php\/wp-json\/wp\/v2\/tags?post=10343"}],"curies":[{"name":"wp","href":"https:\/\/api.w.org\/{rel}","templated":true}]}}