{"id":10397,"date":"2024-01-08T16:35:51","date_gmt":"2024-01-08T19:35:51","guid":{"rendered":"https:\/\/infotep.com.ar\/?p=10397"},"modified":"2024-01-08T16:35:52","modified_gmt":"2024-01-08T19:35:52","slug":"kicillof-convoco-a-docentes-y-estatales-para-revisar-las-paritarias","status":"publish","type":"post","link":"https:\/\/infotep.com.ar\/index.php\/2024\/01\/08\/kicillof-convoco-a-docentes-y-estatales-para-revisar-las-paritarias\/","title":{"rendered":"Kicillof convoc\u00f3 a docentes y estatales para revisar las paritarias"},"content":{"rendered":"\n<p>El gobierno de la provincia de Buenos Aires convoc\u00f3 al Frente de Unidad Docente Bonaerense (FUDB) y a los representantes sindicales de los trabajadores estatales de la administraci\u00f3n p\u00fablica bonaerense de la Ley 10.430 a rediscutir el \u00faltimo tramo de la paritaria del mes de diciembre.<br><br><strong>Seg\u00fan informaron fuentes del gobierno bonaerense, la convocatoria ser\u00e1 el pr\u00f3ximo martes 9 de enero para los docentes, a las 10 de la ma\u00f1ana, mientras que el encuentro con los estatales se realizar\u00e1 el mismo d\u00eda a las 15.<\/strong><\/p>\n\n\n\n<p>La convocatoria se anunci\u00f3 luego que esta semana, los gremios pidieran que se convoque a la Comisi\u00f3n T\u00e9cnica Salarial para discutir la actualizaci\u00f3n de haberes del \u00faltimo trimestre del a\u00f1o, con el prop\u00f3sito de \u00abhacerle frente a la inflaci\u00f3n de los \u00faltimos meses\u00bb, de acuerdo a lo consignado por voceros oficiales.<\/p>\n\n\n\n<p>La Uni\u00f3n del Personal Civil de la Naci\u00f3n (UPCN) le reclam\u00f3 ayer al gobernador bonaerense, Axel Kicillof, que, \u00abde manera urgente\u00bb, convoque a la reapertura de la paritaria salarial, a trav\u00e9s de una nota elevada al Ministerio de Trabajo de la provincia.<\/p>\n\n\n\n<p>\u00abLe solicitamos que tenga a bien arbitrar los medios necesarios para convocar de manera urgente a la reapertura de la mesa paritaria salarial para los trabajadores y trabajadoras de la Ley 10.430\u00bb, expres\u00f3 el escrito elevado por el secretario gremial de UPCN, Juan Pablo Mart\u00edn Oyarz\u00e1bal.<\/p>\n\n\n\n<p>La nota, dirigida al ministro de Trabajo provincial, Walter Correa, advirti\u00f3 sobre \u00abuna demora generada por los cambios de gesti\u00f3n en el mes de diciembre que han provocado el atraso en el cumplimiento de la cl\u00e1usula de reapertura prevista para el cierre del a\u00f1o 2023\u00bb.<\/p>\n\n\n\n<p>Este pedido, se suma al efectuado recientemente por la Asociaci\u00f3n de Trabajadores del Estado (ATE) y la Asociaci\u00f3n Judicial Bonaerense (AJB), para darle continuidad a la paritaria inconclusa de 2023 y \u00abhacerle frente a la inflaci\u00f3n de los \u00faltimos meses\u00bb.<\/p>\n\n\n\n<p>\u201cEstamos pidiendo de manera urgente la convocatoria a paritarias\u00bb, manifest\u00f3 Claudio Ar\u00e9valo, secretario general de ATE provincia, quien se mostr\u00f3 \u201cmuy preocupado\u201d y requiri\u00f3 que \u00abse atienda el pedido al calor de la espiral inflacionaria que se desat\u00f3 a partir de una serie de medidas dispuestas por el Gobierno nacional\u00bb expresaron al funcionario en la presentaci\u00f3n.<\/p>\n","protected":false},"excerpt":{"rendered":"<p>El gobierno de la provincia de Buenos Aires convoc&oacute; al Frente de Unidad Docente Bonaerense (FUDB) y a los representantes sindicales de los trabajadores estatales de la administraci&oacute;n p&uacute;blica bonaerense de la Ley 10.430 a rediscutir el &uacute;ltimo tramo de la paritaria del mes de diciembre. Seg&uacute;n informaron fuentes del gobierno bonaerense, la convocatoria ser&aacute; &hellip; <\/p>\n","protected":false},"author":5,"featured_media":4336,"comment_status":"closed","ping_status":"closed","sticky":false,"template":"","format":"standard","meta":{"om_disable_all_campaigns":false,"_joinchat":[]},"categories":[7,4],"tags":[46,43],"featured_image_urls":{"full":["https:\/\/infotep.com.ar\/wp-content\/uploads\/2023\/03\/kicillof-1.jpg",1920,1200,false],"thumbnail":["https:\/\/infotep.com.ar\/wp-content\/uploads\/2023\/03\/kicillof-1-150x150.jpg",150,150,true],"medium":["https:\/\/infotep.com.ar\/wp-content\/uploads\/2023\/03\/kicillof-1-300x188.jpg",300,188,true],"medium_large":["https:\/\/infotep.com.ar\/wp-content\/uploads\/2023\/03\/kicillof-1-768x480.jpg",768,480,true],"large":["https:\/\/infotep.com.ar\/wp-content\/uploads\/2023\/03\/kicillof-1-1024x640.jpg",1020,638,true],"1536x1536":["https:\/\/infotep.com.ar\/wp-content\/uploads\/2023\/03\/kicillof-1-1536x960.jpg",1536,960,true],"2048x2048":["https:\/\/infotep.com.ar\/wp-content\/uploads\/2023\/03\/kicillof-1.jpg",1920,1200,false],"blossom-feminine-slider":["https:\/\/infotep.com.ar\/wp-content\/uploads\/2023\/03\/kicillof-1-1920x649.jpg",1920,649,true],"blossom-feminine-featured":["https:\/\/infotep.com.ar\/wp-content\/uploads\/2023\/03\/kicillof-1-1410x600.jpg",1410,600,true],"blossom-feminine-with-sidebar":["https:\/\/infotep.com.ar\/wp-content\/uploads\/2023\/03\/kicillof-1-1020x600.jpg",1020,600,true],"blossom-feminine-blog":["https:\/\/infotep.com.ar\/wp-content\/uploads\/2023\/03\/kicillof-1-435x435.jpg",435,435,true],"blossom-feminine-cat":["https:\/\/infotep.com.ar\/wp-content\/uploads\/2023\/03\/kicillof-1-450x300.jpg",450,300,true],"blossom-feminine-related":["https:\/\/infotep.com.ar\/wp-content\/uploads\/2023\/03\/kicillof-1-320x200.jpg",320,200,true],"blossom-feminine-schema":["https:\/\/infotep.com.ar\/wp-content\/uploads\/2023\/03\/kicillof-1-96x60.jpg",96,60,true],"blossom-mommy-blog-slider-big":["https:\/\/infotep.com.ar\/wp-content\/uploads\/2023\/03\/kicillof-1-920x650.jpg",920,650,true],"blossom-mommy-blog-slider":["https:\/\/infotep.com.ar\/wp-content\/uploads\/2023\/03\/kicillof-1-460x310.jpg",460,310,true],"blossom-mommy-blog-two":["https:\/\/infotep.com.ar\/wp-content\/uploads\/2023\/03\/kicillof-1-768x480.jpg",768,480,true]},"author_info":{"info":["Angela Tobar"]},"category_info":"<a href=\"https:\/\/infotep.com.ar\/index.php\/category\/gremios\/\" rel=\"category tag\">Gremios<\/a> <a href=\"https:\/\/infotep.com.ar\/index.php\/category\/provinciales\/\" rel=\"category tag\">Provinciales<\/a>","tag_info":"Provinciales","comment_count":"0","_links":{"self":[{"href":"https:\/\/infotep.com.ar\/index.php\/wp-json\/wp\/v2\/posts\/10397"}],"collection":[{"href":"https:\/\/infotep.com.ar\/index.php\/wp-json\/wp\/v2\/posts"}],"about":[{"href":"https:\/\/infotep.com.ar\/index.php\/wp-json\/wp\/v2\/types\/post"}],"author":[{"embeddable":true,"href":"https:\/\/infotep.com.ar\/index.php\/wp-json\/wp\/v2\/users\/5"}],"replies":[{"embeddable":true,"href":"https:\/\/infotep.com.ar\/index.php\/wp-json\/wp\/v2\/comments?post=10397"}],"version-history":[{"count":1,"href":"https:\/\/infotep.com.ar\/index.php\/wp-json\/wp\/v2\/posts\/10397\/revisions"}],"predecessor-version":[{"id":10398,"href":"https:\/\/infotep.com.ar\/index.php\/wp-json\/wp\/v2\/posts\/10397\/revisions\/10398"}],"wp:featuredmedia":[{"embeddable":true,"href":"https:\/\/infotep.com.ar\/index.php\/wp-json\/wp\/v2\/media\/4336"}],"wp:attachment":[{"href":"https:\/\/infotep.com.ar\/index.php\/wp-json\/wp\/v2\/media?parent=10397"}],"wp:term":[{"taxonomy":"category","embeddable":true,"href":"https:\/\/infotep.com.ar\/index.php\/wp-json\/wp\/v2\/categories?post=10397"},{"taxonomy":"post_tag","embeddable":true,"href":"https:\/\/infotep.com.ar\/index.php\/wp-json\/wp\/v2\/tags?post=10397"}],"curies":[{"name":"wp","href":"https:\/\/api.w.org\/{rel}","templated":true}]}}