{"id":1041,"date":"2022-09-08T00:42:00","date_gmt":"2022-09-08T03:42:00","guid":{"rendered":"https:\/\/infotep.com.ar\/?p=1041"},"modified":"2022-09-15T00:45:00","modified_gmt":"2022-09-15T03:45:00","slug":"moron-hace-un-balance-de-los-primeros-1000-dias-de-la-actual-gestion-de-lucas-ghi","status":"publish","type":"post","link":"https:\/\/infotep.com.ar\/index.php\/2022\/09\/08\/moron-hace-un-balance-de-los-primeros-1000-dias-de-la-actual-gestion-de-lucas-ghi\/","title":{"rendered":"Mor\u00f3n hace un balance de los primeros 1000 d\u00edas de la actual gesti\u00f3n de Lucas Ghi"},"content":{"rendered":"\n<p id=\"0ae3\">El pasado 5 de septiembre, el Gobierno que encabeza el intendente Lucas Ghi cumpli\u00f3 los primeros 1000 d\u00edas al frente del Municipio de Mor\u00f3n. En ese marco, se realiz\u00f3 un balance con la enumeraci\u00f3n de muchas de las pol\u00edticas p\u00fablicas desarrolladas en este per\u00edodo, bajo el nombre #MilD\u00edasMilAcciones, que puede encontrarse en la web institucional de la comuna.<\/p>\n\n\n\n<p id=\"0c8e\">\u201cQueda mucho por hacer; pero el volumen de lo que pudimos avanzar es grand\u00edsimo, a\u00fan en un contexto muy cr\u00edtico como fue la pandemia y la deuda enorme que dej\u00f3 el Gobierno anterior. Poder compartir y reflexionar sobre el camino recorrido es imprescindible para avanzar a\u00fan con m\u00e1s fuerza\u201d, se\u00f1al\u00f3 Ghi. \u201cQuiero destacar el acompa\u00f1amiento constante de nuestra comunidad; acompa\u00f1amiento que no fue ni debe ser sin\u00f3nimo de aceptaci\u00f3n ciega de lo actuado o resignaci\u00f3n ante lo que a\u00fan est\u00e1 pendiente. Para m\u00ed, ese acompa\u00f1amiento equivale a la decisi\u00f3n ciudadana de ser parte, de ser protagonista, tambi\u00e9n con cr\u00edticas o demandas, de la transformaci\u00f3n que Mor\u00f3n necesita\u201d, agreg\u00f3 el intendente en una carta dirigida a las y los vecinos publicada en el \u00faltimo bolet\u00edn municipal.<\/p>\n\n\n\n<p id=\"777b\">Los primeros dos a\u00f1os de la gesti\u00f3n estuvieron atravesados por la pandemia a causa del Coronavirus, declarada en el pa\u00eds en marzo de 2020, apenas tres meses despu\u00e9s de iniciar el mandato. En ese contexto, el proyecto de Gobierno debi\u00f3 relegar algunos de los aspectos planificados y focalizar sus pol\u00edticas en fortalecer el Sistema P\u00fablico de Salud Municipal, para priorizar la atenci\u00f3n sociosanitaria de las y los moronenses.<\/p>\n\n\n\n<p id=\"391a\">Entre las acciones m\u00e1s destacadas se reforz\u00f3 el sistema sanitario, especialmente en el Hospital Municipal y los Centros de Salud. Se dot\u00f3 de equipamiento correspondiente como respiradores, monitores multiparam\u00e9tricos, camas, bombas de infusi\u00f3n, entre otras acciones que permitieron brindar una mayor capacidad de respuesta para la comunidad en una situaci\u00f3n tan delicada. Al mismo tiempo, la pandemia oblig\u00f3 a fortalecer las pol\u00edticas de asistencia y ayuda de los sectores m\u00e1s vulnerables en t\u00e9rminos socioecon\u00f3micos de la poblaci\u00f3n. Durante este per\u00edodo las pol\u00edticas en materia de desarrollo social tuvieron un rol protag\u00f3nico.<\/p>\n\n\n\n<p id=\"6332\">En forma simult\u00e1nea, se avanz\u00f3 fuertemente en obras de mejoramiento edilicio de instituciones educativas. En 50 escuelas del distrito se llevaron adelante tareas de recuperaci\u00f3n de estructuras y techos, reconstrucci\u00f3n de ba\u00f1os e instalaciones de redes de agua, gas y electricidad, renovaci\u00f3n de carpinter\u00edas, pintado interior y exterior. Las obras permitieron que, superado el momento m\u00e1s dif\u00edcil de la pandemia, las y los alumnos puedan retomar las clases presenciales y aprender en las condiciones m\u00e1s \u00f3ptimas.<\/p>\n\n\n\n<p id=\"d4da\">Por otra parte, el Plan Provincial de Vacunaci\u00f3n contra el Covid-19 fue acompa\u00f1ado por la gesti\u00f3n municipal con intensas jornadas de asistencia para la inscripci\u00f3n en el Programa Vacunate y aplicaci\u00f3n de dosis en distintos Centros de Vacunaci\u00f3n distribuidos por todo el distrito. Esta acci\u00f3n fue fundamental para superar el momento m\u00e1s cr\u00edtico de la pandemia. Tras estas medidas, la comuna lider\u00f3 durante todo el proceso de vacunaci\u00f3n el ranking de los distritos con m\u00e1s poblaci\u00f3n inmunizada.<\/p>\n\n\n\n<p id=\"0185\">La iniciativa permiti\u00f3 que en el \u00faltimo a\u00f1o se retomaran paulatinamente las actividades con normalidad y el Gobierno local puso en marcha en su totalidad el plan de gesti\u00f3n que ten\u00eda previsto al asumir el mandato. Entre los ejes principales de esta nueva etapa se encuentran diversas obras relacionadas al mejoramiento urbano de la ciudad, como el ambicioso Plan de Bacheo y Repavimentaci\u00f3n que se despliega en todo el distrito. Tambi\u00e9n se avanz\u00f3 en el recambio de todo el parque lum\u00ednico del distrito con especial \u00e9nfasis en la puesta en valor de espacios p\u00fablicos, plazas y corredores destinados a la recreaci\u00f3n y el deporte.<\/p>\n\n\n\n<p id=\"b11e\">Las acciones en materia de Seguridad son otro de los ejes principales que definen esta etapa de Gobierno. En ese sentido, se renov\u00f3 totalmente la flota del comando de patrullas y se incorporaron nuevas motos y veh\u00edculos que permiten reforzar la prevenci\u00f3n del delito en todo el distrito. Adem\u00e1s, se incorporaron m\u00e1s efectivos policiales, se instalaron c\u00e1maras de seguridad, alarmas vecinales y se impulsaron programas como Ojos en Alerta para fortalecer la seguridad en cada barrio.<\/p>\n\n\n\n<p id=\"a635\">Tambi\u00e9n, se realizaron numerosas acciones en las \u00e1reas de Desarrollo Social, Desarrollo Productivo, Deporte, Cultura, G\u00e9nero y Diversidad, Derechos Humanos, Ambiente, Modernizaci\u00f3n y Transparencia y Desarrollo Estrat\u00e9gico.<\/p>\n\n\n\n<p id=\"7c1d\">Por ello, el Municipio elabor\u00f3 un documento con las 1000 acciones municipales m\u00e1s destacadas donde se describen los programas, medidas y actividades desarrolladas desde todas las \u00e1reas de Gobierno. El mismo se puede visualizar en la web municipal ingresando a&nbsp;<a href=\"http:\/\/www.moron.gob.ar\/1000-dias-1000-acciones\/\" rel=\"noreferrer noopener\" target=\"_blank\">http:\/\/www.moron.gob.ar\/1000-dias-1000-acciones\/<\/a><\/p>\n","protected":false},"excerpt":{"rendered":"<p>El pasado 5 de septiembre, el Gobierno que encabeza el intendente Lucas Ghi cumpli&oacute; los primeros 1000 d&iacute;as al frente del Municipio de Mor&oacute;n. En ese marco, se realiz&oacute; un balance con la enumeraci&oacute;n de muchas de las pol&iacute;ticas p&uacute;blicas desarrolladas en este per&iacute;odo, bajo el nombre #MilD&iacute;asMilAcciones, que puede encontrarse en la web institucional &hellip; <\/p>\n","protected":false},"author":5,"featured_media":1042,"comment_status":"closed","ping_status":"closed","sticky":false,"template":"","format":"standard","meta":{"om_disable_all_campaigns":false,"_joinchat":[]},"categories":[9],"tags":[46,56,55,53,43],"featured_image_urls":{"full":["https:\/\/infotep.com.ar\/wp-content\/uploads\/2022\/09\/Lucas-Ghi.jpg",1200,701,false],"thumbnail":["https:\/\/infotep.com.ar\/wp-content\/uploads\/2022\/09\/Lucas-Ghi-150x150.jpg",150,150,true],"medium":["https:\/\/infotep.com.ar\/wp-content\/uploads\/2022\/09\/Lucas-Ghi-300x175.jpg",300,175,true],"medium_large":["https:\/\/infotep.com.ar\/wp-content\/uploads\/2022\/09\/Lucas-Ghi-768x449.jpg",768,449,true],"large":["https:\/\/infotep.com.ar\/wp-content\/uploads\/2022\/09\/Lucas-Ghi-1024x598.jpg",1020,596,true],"1536x1536":["https:\/\/infotep.com.ar\/wp-content\/uploads\/2022\/09\/Lucas-Ghi.jpg",1200,701,false],"2048x2048":["https:\/\/infotep.com.ar\/wp-content\/uploads\/2022\/09\/Lucas-Ghi.jpg",1200,701,false],"blossom-feminine-slider":["https:\/\/infotep.com.ar\/wp-content\/uploads\/2022\/09\/Lucas-Ghi-1200x649.jpg",1200,649,true],"blossom-feminine-featured":["https:\/\/infotep.com.ar\/wp-content\/uploads\/2022\/09\/Lucas-Ghi-1200x600.jpg",1200,600,true],"blossom-feminine-with-sidebar":["https:\/\/infotep.com.ar\/wp-content\/uploads\/2022\/09\/Lucas-Ghi-1020x600.jpg",1020,600,true],"blossom-feminine-blog":["https:\/\/infotep.com.ar\/wp-content\/uploads\/2022\/09\/Lucas-Ghi-435x435.jpg",435,435,true],"blossom-feminine-cat":["https:\/\/infotep.com.ar\/wp-content\/uploads\/2022\/09\/Lucas-Ghi-450x300.jpg",450,300,true],"blossom-feminine-related":["https:\/\/infotep.com.ar\/wp-content\/uploads\/2022\/09\/Lucas-Ghi-320x200.jpg",320,200,true],"blossom-feminine-schema":["https:\/\/infotep.com.ar\/wp-content\/uploads\/2022\/09\/Lucas-Ghi-103x60.jpg",103,60,true],"blossom-mommy-blog-slider-big":["https:\/\/infotep.com.ar\/wp-content\/uploads\/2022\/09\/Lucas-Ghi-920x650.jpg",920,650,true],"blossom-mommy-blog-slider":["https:\/\/infotep.com.ar\/wp-content\/uploads\/2022\/09\/Lucas-Ghi-460x310.jpg",460,310,true],"blossom-mommy-blog-two":["https:\/\/infotep.com.ar\/wp-content\/uploads\/2022\/09\/Lucas-Ghi-768x480.jpg",768,480,true]},"author_info":{"info":["Angela Tobar"]},"category_info":"<a href=\"https:\/\/infotep.com.ar\/index.php\/category\/municipales\/moron\/\" rel=\"category tag\">Mor\u00f3n<\/a>","tag_info":"Mor\u00f3n","comment_count":"0","_links":{"self":[{"href":"https:\/\/infotep.com.ar\/index.php\/wp-json\/wp\/v2\/posts\/1041"}],"collection":[{"href":"https:\/\/infotep.com.ar\/index.php\/wp-json\/wp\/v2\/posts"}],"about":[{"href":"https:\/\/infotep.com.ar\/index.php\/wp-json\/wp\/v2\/types\/post"}],"author":[{"embeddable":true,"href":"https:\/\/infotep.com.ar\/index.php\/wp-json\/wp\/v2\/users\/5"}],"replies":[{"embeddable":true,"href":"https:\/\/infotep.com.ar\/index.php\/wp-json\/wp\/v2\/comments?post=1041"}],"version-history":[{"count":1,"href":"https:\/\/infotep.com.ar\/index.php\/wp-json\/wp\/v2\/posts\/1041\/revisions"}],"predecessor-version":[{"id":1043,"href":"https:\/\/infotep.com.ar\/index.php\/wp-json\/wp\/v2\/posts\/1041\/revisions\/1043"}],"wp:featuredmedia":[{"embeddable":true,"href":"https:\/\/infotep.com.ar\/index.php\/wp-json\/wp\/v2\/media\/1042"}],"wp:attachment":[{"href":"https:\/\/infotep.com.ar\/index.php\/wp-json\/wp\/v2\/media?parent=1041"}],"wp:term":[{"taxonomy":"category","embeddable":true,"href":"https:\/\/infotep.com.ar\/index.php\/wp-json\/wp\/v2\/categories?post=1041"},{"taxonomy":"post_tag","embeddable":true,"href":"https:\/\/infotep.com.ar\/index.php\/wp-json\/wp\/v2\/tags?post=1041"}],"curies":[{"name":"wp","href":"https:\/\/api.w.org\/{rel}","templated":true}]}}