{"id":10522,"date":"2024-01-15T13:29:55","date_gmt":"2024-01-15T16:29:55","guid":{"rendered":"https:\/\/infotep.com.ar\/?p=10522"},"modified":"2024-01-15T13:29:56","modified_gmt":"2024-01-15T16:29:56","slug":"postergaron-protesta-y-corte-de-la-ruta-3-en-la-matanza-por-posibilidades-de-mal-tiempo","status":"publish","type":"post","link":"https:\/\/infotep.com.ar\/index.php\/2024\/01\/15\/postergaron-protesta-y-corte-de-la-ruta-3-en-la-matanza-por-posibilidades-de-mal-tiempo\/","title":{"rendered":"Postergaron protesta y corte de la ruta 3 en La Matanza por posibilidades de mal tiempo"},"content":{"rendered":"\n<p><\/p>\n\n\n\n<p>Los dirigentes de las organizaciones sociales nucleadas en la denominada Multisectorial contra el DNU y la Ley \u00d3mnibus de la localidad de La Matanza decidieron hoy postergar para el pr\u00f3ximo mi\u00e9rcoles la protesta con corte de la Ruta 3 que estaba prevista para ma\u00f1ana debido a la posibilidad de mal tiempo en la regi\u00f3n.<\/p>\n\n\n\n<p>Los referentes de la multisectorial, entre los que se encuentran organizaciones como la Federaci\u00f3n de Tierra, Vivienda y H\u00e1bitat (FTV) y la Corriente Clasista y Combativa (CCC), hab\u00edan anunciado realizar ma\u00f1ana un corte en la Ruta 3, a la altura del partido bonaerense de La Matanza, ante lo que consideran el &#8220;remate del Estado&#8221; que impulsa el Gobierno de Javier Milei.<\/p>\n\n\n\n<p>De la protesta, postergada ahora para el mi\u00e9rcoles pr\u00f3ximo, forman parte adem\u00e1s dirigentes y militantes del Movimiento Barrios de Pie, el Frente Barrial de la CTA, el Sindicato de Canillitas y agrupaciones de jubilados y pensionados, adem\u00e1s de maestros y comerciantes de La Matanza.<\/p>\n\n\n\n<p>El referente nacional de la FTV Luis D&#8217;El\u00eda hab\u00eda considerado hoy que las reformas que impulsa el Gobierno por medio del DNU de desregulaci\u00f3n y la ley &#8220;Bases&#8221; son &#8220;una locomotora al abismo&#8221;, y reiter\u00f3 su apoyo a la huelga de medio d\u00eda y la manifestaci\u00f3n de protesta convocada por la CGT para el 24 de enero.<\/p>\n\n\n\n<p>Sostuvo adem\u00e1s que las reformas que impulsa el Gobierno de Milei constituyen una &#8220;locomotora al abismo&#8221;, en referencia a la &#8220;devaluaci\u00f3n feroz, inflaci\u00f3n descontrolada, congelamiento de los ingresos de la gente y planes sociales, quita de subsidios a las tarifas y al transporte&#8221;.<\/p>\n\n\n\n<p class=\"has-light-green-cyan-background-color has-background\">Opin\u00f3 que &#8220;se dinamit\u00f3 el costo de vida y los ingresos de las clases populares&#8221;, por lo que &#8220;el pa\u00eds va a estallar en mil pedazos&#8221;.<\/p>\n\n\n\n<p>Tambi\u00e9n destac\u00f3 que la organizaci\u00f3n participar\u00e1 del paro y la movilizaci\u00f3n del 24 de enero convocada por la CGT &#8220;para ponerle l\u00edmites a esta gente&#8221; y apunt\u00f3 que junto a ATE Capital, la Corriente Clasista y Combativa llevar\u00e1n adelante &#8220;acciones conjuntas y una gran caminata en la que se volver\u00e1 a plantear el lema instalado hace 20 a\u00f1os: &#8216;Piquete y cacerola, la lucha es una sola'&#8221;.<\/p>\n","protected":false},"excerpt":{"rendered":"<p>Los dirigentes de las organizaciones sociales nucleadas en la denominada Multisectorial contra el DNU y la Ley &Oacute;mnibus de la localidad de La Matanza decidieron hoy postergar para el pr&oacute;ximo mi&eacute;rcoles la protesta con corte de la Ruta 3 que estaba prevista para ma&ntilde;ana debido a la posibilidad de mal tiempo en la regi&oacute;n. Los &hellip; <\/p>\n","protected":false},"author":5,"featured_media":10523,"comment_status":"closed","ping_status":"closed","sticky":false,"template":"","format":"standard","meta":{"om_disable_all_campaigns":false,"_joinchat":[]},"categories":[26],"tags":[46,59,43],"featured_image_urls":{"full":["https:\/\/infotep.com.ar\/wp-content\/uploads\/2024\/01\/luis-delia-en-el-corte-de-la-ruta-3-en-la-matanza-1727937.jpg",900,505,false],"thumbnail":["https:\/\/infotep.com.ar\/wp-content\/uploads\/2024\/01\/luis-delia-en-el-corte-de-la-ruta-3-en-la-matanza-1727937-150x150.jpg",150,150,true],"medium":["https:\/\/infotep.com.ar\/wp-content\/uploads\/2024\/01\/luis-delia-en-el-corte-de-la-ruta-3-en-la-matanza-1727937-300x168.jpg",300,168,true],"medium_large":["https:\/\/infotep.com.ar\/wp-content\/uploads\/2024\/01\/luis-delia-en-el-corte-de-la-ruta-3-en-la-matanza-1727937-768x431.jpg",768,431,true],"large":["https:\/\/infotep.com.ar\/wp-content\/uploads\/2024\/01\/luis-delia-en-el-corte-de-la-ruta-3-en-la-matanza-1727937.jpg",900,505,false],"1536x1536":["https:\/\/infotep.com.ar\/wp-content\/uploads\/2024\/01\/luis-delia-en-el-corte-de-la-ruta-3-en-la-matanza-1727937.jpg",900,505,false],"2048x2048":["https:\/\/infotep.com.ar\/wp-content\/uploads\/2024\/01\/luis-delia-en-el-corte-de-la-ruta-3-en-la-matanza-1727937.jpg",900,505,false],"blossom-feminine-slider":["https:\/\/infotep.com.ar\/wp-content\/uploads\/2024\/01\/luis-delia-en-el-corte-de-la-ruta-3-en-la-matanza-1727937.jpg",900,505,false],"blossom-feminine-featured":["https:\/\/infotep.com.ar\/wp-content\/uploads\/2024\/01\/luis-delia-en-el-corte-de-la-ruta-3-en-la-matanza-1727937.jpg",900,505,false],"blossom-feminine-with-sidebar":["https:\/\/infotep.com.ar\/wp-content\/uploads\/2024\/01\/luis-delia-en-el-corte-de-la-ruta-3-en-la-matanza-1727937.jpg",900,505,false],"blossom-feminine-blog":["https:\/\/infotep.com.ar\/wp-content\/uploads\/2024\/01\/luis-delia-en-el-corte-de-la-ruta-3-en-la-matanza-1727937-435x435.jpg",435,435,true],"blossom-feminine-cat":["https:\/\/infotep.com.ar\/wp-content\/uploads\/2024\/01\/luis-delia-en-el-corte-de-la-ruta-3-en-la-matanza-1727937-450x300.jpg",450,300,true],"blossom-feminine-related":["https:\/\/infotep.com.ar\/wp-content\/uploads\/2024\/01\/luis-delia-en-el-corte-de-la-ruta-3-en-la-matanza-1727937-320x200.jpg",320,200,true],"blossom-feminine-schema":["https:\/\/infotep.com.ar\/wp-content\/uploads\/2024\/01\/luis-delia-en-el-corte-de-la-ruta-3-en-la-matanza-1727937-107x60.jpg",107,60,true],"blossom-mommy-blog-slider-big":["https:\/\/infotep.com.ar\/wp-content\/uploads\/2024\/01\/luis-delia-en-el-corte-de-la-ruta-3-en-la-matanza-1727937.jpg",900,505,false],"blossom-mommy-blog-slider":["https:\/\/infotep.com.ar\/wp-content\/uploads\/2024\/01\/luis-delia-en-el-corte-de-la-ruta-3-en-la-matanza-1727937-460x310.jpg",460,310,true],"blossom-mommy-blog-two":["https:\/\/infotep.com.ar\/wp-content\/uploads\/2024\/01\/luis-delia-en-el-corte-de-la-ruta-3-en-la-matanza-1727937-768x480.jpg",768,480,true]},"author_info":{"info":["Angela Tobar"]},"category_info":"<a href=\"https:\/\/infotep.com.ar\/index.php\/category\/municipales\/la-matanza\/\" rel=\"category tag\">La Matanza<\/a>","tag_info":"La Matanza","comment_count":"0","_links":{"self":[{"href":"https:\/\/infotep.com.ar\/index.php\/wp-json\/wp\/v2\/posts\/10522"}],"collection":[{"href":"https:\/\/infotep.com.ar\/index.php\/wp-json\/wp\/v2\/posts"}],"about":[{"href":"https:\/\/infotep.com.ar\/index.php\/wp-json\/wp\/v2\/types\/post"}],"author":[{"embeddable":true,"href":"https:\/\/infotep.com.ar\/index.php\/wp-json\/wp\/v2\/users\/5"}],"replies":[{"embeddable":true,"href":"https:\/\/infotep.com.ar\/index.php\/wp-json\/wp\/v2\/comments?post=10522"}],"version-history":[{"count":1,"href":"https:\/\/infotep.com.ar\/index.php\/wp-json\/wp\/v2\/posts\/10522\/revisions"}],"predecessor-version":[{"id":10524,"href":"https:\/\/infotep.com.ar\/index.php\/wp-json\/wp\/v2\/posts\/10522\/revisions\/10524"}],"wp:featuredmedia":[{"embeddable":true,"href":"https:\/\/infotep.com.ar\/index.php\/wp-json\/wp\/v2\/media\/10523"}],"wp:attachment":[{"href":"https:\/\/infotep.com.ar\/index.php\/wp-json\/wp\/v2\/media?parent=10522"}],"wp:term":[{"taxonomy":"category","embeddable":true,"href":"https:\/\/infotep.com.ar\/index.php\/wp-json\/wp\/v2\/categories?post=10522"},{"taxonomy":"post_tag","embeddable":true,"href":"https:\/\/infotep.com.ar\/index.php\/wp-json\/wp\/v2\/tags?post=10522"}],"curies":[{"name":"wp","href":"https:\/\/api.w.org\/{rel}","templated":true}]}}