{"id":10547,"date":"2024-01-16T14:11:37","date_gmt":"2024-01-16T17:11:37","guid":{"rendered":"https:\/\/infotep.com.ar\/?p=10547"},"modified":"2024-01-16T14:11:38","modified_gmt":"2024-01-16T17:11:38","slug":"municipio-de-la-matanza-denuncio-en-2022-la-toma-de-tierras-y-pidio-a-la-justicia-el-desalojo","status":"publish","type":"post","link":"https:\/\/infotep.com.ar\/index.php\/2024\/01\/16\/municipio-de-la-matanza-denuncio-en-2022-la-toma-de-tierras-y-pidio-a-la-justicia-el-desalojo\/","title":{"rendered":"Municipio de La Matanza denunci\u00f3 en 2022 la toma de tierras y pidi\u00f3 a la Justicia el desalojo"},"content":{"rendered":"\n<p>El Municipio de La Matanza, que conduce el intendente Fernando Espinoza, advirti\u00f3 que en 2022 denunci\u00f3 la toma de tierras en la localidad de Gonz\u00e1lez Cat\u00e1n, donde el domingo se desencaden\u00f3 un enfrentamiento que culmin\u00f3 con cinco muertos, y record\u00f3 que en 2023 la comuna pidi\u00f3 el desalojo de los usurpadores.<\/p>\n\n\n\n<p><strong>&#8220;Ante los hechos de homicidio m\u00faltiple ocurridos en una toma de terrenos en una zona de tosqueras abandonadas, en la localidad de Gonz\u00e1lez Cat\u00e1n, el Municipio de La Matanza comunica que en 2022 hizo las correspondientes actuaciones policiales y judiciales&#8221;, indic\u00f3 el Ejecutivo comunal a trav\u00e9s de un comunicado.<\/strong><\/p>\n\n\n\n<p>Del mismo modo, plante\u00f3 que &#8220;en 2023 inst\u00f3 a la celeridad de la ejecuci\u00f3n de desalojo por una denuncia de usurpaci\u00f3n de terrenos en la zona en la que se produjeron los incidentes&#8221;.<\/p>\n\n\n\n<p>&#8220;La Justicia dict\u00f3 la medida de &#8216;no innovar&#8217;, la cual aparentemente no fue acatada vista la supuesta nueva venta de terrenos&#8221;, se resalt\u00f3 desde la comuna y se a\u00f1adi\u00f3 que, &#8220;en la pr\u00e1ctica, ello significa que, por haber recurrido a la Justicia tambi\u00e9n quienes usurparon esos terrenos, la decisi\u00f3n se mantiene en un status quo en tanto avanzan las acciones legales&#8221;.<\/p>\n\n\n\n<p>&#8220;La zona, una tosquera abandonada que pertenece a due\u00f1os particulares, fue usurpada dos a\u00f1os atr\u00e1s, circunstancia de la que el Municipio tom\u00f3 conocimiento por informaci\u00f3n policial&#8221;, apuntaron.<\/p>\n\n\n\n<p class=\"has-light-green-cyan-background-color has-background\">El distrito que conduce Espinoza especific\u00f3 que &#8220;de inmediato, se procedi\u00f3 a realizar la denuncia correspondiente en la Fiscal\u00eda Descentralizada N\u00b0 2, en la actualidad a cargo del fiscal Gast\u00f3n Duplaa&#8221; y grafic\u00f3 que la medida de no innovar &#8220;impidi\u00f3 que se desalojara a ninguno de los usurpadores y pretend\u00eda que no ingresaran nuevos ocupantes&#8221;.<\/p>\n\n\n\n<p>La Comuna lament\u00f3 los fallecimientos, indic\u00f3 que para esclarecer los cr\u00edmenes trabaja la Polic\u00eda de la provincia de Buenos Aires, bajo las instrucciones del fiscal Adri\u00e1n Arribas y repudi\u00f3 &#8220;este salvaje hecho&#8221;.<\/p>\n\n\n\n<p>A la vez, detallaron desde el Municipio que el personal local acompa\u00f1a con su Oficina de Asistencia a las V\u00edctimas a los familiares de los fallecidos y de los heridos.<\/p>\n\n\n\n<p>Finalmente, el Municipio alert\u00f3 a la comunidad toda sobre &#8220;el accionar delictivo de inescrupulosos que aprovech\u00e1ndose de un estado de necesidad, venden tierras ajenas, que tienen due\u00f1os y que de ning\u00fan modo pueden regularizarse, quedando a merced de futuros desalojos&#8221;.<\/p>\n\n\n\n<p>Y advirti\u00f3: &#8220;Si alguien ofrece la venta de un terreno, los vecinos pueden consultar en la Secretar\u00eda de H\u00e1bitat municipal, que informar\u00e1 qui\u00e9n es el due\u00f1o y si ese terreno es factible para construir su vivienda&#8221;.<\/p>\n\n\n\n<p>El loteo de una plaza para la venta fue el detonante de la discusi\u00f3n vecinal en la que tres hombres efectuaron m\u00e1s de 40 disparos en un predio de tierras tomadas, hecho que sum\u00f3 ayer la quinta v\u00edctima de homicidio con la muerte de un adolescente de 16 a\u00f1os que estaba internado en grave estado, informaron fuentes policiales y judiciales.<\/p>\n\n\n\n<p>Seg\u00fan especificaron las fuentes, all\u00ed se llevaba adelante una reuni\u00f3n barrial de la que participaban integrantes de la comunidad boliviana y algunos peruanos asentados en forma irregular en esos terrenos con los llamados &#8220;delegados&#8221; de la zona, de nacionalidad paraguaya, quienes al parecer les hab\u00edan vendido esas tierras tomadas a unas 500 familias.<\/p>\n","protected":false},"excerpt":{"rendered":"<p>El Municipio de La Matanza, que conduce el intendente Fernando Espinoza, advirti&oacute; que en 2022 denunci&oacute; la toma de tierras en la localidad de Gonz&aacute;lez Cat&aacute;n, donde el domingo se desencaden&oacute; un enfrentamiento que culmin&oacute; con cinco muertos, y record&oacute; que en 2023 la comuna pidi&oacute; el desalojo de los usurpadores. &ldquo;Ante los hechos de &hellip; <\/p>\n","protected":false},"author":5,"featured_media":10548,"comment_status":"closed","ping_status":"closed","sticky":false,"template":"","format":"standard","meta":{"om_disable_all_campaigns":false,"_joinchat":[]},"categories":[26],"tags":[46,59,43],"featured_image_urls":{"full":["https:\/\/infotep.com.ar\/wp-content\/uploads\/2024\/01\/toma-tierra.jpg",710,372,false],"thumbnail":["https:\/\/infotep.com.ar\/wp-content\/uploads\/2024\/01\/toma-tierra-150x150.jpg",150,150,true],"medium":["https:\/\/infotep.com.ar\/wp-content\/uploads\/2024\/01\/toma-tierra-300x157.jpg",300,157,true],"medium_large":["https:\/\/infotep.com.ar\/wp-content\/uploads\/2024\/01\/toma-tierra.jpg",710,372,false],"large":["https:\/\/infotep.com.ar\/wp-content\/uploads\/2024\/01\/toma-tierra.jpg",710,372,false],"1536x1536":["https:\/\/infotep.com.ar\/wp-content\/uploads\/2024\/01\/toma-tierra.jpg",710,372,false],"2048x2048":["https:\/\/infotep.com.ar\/wp-content\/uploads\/2024\/01\/toma-tierra.jpg",710,372,false],"blossom-feminine-slider":["https:\/\/infotep.com.ar\/wp-content\/uploads\/2024\/01\/toma-tierra.jpg",710,372,false],"blossom-feminine-featured":["https:\/\/infotep.com.ar\/wp-content\/uploads\/2024\/01\/toma-tierra.jpg",710,372,false],"blossom-feminine-with-sidebar":["https:\/\/infotep.com.ar\/wp-content\/uploads\/2024\/01\/toma-tierra.jpg",710,372,false],"blossom-feminine-blog":["https:\/\/infotep.com.ar\/wp-content\/uploads\/2024\/01\/toma-tierra-435x372.jpg",435,372,true],"blossom-feminine-cat":["https:\/\/infotep.com.ar\/wp-content\/uploads\/2024\/01\/toma-tierra-450x300.jpg",450,300,true],"blossom-feminine-related":["https:\/\/infotep.com.ar\/wp-content\/uploads\/2024\/01\/toma-tierra-320x200.jpg",320,200,true],"blossom-feminine-schema":["https:\/\/infotep.com.ar\/wp-content\/uploads\/2024\/01\/toma-tierra-115x60.jpg",115,60,true],"blossom-mommy-blog-slider-big":["https:\/\/infotep.com.ar\/wp-content\/uploads\/2024\/01\/toma-tierra.jpg",710,372,false],"blossom-mommy-blog-slider":["https:\/\/infotep.com.ar\/wp-content\/uploads\/2024\/01\/toma-tierra-460x310.jpg",460,310,true],"blossom-mommy-blog-two":["https:\/\/infotep.com.ar\/wp-content\/uploads\/2024\/01\/toma-tierra.jpg",710,372,false]},"author_info":{"info":["Angela Tobar"]},"category_info":"<a href=\"https:\/\/infotep.com.ar\/index.php\/category\/municipales\/la-matanza\/\" rel=\"category tag\">La Matanza<\/a>","tag_info":"La Matanza","comment_count":"0","_links":{"self":[{"href":"https:\/\/infotep.com.ar\/index.php\/wp-json\/wp\/v2\/posts\/10547"}],"collection":[{"href":"https:\/\/infotep.com.ar\/index.php\/wp-json\/wp\/v2\/posts"}],"about":[{"href":"https:\/\/infotep.com.ar\/index.php\/wp-json\/wp\/v2\/types\/post"}],"author":[{"embeddable":true,"href":"https:\/\/infotep.com.ar\/index.php\/wp-json\/wp\/v2\/users\/5"}],"replies":[{"embeddable":true,"href":"https:\/\/infotep.com.ar\/index.php\/wp-json\/wp\/v2\/comments?post=10547"}],"version-history":[{"count":1,"href":"https:\/\/infotep.com.ar\/index.php\/wp-json\/wp\/v2\/posts\/10547\/revisions"}],"predecessor-version":[{"id":10549,"href":"https:\/\/infotep.com.ar\/index.php\/wp-json\/wp\/v2\/posts\/10547\/revisions\/10549"}],"wp:featuredmedia":[{"embeddable":true,"href":"https:\/\/infotep.com.ar\/index.php\/wp-json\/wp\/v2\/media\/10548"}],"wp:attachment":[{"href":"https:\/\/infotep.com.ar\/index.php\/wp-json\/wp\/v2\/media?parent=10547"}],"wp:term":[{"taxonomy":"category","embeddable":true,"href":"https:\/\/infotep.com.ar\/index.php\/wp-json\/wp\/v2\/categories?post=10547"},{"taxonomy":"post_tag","embeddable":true,"href":"https:\/\/infotep.com.ar\/index.php\/wp-json\/wp\/v2\/tags?post=10547"}],"curies":[{"name":"wp","href":"https:\/\/api.w.org\/{rel}","templated":true}]}}