{"id":10598,"date":"2024-01-18T00:20:00","date_gmt":"2024-01-18T03:20:00","guid":{"rendered":"https:\/\/infotep.com.ar\/?p=10598"},"modified":"2024-01-18T23:59:29","modified_gmt":"2024-01-19T02:59:29","slug":"movimientos-sociales-de-la-matanza-realizaron-jornada-de-protesta-contra-el-dnu-y-la-ley-omnibus","status":"publish","type":"post","link":"https:\/\/infotep.com.ar\/index.php\/2024\/01\/18\/movimientos-sociales-de-la-matanza-realizaron-jornada-de-protesta-contra-el-dnu-y-la-ley-omnibus\/","title":{"rendered":"Movimientos sociales de La Matanza realizaron jornada de protesta contra el DNU y la Ley \u00d3mnibus"},"content":{"rendered":"\n<p>El referente social Luis D\u00b4El\u00eda lider\u00f3 una protesta sobre la Ruta 3 en el partido bonaerense de La Matanza en rechazo a las medidas impulsadas por el Gobierno del presidente Javier Milei.<\/p>\n\n\n\n<p>El bloqueo parcial fue realizado por militantes de organizaciones sociales como la Corriente Clasista y Combativa (CCC), Somos Barrios de Pie, FTV-Miles, MST y el Polo Obrero, entre otras.<\/p>\n\n\n\n<p>Los organizadores se\u00f1alaron que se trat\u00f3 de \u201cuna jornada de protesta con ollas populares porque el ajuste brutal que el Gobierno ya est\u00e1 llevando adelante est\u00e1 impactando salvajemente en cada una de las familias de los barrios populares y en aquellos trabajadores formales que cobran por debajo de la l\u00ednea de pobreza y que viven esta situaci\u00f3n con mucha angustia\u201d.<\/p>\n\n\n\n<p>\u201cEl Gobierno tiene un plan siniestro que vocifera abiertamente: pretende bajar la inflaci\u00f3n sobre la base de demoler los salarios y las jubilaciones, as\u00ed buscan liquidar el consumo. Eso se llama recesi\u00f3n y creen que eso va a lograr bajar los precios\u201d, agregaron.<\/p>\n\n\n\n<p>Ante la medida de fuerza, el Ministerio de Seguridad evalu\u00f3 la posibilidad de aplicar el protocolo antipiquetes, aunque finalmente s\u00f3lo se limit\u00f3 a resguardar el carril del Metrob\u00fas y a evitar un corte de las v\u00edas del tren.<\/p>\n","protected":false},"excerpt":{"rendered":"<p>El referente social Luis D&acute;El&iacute;a lider&oacute; una protesta sobre la Ruta 3 en el partido bonaerense de La Matanza en rechazo a las medidas impulsadas por el Gobierno del presidente Javier Milei. El bloqueo parcial fue realizado por militantes de organizaciones sociales como la Corriente Clasista y Combativa (CCC), Somos Barrios de Pie, FTV-Miles, MST &hellip; <\/p>\n","protected":false},"author":5,"featured_media":10599,"comment_status":"closed","ping_status":"closed","sticky":false,"template":"","format":"standard","meta":{"om_disable_all_campaigns":false,"_joinchat":[]},"categories":[26],"tags":[46,43],"featured_image_urls":{"full":["https:\/\/infotep.com.ar\/wp-content\/uploads\/2024\/01\/360-1.webp",640,237,false],"thumbnail":["https:\/\/infotep.com.ar\/wp-content\/uploads\/2024\/01\/360-1-150x150.webp",150,150,true],"medium":["https:\/\/infotep.com.ar\/wp-content\/uploads\/2024\/01\/360-1-300x111.webp",300,111,true],"medium_large":["https:\/\/infotep.com.ar\/wp-content\/uploads\/2024\/01\/360-1.webp",640,237,false],"large":["https:\/\/infotep.com.ar\/wp-content\/uploads\/2024\/01\/360-1.webp",640,237,false],"1536x1536":["https:\/\/infotep.com.ar\/wp-content\/uploads\/2024\/01\/360-1.webp",640,237,false],"2048x2048":["https:\/\/infotep.com.ar\/wp-content\/uploads\/2024\/01\/360-1.webp",640,237,false],"blossom-feminine-slider":["https:\/\/infotep.com.ar\/wp-content\/uploads\/2024\/01\/360-1.webp",640,237,false],"blossom-feminine-featured":["https:\/\/infotep.com.ar\/wp-content\/uploads\/2024\/01\/360-1.webp",640,237,false],"blossom-feminine-with-sidebar":["https:\/\/infotep.com.ar\/wp-content\/uploads\/2024\/01\/360-1.webp",640,237,false],"blossom-feminine-blog":["https:\/\/infotep.com.ar\/wp-content\/uploads\/2024\/01\/360-1-435x237.webp",435,237,true],"blossom-feminine-cat":["https:\/\/infotep.com.ar\/wp-content\/uploads\/2024\/01\/360-1-450x237.webp",450,237,true],"blossom-feminine-related":["https:\/\/infotep.com.ar\/wp-content\/uploads\/2024\/01\/360-1-320x200.webp",320,200,true],"blossom-feminine-schema":["https:\/\/infotep.com.ar\/wp-content\/uploads\/2024\/01\/360-1-162x60.webp",162,60,true],"blossom-mommy-blog-slider-big":["https:\/\/infotep.com.ar\/wp-content\/uploads\/2024\/01\/360-1.webp",640,237,false],"blossom-mommy-blog-slider":["https:\/\/infotep.com.ar\/wp-content\/uploads\/2024\/01\/360-1-460x237.webp",460,237,true],"blossom-mommy-blog-two":["https:\/\/infotep.com.ar\/wp-content\/uploads\/2024\/01\/360-1.webp",640,237,false]},"author_info":{"info":["Angela Tobar"]},"category_info":"<a href=\"https:\/\/infotep.com.ar\/index.php\/category\/municipales\/la-matanza\/\" rel=\"category tag\">La Matanza<\/a>","tag_info":"La Matanza","comment_count":"0","_links":{"self":[{"href":"https:\/\/infotep.com.ar\/index.php\/wp-json\/wp\/v2\/posts\/10598"}],"collection":[{"href":"https:\/\/infotep.com.ar\/index.php\/wp-json\/wp\/v2\/posts"}],"about":[{"href":"https:\/\/infotep.com.ar\/index.php\/wp-json\/wp\/v2\/types\/post"}],"author":[{"embeddable":true,"href":"https:\/\/infotep.com.ar\/index.php\/wp-json\/wp\/v2\/users\/5"}],"replies":[{"embeddable":true,"href":"https:\/\/infotep.com.ar\/index.php\/wp-json\/wp\/v2\/comments?post=10598"}],"version-history":[{"count":1,"href":"https:\/\/infotep.com.ar\/index.php\/wp-json\/wp\/v2\/posts\/10598\/revisions"}],"predecessor-version":[{"id":10600,"href":"https:\/\/infotep.com.ar\/index.php\/wp-json\/wp\/v2\/posts\/10598\/revisions\/10600"}],"wp:featuredmedia":[{"embeddable":true,"href":"https:\/\/infotep.com.ar\/index.php\/wp-json\/wp\/v2\/media\/10599"}],"wp:attachment":[{"href":"https:\/\/infotep.com.ar\/index.php\/wp-json\/wp\/v2\/media?parent=10598"}],"wp:term":[{"taxonomy":"category","embeddable":true,"href":"https:\/\/infotep.com.ar\/index.php\/wp-json\/wp\/v2\/categories?post=10598"},{"taxonomy":"post_tag","embeddable":true,"href":"https:\/\/infotep.com.ar\/index.php\/wp-json\/wp\/v2\/tags?post=10598"}],"curies":[{"name":"wp","href":"https:\/\/api.w.org\/{rel}","templated":true}]}}