{"id":10634,"date":"2024-01-19T12:14:47","date_gmt":"2024-01-19T15:14:47","guid":{"rendered":"https:\/\/infotep.com.ar\/?p=10634"},"modified":"2024-01-19T12:14:48","modified_gmt":"2024-01-19T15:14:48","slug":"convocan-a-visibilizar-la-crisis-que-afecta-a-mas-de-200-000-personas-con-discapacidad","status":"publish","type":"post","link":"https:\/\/infotep.com.ar\/index.php\/2024\/01\/19\/convocan-a-visibilizar-la-crisis-que-afecta-a-mas-de-200-000-personas-con-discapacidad\/","title":{"rendered":"Convocan a visibilizar la crisis que afecta a m\u00e1s de 200.000 personas con discapacidad"},"content":{"rendered":"\n<p>Los consultorios, el transporte, los centros de d\u00eda, las escuelas y hogares que prestan servicios a las personas con discapacidad no pueden afrontar los costos para cumplir con su funci\u00f3n, producto de la creciente inflaci\u00f3n. La situaci\u00f3n ser\u00e1 denunciada en conferencia de prensa.<\/p>\n\n\n\n<p>El Foro Permanente para la Promoci\u00f3n y Defensa de los Derechos de las Personas con Discapacidad convoc\u00f3 a una conferencia para &#8220;visibilizar y realizar diversos anuncios frente a la crisis de los servicios que brindan prestaciones a m\u00e1s de 200.000 personas con discapacidad en instituciones, consultorios, transporte, centros de d\u00eda, centros educativos terap\u00e9uticos, escuelas, hogares, entre otras&#8221;.<\/p>\n\n\n\n<p>La conferencia anunciada a trav\u00e9s de la cuenta de Instagram del Foro Permanente se realizar\u00e1 este viernes 19 de enero a las 10 de la ma\u00f1ana en la calle Adolfo Alsina 1433, piso 2 departamento B, del barrio porte\u00f1o de Montserrat.<\/p>\n\n\n\n<p>&#8220;Mientras la inflaci\u00f3n anual del 2023 fue del 211,4%, el aumento de aranceles del mismo a\u00f1o fue tan solo del 120,8 %. Esto arroja una diferencia de casi 100 puntos. Es en este contexto que, quienes brindan servicios a personas con discapacidad, ya no pueden sostenerse y piden al Gobierno Nacional una respuesta urgente&#8221;, apuntaron desde el Foro en el comunicado oficial.<\/p>\n\n\n\n<p>El jueves 4 de enero, la Federaci\u00f3n Argentina de Transportistas para Personas con Discapacidad suspendi\u00f3 el servicio en reclamo de un &#8220;urgente reajuste arancelario&#8221; basado- entre otros puntos- en los recientes aumentos de los combustibles.<\/p>\n\n\n\n<p>La medida, que afect\u00f3 a cerca de 230.000 personas, se inici\u00f3 esa semana, mientras voceros de la Agencia Nacional de Discapacidad (Andis) indicaron a T\u00e9lam que las nuevas autoridades del organismo convocar\u00edan a un encuentro para entablar un di\u00e1logo con los transportistas.<\/p>\n\n\n\n<p>Por su parte, desde el Foro Permanente de Promoci\u00f3n de los Derechos de las Personas con Discapacidad indicaron que se encuentran en &#8220;estado de alerta&#8221;, ya que la situaci\u00f3n de &#8220;crisis del sector vulnera los derechos del colectivo&#8221;.<\/p>\n\n\n\n<p>La falta de transporte para las personas con discapacidad &#8220;es por tiempo indeterminado&#8221;, en reclamo de &#8220;un urgente reajuste arancelario&#8221;.<\/p>\n","protected":false},"excerpt":{"rendered":"<p>Los consultorios, el transporte, los centros de d&iacute;a, las escuelas y hogares que prestan servicios a las personas con discapacidad no pueden afrontar los costos para cumplir con su funci&oacute;n, producto de la creciente inflaci&oacute;n. La situaci&oacute;n ser&aacute; denunciada en conferencia de prensa. El Foro Permanente para la Promoci&oacute;n y Defensa de los Derechos de &hellip; <\/p>\n","protected":false},"author":5,"featured_media":10635,"comment_status":"closed","ping_status":"closed","sticky":false,"template":"","format":"standard","meta":{"om_disable_all_campaigns":false,"_joinchat":[]},"categories":[3],"tags":[46,43],"featured_image_urls":{"full":["https:\/\/infotep.com.ar\/wp-content\/uploads\/2024\/01\/DISCAPACIDAD.jpg",1200,675,false],"thumbnail":["https:\/\/infotep.com.ar\/wp-content\/uploads\/2024\/01\/DISCAPACIDAD-150x150.jpg",150,150,true],"medium":["https:\/\/infotep.com.ar\/wp-content\/uploads\/2024\/01\/DISCAPACIDAD-300x169.jpg",300,169,true],"medium_large":["https:\/\/infotep.com.ar\/wp-content\/uploads\/2024\/01\/DISCAPACIDAD-768x432.jpg",768,432,true],"large":["https:\/\/infotep.com.ar\/wp-content\/uploads\/2024\/01\/DISCAPACIDAD-1024x576.jpg",1020,574,true],"1536x1536":["https:\/\/infotep.com.ar\/wp-content\/uploads\/2024\/01\/DISCAPACIDAD.jpg",1200,675,false],"2048x2048":["https:\/\/infotep.com.ar\/wp-content\/uploads\/2024\/01\/DISCAPACIDAD.jpg",1200,675,false],"blossom-feminine-slider":["https:\/\/infotep.com.ar\/wp-content\/uploads\/2024\/01\/DISCAPACIDAD-1200x649.jpg",1200,649,true],"blossom-feminine-featured":["https:\/\/infotep.com.ar\/wp-content\/uploads\/2024\/01\/DISCAPACIDAD-1200x600.jpg",1200,600,true],"blossom-feminine-with-sidebar":["https:\/\/infotep.com.ar\/wp-content\/uploads\/2024\/01\/DISCAPACIDAD-1020x600.jpg",1020,600,true],"blossom-feminine-blog":["https:\/\/infotep.com.ar\/wp-content\/uploads\/2024\/01\/DISCAPACIDAD-435x435.jpg",435,435,true],"blossom-feminine-cat":["https:\/\/infotep.com.ar\/wp-content\/uploads\/2024\/01\/DISCAPACIDAD-450x300.jpg",450,300,true],"blossom-feminine-related":["https:\/\/infotep.com.ar\/wp-content\/uploads\/2024\/01\/DISCAPACIDAD-320x200.jpg",320,200,true],"blossom-feminine-schema":["https:\/\/infotep.com.ar\/wp-content\/uploads\/2024\/01\/DISCAPACIDAD-107x60.jpg",107,60,true],"blossom-mommy-blog-slider-big":["https:\/\/infotep.com.ar\/wp-content\/uploads\/2024\/01\/DISCAPACIDAD-920x650.jpg",920,650,true],"blossom-mommy-blog-slider":["https:\/\/infotep.com.ar\/wp-content\/uploads\/2024\/01\/DISCAPACIDAD-460x310.jpg",460,310,true],"blossom-mommy-blog-two":["https:\/\/infotep.com.ar\/wp-content\/uploads\/2024\/01\/DISCAPACIDAD-768x480.jpg",768,480,true]},"author_info":{"info":["Angela Tobar"]},"category_info":"<a href=\"https:\/\/infotep.com.ar\/index.php\/category\/nacionales\/\" rel=\"category tag\">Nacionales<\/a>","tag_info":"Nacionales","comment_count":"0","_links":{"self":[{"href":"https:\/\/infotep.com.ar\/index.php\/wp-json\/wp\/v2\/posts\/10634"}],"collection":[{"href":"https:\/\/infotep.com.ar\/index.php\/wp-json\/wp\/v2\/posts"}],"about":[{"href":"https:\/\/infotep.com.ar\/index.php\/wp-json\/wp\/v2\/types\/post"}],"author":[{"embeddable":true,"href":"https:\/\/infotep.com.ar\/index.php\/wp-json\/wp\/v2\/users\/5"}],"replies":[{"embeddable":true,"href":"https:\/\/infotep.com.ar\/index.php\/wp-json\/wp\/v2\/comments?post=10634"}],"version-history":[{"count":1,"href":"https:\/\/infotep.com.ar\/index.php\/wp-json\/wp\/v2\/posts\/10634\/revisions"}],"predecessor-version":[{"id":10636,"href":"https:\/\/infotep.com.ar\/index.php\/wp-json\/wp\/v2\/posts\/10634\/revisions\/10636"}],"wp:featuredmedia":[{"embeddable":true,"href":"https:\/\/infotep.com.ar\/index.php\/wp-json\/wp\/v2\/media\/10635"}],"wp:attachment":[{"href":"https:\/\/infotep.com.ar\/index.php\/wp-json\/wp\/v2\/media?parent=10634"}],"wp:term":[{"taxonomy":"category","embeddable":true,"href":"https:\/\/infotep.com.ar\/index.php\/wp-json\/wp\/v2\/categories?post=10634"},{"taxonomy":"post_tag","embeddable":true,"href":"https:\/\/infotep.com.ar\/index.php\/wp-json\/wp\/v2\/tags?post=10634"}],"curies":[{"name":"wp","href":"https:\/\/api.w.org\/{rel}","templated":true}]}}