{"id":10663,"date":"2024-01-22T01:50:48","date_gmt":"2024-01-22T04:50:48","guid":{"rendered":"https:\/\/infotep.com.ar\/?p=10663"},"modified":"2024-01-22T01:50:49","modified_gmt":"2024-01-22T04:50:49","slug":"prision-preventiva-para-tres-acusados-de-matar-a-golpes-a-lautaro-alvaredo-en-laferrere","status":"publish","type":"post","link":"https:\/\/infotep.com.ar\/index.php\/2024\/01\/22\/prision-preventiva-para-tres-acusados-de-matar-a-golpes-a-lautaro-alvaredo-en-laferrere\/","title":{"rendered":"Prisi\u00f3n preventiva para tres acusados de matar a golpes a Lautaro Alvaredo en Laferrere"},"content":{"rendered":"\n<p>&#8220;Pedimos Justicia. Estamos destruidos totalmente por lo que pas\u00f3 con Lauti. No hay forma de remediar todo los que nos hicieron, especialmente con la sa\u00f1a con que lo hicieron&#8221; dijo a T\u00e9lam Diego Alvaredo, padre de la v\u00edctima.<\/p>\n\n\n\n<p>Los tres acusados del crimen de Lautaro Alvaredo, el joven de 19 a\u00f1os atacado a golpes a la salida de un boliche de la localidad bonaerense de Gregorio de Laferrere y que falleci\u00f3 el 17 de noviembre pasado tras permanecer 12 d\u00edas internado con muerte cerebral, quedaron detenidos con prisi\u00f3n preventiva en distintos penales e imputados del delito de homicidio doblemente agravado.<\/p>\n\n\n\n<p>Fuentes judiciales informaron a T\u00e9lam que la medida dispuesta por el juez de Garant\u00edas 3 de La Matanza, Jorge Ochipinti, recay\u00f3 sobre Patricio Moreira (19), Fabricio Rom\u00e1n Stella (18) y Ian Noguera (19), quienes seguir\u00e1n presos mientras el expediente avanza hacia la etapa de juicio oral.<\/p>\n\n\n\n<p>A pedido del fiscal de la causa, Mat\u00edas Folino, los tres j\u00f3venes fueron procesados con prisi\u00f3n preventiva como coautores del delito de homicidio agravado por el concurso premeditado de dos o m\u00e1s personas y por alevos\u00eda, el mismo por el cual condenaron a los autores del crimen de Fernando B\u00e1ez Sosa (18), cometido en 2020 en la puerta de un Boliche de Villa Gesell.<\/p>\n\n\n\n<p>En tanto, al cumplirse el pasado 17 de diciembre dos meses del crimen de Lautaro, sus padres le rindieron un homenaje en el cementerio Jard\u00edn de los Ceibos, de Gonz\u00e1lez Cat\u00e1n.<\/p>\n\n\n\n<p>En declaraciones a T\u00e9lam, Diego Alvaredo, padre de la v\u00edctima, dijo: &#8220;Pedimos Justicia. Estamos destruidos totalmente por lo que pas\u00f3 con Lauti. No hay forma de remediar todo los que nos hicieron, especialmente con la sa\u00f1a con que lo hicieron.&#8221;<\/p>\n\n\n\n<p>&#8220;Estoy con psic\u00f3logo tratando de ver c\u00f3mo se sigue. Lautaro era todo para nosotros, sobre todo para m\u00ed&#8221;, dijo. Y agreg\u00f3: &#8220;Queremos la m\u00e1xima pena para los asesinos, para que no salgan m\u00e1s de la c\u00e1rcel&#8221;, agreg\u00f3.<\/p>\n\n\n\n<p>Al momento de requerir las prisiones preventivas de los acusados, el fiscal Folino analiz\u00f3 los elementos recabados en base a declaraciones testimoniales, fotos y v\u00eddeos que fueron aportados por testigos de la golpiza y el resultado de autopsia, que arroj\u00f3 que Lautaro muri\u00f3 a ra\u00edz de los golpes que recibi\u00f3 en el cr\u00e1neo.<\/p>\n\n\n\n<p>Para el representante del Ministerio P\u00fablico, de las im\u00e1genes se desprende que Stella y Moreira fueron quienes atacaron a golpes a la v\u00edctima estando estaba de pie, mientras que Noguera le peg\u00f3 patadas cuando ya se encontraba indefensa en el piso.<\/p>\n\n\n\n<p>De las im\u00e1genes se desprende que Fabricio Stella y Patricio Moreira fueron quienes atacaron a golpes a la v\u00edctima estando estaba de pie, mientras que Noguera le peg\u00f3 patadas cuando ya se encontraba indefensa en el piso<\/p>\n\n\n\n<p>Siempre de acuerdo a la acusaci\u00f3n fiscal, el conflicto se inici\u00f3 dentro del boliche &#8220;Cyrux&#8221;, situado en avenida Luro al 5700, de Gregorio de Laferrere, por una pelea entre el ahora detenido Noguera y un amigo de Lautaro, que sigui\u00f3 fuera del establecimiento.<\/p>\n\n\n\n<p>A ra\u00edz de ese ataque, ocurrido la madrugada del 6 de diciembre, Lautaro sufri\u00f3 grav\u00edsimas heridas que derivaron en su internaci\u00f3n con muerte cerebral hasta que el viernes 17, cuando muri\u00f3 en la cl\u00ednica Mariano Moreno, del partido bonaerense de Moreno.<\/p>\n\n\n\n<p>El primero de los detenidos por el caso fue Stella, a quien su padre y un abogado entregaron en una comisar\u00eda de Gregorio de Laferrere horas despu\u00e9s del ataque.<\/p>\n\n\n\n<p>&#8220;Pedimos Justicia. Estamos destruidos totalmente por lo que pas\u00f3 con Lauti. No hay forma de remediar todo los que nos hicieron, especialmente con la sa\u00f1a con que lo hicieron&#8221;<br>Diego Alvaredo, pap\u00e1 de Lautaro<\/p>\n\n\n\n<p>Las fuentes judiciales dijeron que Stella qued\u00f3 implicado porque im\u00e1genes de video y testigos lo ubicaron como uno de los j\u00f3venes que golpe\u00f3 a Lautaro antes de que cayera al suelo y fuera pateado en la cabeza.<\/p>\n\n\n\n<p>Mientras que a Noguera se lo sindic\u00f3 como el que inici\u00f3 el conflicto con la pelea dentro del boliche, aunque al ser indagado por el fiscal Folino se neg\u00f3 a declarar y a dar su versi\u00f3n de los hechos.<\/p>\n\n\n\n<p>Por su parte, Moreira fue ubicado por testigos y filmaciones en la escena de la pelea cuando lleg\u00f3 en una moto y se sum\u00f3 al ataque contra Lautaro, a quien tambi\u00e9n le peg\u00f3 cuando a\u00fan estaba de pie, seg\u00fan las im\u00e1genes analizadas en la causa.<\/p>\n\n\n\n<p>Al ser indagado por el fiscal Folino, Moreira cont\u00f3 que se meti\u00f3 en la pelea &#8220;porque alguien estaba pidiendo ayuda&#8221;.<\/p>\n\n\n\n<p>Ahora, bajo prisi\u00f3n preventiva, los tres detenidos fueron alojados en los penales bonaerenses de Sierra Chica, Florencio Varela y Mercedes.<\/p>\n\n\n\n<p>De acuerdo a lo probado por el momento en el expediente, la noche del 5 de noviembre Lautaro y sus amigos fueron a bailar a &#8220;Cyrux&#8221; y en el local se produjo una pelea entre el grupo que conformaba la v\u00edctima y otros j\u00f3venes, conflicto que se traslad\u00f3 a una plaza ubicada a cien metros.<\/p>\n\n\n\n<p>En un momento de la pelea, Lautaro cay\u00f3 al piso, donde recibi\u00f3 fuertes golpes en la cabeza hasta quedar inconsciente.<\/p>\n\n\n\n<p>Por tal motivo, el personal de seguridad del establecimiento decidi\u00f3 expulsar a todos los que hab\u00edan participado de ese conflicto.<\/p>\n\n\n\n<p>La salida de la v\u00edctima y sus amigos del boliche qued\u00f3 registrada por una c\u00e1mara de seguridad del mismo boliche y, seg\u00fan se estableci\u00f3, hasta ese momento no se hab\u00edan registrado hechos de violencia.<\/p>\n\n\n\n<p>Sin embargo, Lautaro y sus amigos caminaron hacia la Plaza Ej\u00e9rcito de los Andes, ubicada a menos de 100 metros del local bailable, y all\u00ed fueron atacados a golpes.<\/p>\n","protected":false},"excerpt":{"rendered":"<p>&ldquo;Pedimos Justicia. Estamos destruidos totalmente por lo que pas&oacute; con Lauti. No hay forma de remediar todo los que nos hicieron, especialmente con la sa&ntilde;a con que lo hicieron&rdquo; dijo a T&eacute;lam Diego Alvaredo, padre de la v&iacute;ctima. Los tres acusados del crimen de Lautaro Alvaredo, el joven de 19 a&ntilde;os atacado a golpes a &hellip; <\/p>\n","protected":false},"author":5,"featured_media":10664,"comment_status":"closed","ping_status":"closed","sticky":false,"template":"","format":"standard","meta":{"om_disable_all_campaigns":false,"_joinchat":[]},"categories":[31,26],"tags":[46,59,43],"featured_image_urls":{"full":["https:\/\/infotep.com.ar\/wp-content\/uploads\/2024\/01\/65ad4b6c199f7_1200.jpg",1200,675,false],"thumbnail":["https:\/\/infotep.com.ar\/wp-content\/uploads\/2024\/01\/65ad4b6c199f7_1200-150x150.jpg",150,150,true],"medium":["https:\/\/infotep.com.ar\/wp-content\/uploads\/2024\/01\/65ad4b6c199f7_1200-300x169.jpg",300,169,true],"medium_large":["https:\/\/infotep.com.ar\/wp-content\/uploads\/2024\/01\/65ad4b6c199f7_1200-768x432.jpg",768,432,true],"large":["https:\/\/infotep.com.ar\/wp-content\/uploads\/2024\/01\/65ad4b6c199f7_1200-1024x576.jpg",1020,574,true],"1536x1536":["https:\/\/infotep.com.ar\/wp-content\/uploads\/2024\/01\/65ad4b6c199f7_1200.jpg",1200,675,false],"2048x2048":["https:\/\/infotep.com.ar\/wp-content\/uploads\/2024\/01\/65ad4b6c199f7_1200.jpg",1200,675,false],"blossom-feminine-slider":["https:\/\/infotep.com.ar\/wp-content\/uploads\/2024\/01\/65ad4b6c199f7_1200-1200x649.jpg",1200,649,true],"blossom-feminine-featured":["https:\/\/infotep.com.ar\/wp-content\/uploads\/2024\/01\/65ad4b6c199f7_1200-1200x600.jpg",1200,600,true],"blossom-feminine-with-sidebar":["https:\/\/infotep.com.ar\/wp-content\/uploads\/2024\/01\/65ad4b6c199f7_1200-1020x600.jpg",1020,600,true],"blossom-feminine-blog":["https:\/\/infotep.com.ar\/wp-content\/uploads\/2024\/01\/65ad4b6c199f7_1200-435x435.jpg",435,435,true],"blossom-feminine-cat":["https:\/\/infotep.com.ar\/wp-content\/uploads\/2024\/01\/65ad4b6c199f7_1200-450x300.jpg",450,300,true],"blossom-feminine-related":["https:\/\/infotep.com.ar\/wp-content\/uploads\/2024\/01\/65ad4b6c199f7_1200-320x200.jpg",320,200,true],"blossom-feminine-schema":["https:\/\/infotep.com.ar\/wp-content\/uploads\/2024\/01\/65ad4b6c199f7_1200-107x60.jpg",107,60,true],"blossom-mommy-blog-slider-big":["https:\/\/infotep.com.ar\/wp-content\/uploads\/2024\/01\/65ad4b6c199f7_1200-920x650.jpg",920,650,true],"blossom-mommy-blog-slider":["https:\/\/infotep.com.ar\/wp-content\/uploads\/2024\/01\/65ad4b6c199f7_1200-460x310.jpg",460,310,true],"blossom-mommy-blog-two":["https:\/\/infotep.com.ar\/wp-content\/uploads\/2024\/01\/65ad4b6c199f7_1200-768x480.jpg",768,480,true]},"author_info":{"info":["Angela Tobar"]},"category_info":"<a href=\"https:\/\/infotep.com.ar\/index.php\/category\/destacadas\/\" rel=\"category tag\">Destacadas<\/a> <a href=\"https:\/\/infotep.com.ar\/index.php\/category\/municipales\/la-matanza\/\" rel=\"category tag\">La Matanza<\/a>","tag_info":"La Matanza","comment_count":"0","_links":{"self":[{"href":"https:\/\/infotep.com.ar\/index.php\/wp-json\/wp\/v2\/posts\/10663"}],"collection":[{"href":"https:\/\/infotep.com.ar\/index.php\/wp-json\/wp\/v2\/posts"}],"about":[{"href":"https:\/\/infotep.com.ar\/index.php\/wp-json\/wp\/v2\/types\/post"}],"author":[{"embeddable":true,"href":"https:\/\/infotep.com.ar\/index.php\/wp-json\/wp\/v2\/users\/5"}],"replies":[{"embeddable":true,"href":"https:\/\/infotep.com.ar\/index.php\/wp-json\/wp\/v2\/comments?post=10663"}],"version-history":[{"count":1,"href":"https:\/\/infotep.com.ar\/index.php\/wp-json\/wp\/v2\/posts\/10663\/revisions"}],"predecessor-version":[{"id":10665,"href":"https:\/\/infotep.com.ar\/index.php\/wp-json\/wp\/v2\/posts\/10663\/revisions\/10665"}],"wp:featuredmedia":[{"embeddable":true,"href":"https:\/\/infotep.com.ar\/index.php\/wp-json\/wp\/v2\/media\/10664"}],"wp:attachment":[{"href":"https:\/\/infotep.com.ar\/index.php\/wp-json\/wp\/v2\/media?parent=10663"}],"wp:term":[{"taxonomy":"category","embeddable":true,"href":"https:\/\/infotep.com.ar\/index.php\/wp-json\/wp\/v2\/categories?post=10663"},{"taxonomy":"post_tag","embeddable":true,"href":"https:\/\/infotep.com.ar\/index.php\/wp-json\/wp\/v2\/tags?post=10663"}],"curies":[{"name":"wp","href":"https:\/\/api.w.org\/{rel}","templated":true}]}}