{"id":10670,"date":"2024-01-22T01:55:45","date_gmt":"2024-01-22T04:55:45","guid":{"rendered":"https:\/\/infotep.com.ar\/?p=10670"},"modified":"2024-01-22T01:55:46","modified_gmt":"2024-01-22T04:55:46","slug":"desde-charly-garcia-y-fito-paez-hasta-cecilia-roth-la-carta-de-referentes-de-la-cultura-en-contra-de-la-ley-omnibus","status":"publish","type":"post","link":"https:\/\/infotep.com.ar\/index.php\/2024\/01\/22\/desde-charly-garcia-y-fito-paez-hasta-cecilia-roth-la-carta-de-referentes-de-la-cultura-en-contra-de-la-ley-omnibus\/","title":{"rendered":"Desde Charly Garc\u00eda y Fito P\u00e1ez hasta Cecilia Roth: la carta de referentes de la cultura en contra de la Ley \u00d3mnibus"},"content":{"rendered":"\n<p>Aseguraron que el sector \u201cest\u00e1 en peligro\u201d y pidieron que den marcha atr\u00e1s con las modificaciones y que los legisladores \u201cest\u00e9n a la altura\u201d.<br><br>Un grupo de referentes de la cultura argentina, entre los que se destacan Charly Garc\u00eda, Fito P\u00e1ez, Cecilia Roth y Graciela Borges, firmaron una carta abierta contra los cambios que se proponen en el \u00e1rea en la Ley \u00d3mnibus de Javier Milei.<\/p>\n\n\n\n<p>\u201cLa cultura est\u00e1 en peligro\u201d, advierten los artistas en un documento que posee m\u00e1s de \u201c20 mil firmas\u201d.<\/p>\n\n\n\n<p>En el texto demuestran su descontento y piden que no se realicen las modificaciones planteadas por el Gobierno que buscan el \u201cdesfinanciamiento\u201d del Instituto Nacional de Cine y Artes Audiovisuales (INCAA), del Instituto Nacional de la M\u00fasica (INAMU) y de las Bibliotecas Populares.<\/p>\n\n\n\n<p>Por otro lado, exigen que no se cierre el Fondo Nacional de las Artes y del Instituto Nacional del Teatro, el Instituto Nacional de la M\u00fasica (INAMU) y que no se derogue la Ley de la Actividad Librera.<\/p>\n\n\n\n<p>&#8220;Queremos seguir teniendo una identidad propia como Naci\u00f3n. De otro modo, s\u00f3lo nos quedar\u00e1 el destino triste de no ser. De eso se trata esta lucha. Un pa\u00eds es tan grande o tan peque\u00f1o como la medida de su proyecto cultural&#8221;, expresan hacia diputados y senadores que tratan la el paquete de medidas.<\/p>\n\n\n\n<p>A los legisladores, les solicitan que \u201cest\u00e9n a la altura\u201d, debido a que &#8220;la cultura es lo \u00fanico que no se puede importar, la hacen los pueblos&#8221;.<\/p>\n\n\n\n<p class=\"has-light-green-cyan-background-color has-background\">Los referentes culturales exponen que la administraci\u00f3n de Milei &#8220;pretende derogar leyes vitales para la supervivencia de las industrias culturales, las artes y las ciencias, y el patrimonio cultural&#8221; del pa\u00eds y aseguran: \u201cArremete contra la cultura, los medios p\u00fablicos y los organismos descentralizados que fomentan la producci\u00f3n cultural de nuestra Naci\u00f3n&#8221;.<\/p>\n\n\n\n<p>&#8220;No hay en la letra de su desarrollo el mero atisbo de participaci\u00f3n ni inter\u00e9s alguno en el quehacer cultural, y por el contrario, el texto tiene una mirada mercantilista que apunta sin miramientos a desfinanciar y anular el desarrollo de las actividades de nuestra cultura nacional&#8221;, agregaron.<\/p>\n\n\n\n<p>La carta abierta tambi\u00e9n cuenta con el apoyo de Le\u00f3n Gieco, Santiago Mitre, \u201cPalito\u201d Ortega y Martin Caparr\u00f3s, entre otros.<\/p>\n\n\n\n<p>Las medidas, que estos referentes consideran que van en contra de los valores esenciales para la Argentina, fueron repudiadas por el sector. De hecho, se realizaron manifestaciones frente al Congreso, la Casa Rosada y en distintas ciudades del pa\u00eds.<\/p>\n\n\n\n<p>De las movilizaciones participaron desde actores y m\u00fasicos hasta gestores culturales.<\/p>\n","protected":false},"excerpt":{"rendered":"<p>Aseguraron que el sector &ldquo;est&aacute; en peligro&rdquo; y pidieron que den marcha atr&aacute;s con las modificaciones y que los legisladores &ldquo;est&eacute;n a la altura&rdquo;. Un grupo de referentes de la cultura argentina, entre los que se destacan Charly Garc&iacute;a, Fito P&aacute;ez, Cecilia Roth y Graciela Borges, firmaron una carta abierta contra los cambios que se &hellip; <\/p>\n","protected":false},"author":5,"featured_media":10671,"comment_status":"closed","ping_status":"closed","sticky":false,"template":"","format":"standard","meta":{"om_disable_all_campaigns":false,"_joinchat":[]},"categories":[3],"tags":[46,43],"featured_image_urls":{"full":["https:\/\/infotep.com.ar\/wp-content\/uploads\/2024\/01\/360-2.webp",640,360,false],"thumbnail":["https:\/\/infotep.com.ar\/wp-content\/uploads\/2024\/01\/360-2-150x150.webp",150,150,true],"medium":["https:\/\/infotep.com.ar\/wp-content\/uploads\/2024\/01\/360-2-300x169.webp",300,169,true],"medium_large":["https:\/\/infotep.com.ar\/wp-content\/uploads\/2024\/01\/360-2.webp",640,360,false],"large":["https:\/\/infotep.com.ar\/wp-content\/uploads\/2024\/01\/360-2.webp",640,360,false],"1536x1536":["https:\/\/infotep.com.ar\/wp-content\/uploads\/2024\/01\/360-2.webp",640,360,false],"2048x2048":["https:\/\/infotep.com.ar\/wp-content\/uploads\/2024\/01\/360-2.webp",640,360,false],"blossom-feminine-slider":["https:\/\/infotep.com.ar\/wp-content\/uploads\/2024\/01\/360-2.webp",640,360,false],"blossom-feminine-featured":["https:\/\/infotep.com.ar\/wp-content\/uploads\/2024\/01\/360-2.webp",640,360,false],"blossom-feminine-with-sidebar":["https:\/\/infotep.com.ar\/wp-content\/uploads\/2024\/01\/360-2.webp",640,360,false],"blossom-feminine-blog":["https:\/\/infotep.com.ar\/wp-content\/uploads\/2024\/01\/360-2-435x360.webp",435,360,true],"blossom-feminine-cat":["https:\/\/infotep.com.ar\/wp-content\/uploads\/2024\/01\/360-2-450x300.webp",450,300,true],"blossom-feminine-related":["https:\/\/infotep.com.ar\/wp-content\/uploads\/2024\/01\/360-2-320x200.webp",320,200,true],"blossom-feminine-schema":["https:\/\/infotep.com.ar\/wp-content\/uploads\/2024\/01\/360-2-107x60.webp",107,60,true],"blossom-mommy-blog-slider-big":["https:\/\/infotep.com.ar\/wp-content\/uploads\/2024\/01\/360-2.webp",640,360,false],"blossom-mommy-blog-slider":["https:\/\/infotep.com.ar\/wp-content\/uploads\/2024\/01\/360-2-460x310.webp",460,310,true],"blossom-mommy-blog-two":["https:\/\/infotep.com.ar\/wp-content\/uploads\/2024\/01\/360-2.webp",640,360,false]},"author_info":{"info":["Angela Tobar"]},"category_info":"<a href=\"https:\/\/infotep.com.ar\/index.php\/category\/nacionales\/\" rel=\"category tag\">Nacionales<\/a>","tag_info":"Nacionales","comment_count":"0","_links":{"self":[{"href":"https:\/\/infotep.com.ar\/index.php\/wp-json\/wp\/v2\/posts\/10670"}],"collection":[{"href":"https:\/\/infotep.com.ar\/index.php\/wp-json\/wp\/v2\/posts"}],"about":[{"href":"https:\/\/infotep.com.ar\/index.php\/wp-json\/wp\/v2\/types\/post"}],"author":[{"embeddable":true,"href":"https:\/\/infotep.com.ar\/index.php\/wp-json\/wp\/v2\/users\/5"}],"replies":[{"embeddable":true,"href":"https:\/\/infotep.com.ar\/index.php\/wp-json\/wp\/v2\/comments?post=10670"}],"version-history":[{"count":1,"href":"https:\/\/infotep.com.ar\/index.php\/wp-json\/wp\/v2\/posts\/10670\/revisions"}],"predecessor-version":[{"id":10672,"href":"https:\/\/infotep.com.ar\/index.php\/wp-json\/wp\/v2\/posts\/10670\/revisions\/10672"}],"wp:featuredmedia":[{"embeddable":true,"href":"https:\/\/infotep.com.ar\/index.php\/wp-json\/wp\/v2\/media\/10671"}],"wp:attachment":[{"href":"https:\/\/infotep.com.ar\/index.php\/wp-json\/wp\/v2\/media?parent=10670"}],"wp:term":[{"taxonomy":"category","embeddable":true,"href":"https:\/\/infotep.com.ar\/index.php\/wp-json\/wp\/v2\/categories?post=10670"},{"taxonomy":"post_tag","embeddable":true,"href":"https:\/\/infotep.com.ar\/index.php\/wp-json\/wp\/v2\/tags?post=10670"}],"curies":[{"name":"wp","href":"https:\/\/api.w.org\/{rel}","templated":true}]}}