{"id":1070,"date":"2022-09-03T01:06:00","date_gmt":"2022-09-03T04:06:00","guid":{"rendered":"https:\/\/infotep.com.ar\/?p=1070"},"modified":"2022-09-15T01:08:16","modified_gmt":"2022-09-15T04:08:16","slug":"fernando-espinoza-dios-puso-las-manos-sobre-cristina-para-que-esa-bala-no-saliera","status":"publish","type":"post","link":"https:\/\/infotep.com.ar\/index.php\/2022\/09\/03\/fernando-espinoza-dios-puso-las-manos-sobre-cristina-para-que-esa-bala-no-saliera\/","title":{"rendered":"Fernando Espinoza: \u201cDios puso las manos sobre Cristina para que esa bala no saliera\u201d"},"content":{"rendered":"\n<p>En declaraciones a la prensa, durante la marcha convocada a Plaza de Mayo en defensa de la democracia y en repudio al atentado cometido contra la vicepresidenta, Cristina Fern\u00e1ndez de Kirchner, el intendente de La Matanza, Fernando Espinoza afirm\u00f3: \u201cVenimos a expresar nuestro en\u00e9rgico repudio al atentado contra la querida vicepresidenta, nuestra presidenta del coraz\u00f3n por siempre, Cristina Fern\u00e1ndez de Kirchner \u201c, y agreg\u00f3: \u201cDios puso las manos sobre Cristina para que esa bala, que se gatill\u00f3 dos veces, no saliera, sino hoy estar\u00edamos en una situaci\u00f3n tr\u00e1gica para el pa\u00eds y el mundo\u201c.*<\/p>\n\n\n\n<p>En ese sentido, el jefe comunal, expres\u00f3: \u201cEs tiempo de que toda la dirigencia pol\u00edtica, el poder econ\u00f3mico, los medios de comunicaci\u00f3n y el poder judicial hagamos un an\u00e1lisis profundo de lo que hicimos mal en los \u00faltimos a\u00f1os, y en los \u00faltimos meses para llegar a esta tr\u00e1gica situaci\u00f3n. Esto no puede pasar Nunca M\u00e1s, este atentado contra Cristina debe ser un antes y un despu\u00e9s en la historia Argentina.\u201d<\/p>\n\n\n\n<p>\u201cHay que terminar con los discursos y las fake news del odio.\u201d sostuvo Espinoza. En esa l\u00ednea, agreg\u00f3: \u201cBasta de las demonizaciones, las estigmatizaciones, que terminan generando la persecuci\u00f3n pol\u00edtica, judicial, los espionajes ilegales y las acusaciones sin fundamentos porque eso genera odio\u201c.<\/p>\n\n\n\n<p>\u201cLo importante es que todos los argentinos y argentinas nos unamos m\u00e1s all\u00e1 de las diferencias y en defensa de la Democracia\u201c, a\u00f1adi\u00f3 Espinoza.<\/p>\n\n\n\n<p>Adem\u00e1s, el jefe comunal se\u00f1al\u00f3 que \u201clos intendentes y las intendentas de toda la Argentina, a trav\u00e9s de la Federaci\u00f3n Argentina de Municipios, convocamos a todos los sectores de la sociedad en cada ciudad del pa\u00eds para reflexionar sobre este grav\u00edsimo hecho y terminar de una vez por todas con el odio y la grieta\u201c.<\/p>\n\n\n\n<p>\u201cNosotros proponemos un gran acuerdo social con todos los sectores pol\u00edticos, con los trabajadores, los sectores sociales, los empresarios y los productores rurales para fortalecer nuestro sistema democr\u00e1tico\u201c, remarc\u00f3 Espinoza. Y finaliz\u00f3: \u201cTiene que empezar una nueva etapa hist\u00f3rica en la Argentina y estoy seguro que la mayor\u00eda de los argentinos y argentinas queremos lo mismo: La paz social, los consensos y la unidad nacional. La violencia siempre engendra violencia y estoy seguro que el amor va a vencer al odio\u201d.<\/p>\n","protected":false},"excerpt":{"rendered":"<p>En declaraciones a la prensa, durante la marcha convocada a Plaza de Mayo en defensa de la democracia y en repudio al atentado cometido contra la vicepresidenta, Cristina Fern&aacute;ndez de Kirchner, el intendente de La Matanza, Fernando Espinoza afirm&oacute;: &ldquo;Venimos a expresar nuestro en&eacute;rgico repudio al atentado contra la querida vicepresidenta, nuestra presidenta del coraz&oacute;n &hellip; <\/p>\n","protected":false},"author":5,"featured_media":1067,"comment_status":"closed","ping_status":"closed","sticky":false,"template":"","format":"standard","meta":{"om_disable_all_campaigns":false,"_joinchat":[]},"categories":[26],"tags":[60,46,59,43],"featured_image_urls":{"full":["https:\/\/infotep.com.ar\/wp-content\/uploads\/2022\/09\/FE-MARCHA-DEMOCRACIA-1-1-scaled.jpg",2560,1828,false],"thumbnail":["https:\/\/infotep.com.ar\/wp-content\/uploads\/2022\/09\/FE-MARCHA-DEMOCRACIA-1-1-150x150.jpg",150,150,true],"medium":["https:\/\/infotep.com.ar\/wp-content\/uploads\/2022\/09\/FE-MARCHA-DEMOCRACIA-1-1-300x214.jpg",300,214,true],"medium_large":["https:\/\/infotep.com.ar\/wp-content\/uploads\/2022\/09\/FE-MARCHA-DEMOCRACIA-1-1-768x548.jpg",768,548,true],"large":["https:\/\/infotep.com.ar\/wp-content\/uploads\/2022\/09\/FE-MARCHA-DEMOCRACIA-1-1-1024x731.jpg",1020,728,true],"1536x1536":["https:\/\/infotep.com.ar\/wp-content\/uploads\/2022\/09\/FE-MARCHA-DEMOCRACIA-1-1-1536x1097.jpg",1536,1097,true],"2048x2048":["https:\/\/infotep.com.ar\/wp-content\/uploads\/2022\/09\/FE-MARCHA-DEMOCRACIA-1-1-2048x1463.jpg",2048,1463,true],"blossom-feminine-slider":["https:\/\/infotep.com.ar\/wp-content\/uploads\/2022\/09\/FE-MARCHA-DEMOCRACIA-1-1-1920x649.jpg",1920,649,true],"blossom-feminine-featured":["https:\/\/infotep.com.ar\/wp-content\/uploads\/2022\/09\/FE-MARCHA-DEMOCRACIA-1-1-1410x600.jpg",1410,600,true],"blossom-feminine-with-sidebar":["https:\/\/infotep.com.ar\/wp-content\/uploads\/2022\/09\/FE-MARCHA-DEMOCRACIA-1-1-1020x600.jpg",1020,600,true],"blossom-feminine-blog":["https:\/\/infotep.com.ar\/wp-content\/uploads\/2022\/09\/FE-MARCHA-DEMOCRACIA-1-1-435x435.jpg",435,435,true],"blossom-feminine-cat":["https:\/\/infotep.com.ar\/wp-content\/uploads\/2022\/09\/FE-MARCHA-DEMOCRACIA-1-1-450x300.jpg",450,300,true],"blossom-feminine-related":["https:\/\/infotep.com.ar\/wp-content\/uploads\/2022\/09\/FE-MARCHA-DEMOCRACIA-1-1-320x200.jpg",320,200,true],"blossom-feminine-schema":["https:\/\/infotep.com.ar\/wp-content\/uploads\/2022\/09\/FE-MARCHA-DEMOCRACIA-1-1-84x60.jpg",84,60,true],"blossom-mommy-blog-slider-big":["https:\/\/infotep.com.ar\/wp-content\/uploads\/2022\/09\/FE-MARCHA-DEMOCRACIA-1-1-920x650.jpg",920,650,true],"blossom-mommy-blog-slider":["https:\/\/infotep.com.ar\/wp-content\/uploads\/2022\/09\/FE-MARCHA-DEMOCRACIA-1-1-460x310.jpg",460,310,true],"blossom-mommy-blog-two":["https:\/\/infotep.com.ar\/wp-content\/uploads\/2022\/09\/FE-MARCHA-DEMOCRACIA-1-1-768x480.jpg",768,480,true]},"author_info":{"info":["Angela Tobar"]},"category_info":"<a href=\"https:\/\/infotep.com.ar\/index.php\/category\/municipales\/la-matanza\/\" rel=\"category tag\">La Matanza<\/a>","tag_info":"La Matanza","comment_count":"0","_links":{"self":[{"href":"https:\/\/infotep.com.ar\/index.php\/wp-json\/wp\/v2\/posts\/1070"}],"collection":[{"href":"https:\/\/infotep.com.ar\/index.php\/wp-json\/wp\/v2\/posts"}],"about":[{"href":"https:\/\/infotep.com.ar\/index.php\/wp-json\/wp\/v2\/types\/post"}],"author":[{"embeddable":true,"href":"https:\/\/infotep.com.ar\/index.php\/wp-json\/wp\/v2\/users\/5"}],"replies":[{"embeddable":true,"href":"https:\/\/infotep.com.ar\/index.php\/wp-json\/wp\/v2\/comments?post=1070"}],"version-history":[{"count":1,"href":"https:\/\/infotep.com.ar\/index.php\/wp-json\/wp\/v2\/posts\/1070\/revisions"}],"predecessor-version":[{"id":1071,"href":"https:\/\/infotep.com.ar\/index.php\/wp-json\/wp\/v2\/posts\/1070\/revisions\/1071"}],"wp:featuredmedia":[{"embeddable":true,"href":"https:\/\/infotep.com.ar\/index.php\/wp-json\/wp\/v2\/media\/1067"}],"wp:attachment":[{"href":"https:\/\/infotep.com.ar\/index.php\/wp-json\/wp\/v2\/media?parent=1070"}],"wp:term":[{"taxonomy":"category","embeddable":true,"href":"https:\/\/infotep.com.ar\/index.php\/wp-json\/wp\/v2\/categories?post=1070"},{"taxonomy":"post_tag","embeddable":true,"href":"https:\/\/infotep.com.ar\/index.php\/wp-json\/wp\/v2\/tags?post=1070"}],"curies":[{"name":"wp","href":"https:\/\/api.w.org\/{rel}","templated":true}]}}