{"id":1072,"date":"2022-08-26T01:08:00","date_gmt":"2022-08-26T04:08:00","guid":{"rendered":"https:\/\/infotep.com.ar\/?p=1072"},"modified":"2022-09-15T01:11:46","modified_gmt":"2022-09-15T04:11:46","slug":"espinoza-encabezo-una-exitosa-mision-comercial-de-la-fam-en-brasil","status":"publish","type":"post","link":"https:\/\/infotep.com.ar\/index.php\/2022\/08\/26\/espinoza-encabezo-una-exitosa-mision-comercial-de-la-fam-en-brasil\/","title":{"rendered":"Espinoza encabez\u00f3 una exitosa misi\u00f3n comercial de la FAM en Brasil"},"content":{"rendered":"\n<p>El presidente de la Federaci\u00f3n Argentina de Municipios (FAM), Fernando Espinoza, encabez\u00f3 una misi\u00f3n comercial multisectorial focalizada en productos de g\u00f3ndola elaborados por empresas e intendentes del pa\u00eds en S\u00e3o Paulo junto con el embajador de Argentina en Brasil, Daniel Scioli, la secretaria de Producci\u00f3n, D\u00e9bora Giorgi y el c\u00f3nsul, Luis Mar\u00eda Klecker. Se llevaron a cabo diversas actividades institucionales para potenciar el intercambio y la integraci\u00f3n.<\/p>\n\n\n\n<p>La comitiva de la FAM, representaba a 8 provincias argentinas y 20 municipios, as\u00ed como 35 empresarios y empresarias de compa\u00f1\u00edas del rubro de alimentos y bebidas, productos metal\u00fargicos de consumo, para la seguridad y la construcci\u00f3n. Adem\u00e1s, cont\u00f3 con la presencia de los intendentes Alejo Chornobroff de Avellaneda, Buenos Aires; Juan Manuel Garc\u00eda de Machagai, Chaco; Mart\u00edn Asc\u00faa de Paso de los Libres, Corrientes; y Flor Dest\u00e9fanis, de Santa Rosa, Mendoza; quienes tambi\u00e9n participaron de diversas reuniones institucionales que concluyeron en la firma de importantes Acuerdos de Cooperaci\u00f3n entre organizaciones que representan a municipios, industrias y agencias de desarrollo de Brasil.<\/p>\n\n\n\n<p>En la ronda de negocios, organizada por el Consulado argentino en colaboraci\u00f3n con la Asociaci\u00f3n Comercial de San Pablo (ACSP), los empresarios y empresarias participantes de las provincias de Buenos Aires, Chaco, Corrientes, Entre R\u00edos, La Pampa, R\u00edo Negro, Mendoza y San Luis realizaron m\u00e1s de 200 reuniones con sus contrapartes brasile\u00f1as.<\/p>\n\n\n\n<p>Al cierre de la jornada de intercambio comercial, el presidente de la FAM, Fernando Espinoza, expres\u00f3: \u201cHemos participado de una misi\u00f3n realmente exitosa, se cerraron negocios por millones de d\u00f3lares. Los empresarios quedaron muy felices y lo m\u00e1s importante es que se ha generado este reconocimiento de los empresarios brasile\u00f1os que adem\u00e1s encamina a nuevas operaciones futuras cuyo fin es seguir haciendo crecer a nuestras empresas, a nuestros trabajadores y con ellos a nuestra Argentina\u201d.<\/p>\n\n\n\n<p>\u201cVinimos a Brasil, que es nuestro tercer socio comercial, porque queremos abrirle las puertas del mundo a nuestras empresas, esto significa m\u00e1s trabajo y empleo joven para las argentinas y los argentinos, y eso trae felicidad y bienestar a nuestro pueblo\u201d.<\/p>\n\n\n\n<p>A su turno, el embajador argentino en Brasil, Daniel Scioli, destac\u00f3: \u201cEstas misiones son importantes para generar puestos de trabajo e ingresos genuinos a partir de la relaci\u00f3n que venimos reconstruyendo\u201d, y agreg\u00f3: \u201cBrasil volvi\u00f3 a ser el principal socio comercial de la Argentina y el objetivo que tenemos para los tiempos que vienen es generar un gran acuerdo de cooperaci\u00f3n porque los municipios cumplen un rol fundamental ya que son los que est\u00e1n m\u00e1s cerca de la gente, y de sus empresarios\u201d.<\/p>\n\n\n\n<p>La secretaria de Producci\u00f3n de La Matanza, D\u00e9bora Giorgi, expres\u00f3: \u201cLas soluciones vienen de la integraci\u00f3n productiva y, dentro de esta integraci\u00f3n productiva, desde los distritos y desde las capacidades de los territorios que conforman la identidad productiva de los pa\u00edses. Seguir esos lineamientos y escuchar lo que la gente le demanda a los intendentes es el camino\u201d.<\/p>\n\n\n\n<p>Por otra parte, en la ciudad capital de Brasilia, la delegaci\u00f3n de la FAM firm\u00f3 un Acuerdo de Cooperaci\u00f3n con la Asociaci\u00f3n Brasile\u00f1a de Municipios (ABM) donde quedaron establecidos mecanismos de colaboraci\u00f3n en materia de integraci\u00f3n econ\u00f3mica, ambiente, infraestructura urbana, de protecci\u00f3n ciudadana e inclusi\u00f3n social, para articular y gestionar pol\u00edticas p\u00fablicas entre ambos pa\u00edses que fortalezcan el desarrollo de Brasil y la Argentina y potencien la fuerza productiva que representan en Latinoam\u00e9rica.<\/p>\n\n\n\n<p>Al respecto, el presidente de la ABM, Ary Jos\u00e9 Vanazzi, sostuvo: \u201cEn Brasil queremos restablecer la relaci\u00f3n con alcaldes argentinos para pensar alternativas desde lo econ\u00f3mico y lo cultural, y lograr una integraci\u00f3n m\u00e1s fuerte con Argentina que se perdi\u00f3 en los \u00faltimos a\u00f1os despu\u00e9s del golpe contra Dilma, por eso este acuerdo es un paso muy importante en ese sentido; y desde el punto de vista econ\u00f3mico, social, cultural, hist\u00f3rico y ambiental\u201d.<\/p>\n\n\n\n<p>Asimismo, la agenda continu\u00f3 con una importante reuni\u00f3n con la Federaci\u00f3n de Industrias de Brasilia (FIBRA), que agrupa uno de los sectores m\u00e1s productivos de la capital de Brasil. All\u00ed se firm\u00f3 un Memor\u00e1ndum de cooperaci\u00f3n que establece un sistema de interacci\u00f3n t\u00e9cnica entre la FAM y la FIBRA con el fin de promover el intercambio comercial, tecnol\u00f3gico y de conocimiento, por medio de acciones de promoci\u00f3n comercial; con vistas a la creaci\u00f3n de negocios y la generaci\u00f3n de empleo entre las industrias del Distrito Federal de Brasilia y las industrias de los municipios que componen la Federaci\u00f3n Argentina de Municipios.<\/p>\n\n\n\n<p>\u201cEs muy importante para nosotros generar lazos comerciales, como tambi\u00e9n pol\u00edticos, tecnol\u00f3gicos y educativos entre los Municipios de la Argentina y de Brasil. Consideramos primordial tender los puentes necesarios para construir las acciones conjuntas que contin\u00faen consolidando el MERCOSUR y profundizando la integraci\u00f3n de la Patria grande. Ante el contexto internacional tenemos grandes oportunidades, y Argentina y Brasil unidos son el pilar del renacimiento de Latinoam\u00e9rica y de toda la regi\u00f3n\u201d, concluy\u00f3 Fernando Espinoza.<\/p>\n\n\n\n<p>La delegaci\u00f3n de la FAM inici\u00f3 la agenda bilateral el d\u00eda lunes con un encuentro con las autoridades del Consorcio Intermunicipal del Gran ABC, donde la FAM y la Agencia de Desarrollo Econ\u00f3mico del Gran ABC firmaron un Protocolo de Intenci\u00f3n con el objetivo de estimular la cooperaci\u00f3n para el desarrollo productivo municipal entre ambas entidades para que puedan contribuir mutuamente en acciones que fortalezcan el trabajo y el progreso de los territorios.<\/p>\n\n\n\n<p>Durante la misi\u00f3n comercial, tambi\u00e9n se llevaron a cabo otros encuentros para establecer nuevos v\u00ednculos entre Brasil y Argentina, entre los que se destacan la reuni\u00f3n con la Asociaci\u00f3n de Comercios de San Pablo (ACSP) y la reuni\u00f3n con la Federaci\u00f3n de Industrias de San Pablo (FIESP). Adem\u00e1s, el presidente de la FAM, Fernando Espinoza, junto a la delegaci\u00f3n, mantuvo una reuni\u00f3n de trabajo en la Asamblea Legislativa de S\u00e3o Paulo (ALESP) con Paulo Fiorilo, presidente de la Comisi\u00f3n de Relaciones Internacionales; M\u00e1rcia Lia, l\u00edder de la banca del Partido de los Trabajadores (PT) y diputados del bloque del PT de Brasil. Luego, a trav\u00e9s de la Red Federal de Juventudes, recientemente creada por la FAM, conversaron con j\u00f3venes del PT donde intercambiaron ideas y experiencias sobre la participaci\u00f3n de las juventudes en la pol\u00edtica de Brasil y la Argentina, y ponderaron la educaci\u00f3n como herramienta transformadora de las nuevas generaciones.<\/p>\n","protected":false},"excerpt":{"rendered":"<p>El presidente de la Federaci&oacute;n Argentina de Municipios (FAM), Fernando Espinoza, encabez&oacute; una misi&oacute;n comercial multisectorial focalizada en productos de g&oacute;ndola elaborados por empresas e intendentes del pa&iacute;s en S&atilde;o Paulo junto con el embajador de Argentina en Brasil, Daniel Scioli, la secretaria de Producci&oacute;n, D&eacute;bora Giorgi y el c&oacute;nsul, Luis Mar&iacute;a Klecker. Se llevaron &hellip; <\/p>\n","protected":false},"author":5,"featured_media":1073,"comment_status":"closed","ping_status":"closed","sticky":false,"template":"","format":"standard","meta":{"om_disable_all_campaigns":false,"_joinchat":[]},"categories":[26],"tags":[60,46,59,43],"featured_image_urls":{"full":["https:\/\/infotep.com.ar\/wp-content\/uploads\/2022\/09\/descarga-1.jpg",300,168,false],"thumbnail":["https:\/\/infotep.com.ar\/wp-content\/uploads\/2022\/09\/descarga-1-150x150.jpg",150,150,true],"medium":["https:\/\/infotep.com.ar\/wp-content\/uploads\/2022\/09\/descarga-1.jpg",300,168,false],"medium_large":["https:\/\/infotep.com.ar\/wp-content\/uploads\/2022\/09\/descarga-1.jpg",300,168,false],"large":["https:\/\/infotep.com.ar\/wp-content\/uploads\/2022\/09\/descarga-1.jpg",300,168,false],"1536x1536":["https:\/\/infotep.com.ar\/wp-content\/uploads\/2022\/09\/descarga-1.jpg",300,168,false],"2048x2048":["https:\/\/infotep.com.ar\/wp-content\/uploads\/2022\/09\/descarga-1.jpg",300,168,false],"blossom-feminine-slider":["https:\/\/infotep.com.ar\/wp-content\/uploads\/2022\/09\/descarga-1.jpg",300,168,false],"blossom-feminine-featured":["https:\/\/infotep.com.ar\/wp-content\/uploads\/2022\/09\/descarga-1.jpg",300,168,false],"blossom-feminine-with-sidebar":["https:\/\/infotep.com.ar\/wp-content\/uploads\/2022\/09\/descarga-1.jpg",300,168,false],"blossom-feminine-blog":["https:\/\/infotep.com.ar\/wp-content\/uploads\/2022\/09\/descarga-1.jpg",300,168,false],"blossom-feminine-cat":["https:\/\/infotep.com.ar\/wp-content\/uploads\/2022\/09\/descarga-1.jpg",300,168,false],"blossom-feminine-related":["https:\/\/infotep.com.ar\/wp-content\/uploads\/2022\/09\/descarga-1.jpg",300,168,false],"blossom-feminine-schema":["https:\/\/infotep.com.ar\/wp-content\/uploads\/2022\/09\/descarga-1-107x60.jpg",107,60,true],"blossom-mommy-blog-slider-big":["https:\/\/infotep.com.ar\/wp-content\/uploads\/2022\/09\/descarga-1.jpg",300,168,false],"blossom-mommy-blog-slider":["https:\/\/infotep.com.ar\/wp-content\/uploads\/2022\/09\/descarga-1.jpg",300,168,false],"blossom-mommy-blog-two":["https:\/\/infotep.com.ar\/wp-content\/uploads\/2022\/09\/descarga-1.jpg",300,168,false]},"author_info":{"info":["Angela Tobar"]},"category_info":"<a href=\"https:\/\/infotep.com.ar\/index.php\/category\/municipales\/la-matanza\/\" rel=\"category tag\">La Matanza<\/a>","tag_info":"La Matanza","comment_count":"0","_links":{"self":[{"href":"https:\/\/infotep.com.ar\/index.php\/wp-json\/wp\/v2\/posts\/1072"}],"collection":[{"href":"https:\/\/infotep.com.ar\/index.php\/wp-json\/wp\/v2\/posts"}],"about":[{"href":"https:\/\/infotep.com.ar\/index.php\/wp-json\/wp\/v2\/types\/post"}],"author":[{"embeddable":true,"href":"https:\/\/infotep.com.ar\/index.php\/wp-json\/wp\/v2\/users\/5"}],"replies":[{"embeddable":true,"href":"https:\/\/infotep.com.ar\/index.php\/wp-json\/wp\/v2\/comments?post=1072"}],"version-history":[{"count":1,"href":"https:\/\/infotep.com.ar\/index.php\/wp-json\/wp\/v2\/posts\/1072\/revisions"}],"predecessor-version":[{"id":1074,"href":"https:\/\/infotep.com.ar\/index.php\/wp-json\/wp\/v2\/posts\/1072\/revisions\/1074"}],"wp:featuredmedia":[{"embeddable":true,"href":"https:\/\/infotep.com.ar\/index.php\/wp-json\/wp\/v2\/media\/1073"}],"wp:attachment":[{"href":"https:\/\/infotep.com.ar\/index.php\/wp-json\/wp\/v2\/media?parent=1072"}],"wp:term":[{"taxonomy":"category","embeddable":true,"href":"https:\/\/infotep.com.ar\/index.php\/wp-json\/wp\/v2\/categories?post=1072"},{"taxonomy":"post_tag","embeddable":true,"href":"https:\/\/infotep.com.ar\/index.php\/wp-json\/wp\/v2\/tags?post=1072"}],"curies":[{"name":"wp","href":"https:\/\/api.w.org\/{rel}","templated":true}]}}