{"id":1099,"date":"2022-09-15T01:40:11","date_gmt":"2022-09-15T04:40:11","guid":{"rendered":"https:\/\/infotep.com.ar\/?p=1099"},"modified":"2022-09-15T01:40:13","modified_gmt":"2022-09-15T04:40:13","slug":"llega-a-la-matanza-la-xv-feria-municipal-del-libro","status":"publish","type":"post","link":"https:\/\/infotep.com.ar\/index.php\/2022\/09\/15\/llega-a-la-matanza-la-xv-feria-municipal-del-libro\/","title":{"rendered":"<strong>Llega a La Matanza la XV Feria Municipal del Libro<\/strong>"},"content":{"rendered":"\n<p>Organizada por la Secretar\u00eda de Cultura y Educaci\u00f3n de La Matanza, tendr\u00e1 su acto inaugural el pr\u00f3ximo viernes 16 de septiembre, a las 17.30 horas, en la plaza General San Mart\u00edn de San Justo y permanecer\u00e1 abierta al p\u00fablico, del 16 al 25 de septiembre, de lunes a viernes de 10 a 20 horas, y fines de semana de 12 a 21 horas, con entrada gratuita y una variada agenda de actividades.<\/p>\n\n\n\n<p>En sus 15\u00ba aniversario, el megaevento cultural m\u00e1s importante del a\u00f1o en todo el distrito, en esta oportunidad inaugurar\u00e1 una edici\u00f3n muy especial con una velada que contar\u00e1 con la participaci\u00f3n de importantes artistas de la escena local y nacional, el pr\u00f3ximo viernes 16 de septiembre a las 17:30 horas, en la plaza de San Justo.<\/p>\n\n\n\n<p>Esta primera jornada contar\u00e1 con el concierto musical interpretado por los ni\u00f1os y j\u00f3venes que integran los Coros y Orquestas de La Matanza, junto a los cantantes populares Peteco Carabajal, Fabio Santana y Daniel Arga\u00f1araz, que interpretar\u00e1n el Himno Nacional acompa\u00f1ados de los profesores y alumnos de los Talleres Municipales de Danzas y la Banda Municipal de M\u00fasica.<\/p>\n\n\n\n<p>Adem\u00e1s, se presentar\u00e1n en vivo los reconocidos cantantes Florencia Otero y Germ\u00e1n Tripel, quienes junto a bailarines, alumnos y exalumnos del Taller Municipal de Teatro Musical de Ramos Mej\u00eda interpretar\u00e1n \u201cLa canci\u00f3n del jacarand\u00e1\u201d y \u201cEl adivinador\u201d pertenecientes a la obra de comedia musical \u201cUn viaje al pa\u00eds de No Me Acuerdo\u201d, inspirado en el universo de Mar\u00eda Elena Walsh.<\/p>\n\n\n\n<p>La apertura incluir\u00e1 tambi\u00e9n un segmento de m\u00fasica y danzas folkl\u00f3ricas y actividades art\u00edsticas en vivo como body painting, murales y recitado de poes\u00eda, y ser\u00e1 el marco para la ceremonia de premiaci\u00f3n de los ganadores de dos importantes cert\u00e1menes que desarrolla la Secretar\u00eda de Cultura y Educaci\u00f3n: el concurso de relato breve \u201cLa Matanza en Letras\u201d y el 1\u00b0 Sal\u00f3n Municipal de Artes Visuales.<\/p>\n\n\n\n<p>Durante los diez d\u00edas en los que se desarrollar\u00e1 la XV Feria Municipal del Libro, se podr\u00e1 participar de variadas actividades gratuitas, donde se ver\u00e1n reflejadas todas las disciplinas art\u00edsticas y manifestaciones culturales, en un mismo espacio cultural de encuentro, intercambio, inclusi\u00f3n y diversidad.<\/p>\n\n\n\n<p>&nbsp;La programaci\u00f3n incluye presentaciones de libros, conciertos, pe\u00f1a tradicionalista, Encuentro de Escritores de La Matanza, caf\u00e9 literario, capacitaciones, charlas, recitales de poes\u00eda, conversatorios, talleres, narraciones, obras teatrales, espect\u00e1culos circenses, shows de t\u00edteres y actividades deportivas.<\/p>\n\n\n\n<p>Tambi\u00e9n, en los diferentes auditorios se presentar\u00e1n figuras destacadas de la escena local, provincial y nacional, y en el Auditorio Federico Pedro Russo se realizar\u00e1n las siguientes actividades destacadas.<\/p>\n\n\n\n<p>ACTIVIDADES DESTACADAS<\/p>\n\n\n\n<p>Auditorio Federico Pedro Russo<\/p>\n\n\n\n<p><strong>\u2022\u00a0\u00a0\u00a0\u00a0\u00a0\u00a0 Viernes 16\/9, 17:30 hs<\/strong><\/p>\n\n\n\n<p>Acto de inauguraci\u00f3n.<\/p>\n\n\n\n<p>\u2022<strong>\u00a0\u00a0\u00a0\u00a0\u00a0\u00a0 S\u00e1bado 17\/9, 16:00 hs<\/strong><\/p>\n\n\n\n<p>Show en vivo del cantautor Ignacio Copani.<\/p>\n\n\n\n<p><strong>\u2022\u00a0\u00a0\u00a0\u00a0\u00a0\u00a0 Lunes 19\/9, 18:00 hs<\/strong><\/p>\n\n\n\n<p>\u201cNarrativas Conurbanas\u201d por Dolores Reyes y L\u00eda Chara.<\/p>\n\n\n\n<p>(Actividad realizada en conjunto con el Instituto Cultural de la Provincia de Buenos Aires).<\/p>\n\n\n\n<p><strong>\u2022\u00a0\u00a0\u00a0\u00a0\u00a0\u00a0 Jueves 22\/9, 18:00 hs<\/strong><\/p>\n\n\n\n<p>Pedro Saborido y Rep presentan: &#8220;Conurbano, Maradona, peronismo y coso. Charla dibujada&#8221;.<\/p>\n\n\n\n<p><strong>\u2022\u00a0\u00a0\u00a0\u00a0\u00a0\u00a0 Viernes 23\/9<\/strong><\/p>\n\n\n\n<p>15:00 hs &#8211; Mari\u00e1n Far\u00edas G\u00f3mez junto a Liliana Hendel presentan el Libro &#8220;Far\u00edas G\u00f3mez, la tribu&#8221; de Carlos Molinero.<\/p>\n\n\n\n<p>18:00 hs &#8211; Gustavo Sylvestre.<\/p>\n\n\n\n<p><strong>\u2022\u00a0\u00a0\u00a0\u00a0\u00a0\u00a0 S\u00e1bado 24\/9<\/strong><\/p>\n\n\n\n<p>12:00 hs &#8211; V\u00edctor Hugo Morales presenta el libro \u201cAstor Piazzolla. Momentos\u201d.<\/p>\n\n\n\n<p>16:00 hs &#8211; Gustavo Campana y Ricardo Gotta.<\/p>\n\n\n\n<p>19:30 hs &#8211; Concierto de la Orquesta de C\u00e1mara Leopoldo Marechal.<\/p>\n\n\n\n<p><strong>\u2022\u00a0\u00a0\u00a0\u00a0\u00a0\u00a0 Domingo 25\/9<\/strong><\/p>\n\n\n\n<p>16:30 hs \u2013 Cierre: \u201cGran Peric\u00f3n Nacional\u201d, pe\u00f1a al aire libre.<\/p>\n\n\n\n<p>&nbsp;&nbsp;&nbsp;&nbsp;&nbsp;&nbsp;&nbsp; Este a\u00f1o, la Primavera de Libros contar\u00e1 adem\u00e1s con un Auditorio Abierto donde se realizar\u00e1n presentaciones de libros y actividades educativas y deportivas para escuelas y el p\u00fablico en general. Los m\u00e1s chicos tendr\u00e1n su lugar en el Auditorio Mar\u00eda Elena Walsh, a cargo de las docentes de los Jardines de Infantes Municipales, donde podr\u00e1n disfrutar espect\u00e1culos infantiles y juegos did\u00e1cticos.<\/p>\n\n\n\n<p>Asimismo, se llevar\u00e1n a cabo actividades en simult\u00e1neo en distintos puntos descentralizados de La Matanza, como Ramos Mej\u00eda, Gonz\u00e1lez Cat\u00e1n, Gregorio de Laferrere, Ciudad Evita, Isidro Casanova, Rafael Castillo y Virrey del Pino.<\/p>\n\n\n\n<p><strong>\u00a0Acerca de la Feria Municipal del Libro \u201cPrimavera de Libros\u201d<\/strong><\/p>\n\n\n\n<p>Creada en el 2008 por iniciativa del Intendente Fernando Espinoza, a trav\u00e9s de la Secretar\u00eda de Cultura y Educaci\u00f3n, es el evento cultural m\u00e1s importante de La Matanza y se realiza todos los a\u00f1os con el fin de promover la literatura y el encuentro entre los diferentes actores culturales entre editoriales, libreros, artistas locales y nacionales, entidades, diferentes \u00e1reas del Municipio y el p\u00fablico en general.<\/p>\n\n\n\n<p>En ese sentido, cabe recordar que han pasado por la \u201cPrimavera de Libros\u201d y dejado su huella en estos 15 a\u00f1os, los referentes m\u00e1s destacados de nuestra cultura; y cuenta con las Declaraciones de Inter\u00e9s Cultural del Ministerio de Cultura de la Naci\u00f3n, de Inter\u00e9s Provincial Cultural de la Provincia de Buenos Aires y de Inter\u00e9s Municipal, Cultural y Educativo del Honorable Concejo Deliberante de La Matanza.<\/p>\n","protected":false},"excerpt":{"rendered":"<p>Organizada por la Secretar&iacute;a de Cultura y Educaci&oacute;n de La Matanza, tendr&aacute; su acto inaugural el pr&oacute;ximo viernes 16 de septiembre, a las 17.30 horas, en la plaza General San Mart&iacute;n de San Justo y permanecer&aacute; abierta al p&uacute;blico, del 16 al 25 de septiembre, de lunes a viernes de 10 a 20 horas, y &hellip; <\/p>\n","protected":false},"author":5,"featured_media":1100,"comment_status":"closed","ping_status":"closed","sticky":false,"template":"","format":"standard","meta":{"om_disable_all_campaigns":false,"_joinchat":[]},"categories":[31,26],"tags":[78,60,46,59,79,43],"featured_image_urls":{"full":["https:\/\/infotep.com.ar\/wp-content\/uploads\/2022\/09\/feria-del-libro-la-matanza.jpg",880,493,false],"thumbnail":["https:\/\/infotep.com.ar\/wp-content\/uploads\/2022\/09\/feria-del-libro-la-matanza-150x150.jpg",150,150,true],"medium":["https:\/\/infotep.com.ar\/wp-content\/uploads\/2022\/09\/feria-del-libro-la-matanza-300x168.jpg",300,168,true],"medium_large":["https:\/\/infotep.com.ar\/wp-content\/uploads\/2022\/09\/feria-del-libro-la-matanza-768x430.jpg",768,430,true],"large":["https:\/\/infotep.com.ar\/wp-content\/uploads\/2022\/09\/feria-del-libro-la-matanza.jpg",880,493,false],"1536x1536":["https:\/\/infotep.com.ar\/wp-content\/uploads\/2022\/09\/feria-del-libro-la-matanza.jpg",880,493,false],"2048x2048":["https:\/\/infotep.com.ar\/wp-content\/uploads\/2022\/09\/feria-del-libro-la-matanza.jpg",880,493,false],"blossom-feminine-slider":["https:\/\/infotep.com.ar\/wp-content\/uploads\/2022\/09\/feria-del-libro-la-matanza.jpg",880,493,false],"blossom-feminine-featured":["https:\/\/infotep.com.ar\/wp-content\/uploads\/2022\/09\/feria-del-libro-la-matanza.jpg",880,493,false],"blossom-feminine-with-sidebar":["https:\/\/infotep.com.ar\/wp-content\/uploads\/2022\/09\/feria-del-libro-la-matanza.jpg",880,493,false],"blossom-feminine-blog":["https:\/\/infotep.com.ar\/wp-content\/uploads\/2022\/09\/feria-del-libro-la-matanza-435x435.jpg",435,435,true],"blossom-feminine-cat":["https:\/\/infotep.com.ar\/wp-content\/uploads\/2022\/09\/feria-del-libro-la-matanza-450x300.jpg",450,300,true],"blossom-feminine-related":["https:\/\/infotep.com.ar\/wp-content\/uploads\/2022\/09\/feria-del-libro-la-matanza-320x200.jpg",320,200,true],"blossom-feminine-schema":["https:\/\/infotep.com.ar\/wp-content\/uploads\/2022\/09\/feria-del-libro-la-matanza-107x60.jpg",107,60,true],"blossom-mommy-blog-slider-big":["https:\/\/infotep.com.ar\/wp-content\/uploads\/2022\/09\/feria-del-libro-la-matanza.jpg",880,493,false],"blossom-mommy-blog-slider":["https:\/\/infotep.com.ar\/wp-content\/uploads\/2022\/09\/feria-del-libro-la-matanza-460x310.jpg",460,310,true],"blossom-mommy-blog-two":["https:\/\/infotep.com.ar\/wp-content\/uploads\/2022\/09\/feria-del-libro-la-matanza-768x480.jpg",768,480,true]},"author_info":{"info":["Angela Tobar"]},"category_info":"<a href=\"https:\/\/infotep.com.ar\/index.php\/category\/destacadas\/\" rel=\"category tag\">Destacadas<\/a> <a href=\"https:\/\/infotep.com.ar\/index.php\/category\/municipales\/la-matanza\/\" rel=\"category tag\">La Matanza<\/a>","tag_info":"La Matanza","comment_count":"0","_links":{"self":[{"href":"https:\/\/infotep.com.ar\/index.php\/wp-json\/wp\/v2\/posts\/1099"}],"collection":[{"href":"https:\/\/infotep.com.ar\/index.php\/wp-json\/wp\/v2\/posts"}],"about":[{"href":"https:\/\/infotep.com.ar\/index.php\/wp-json\/wp\/v2\/types\/post"}],"author":[{"embeddable":true,"href":"https:\/\/infotep.com.ar\/index.php\/wp-json\/wp\/v2\/users\/5"}],"replies":[{"embeddable":true,"href":"https:\/\/infotep.com.ar\/index.php\/wp-json\/wp\/v2\/comments?post=1099"}],"version-history":[{"count":1,"href":"https:\/\/infotep.com.ar\/index.php\/wp-json\/wp\/v2\/posts\/1099\/revisions"}],"predecessor-version":[{"id":1101,"href":"https:\/\/infotep.com.ar\/index.php\/wp-json\/wp\/v2\/posts\/1099\/revisions\/1101"}],"wp:featuredmedia":[{"embeddable":true,"href":"https:\/\/infotep.com.ar\/index.php\/wp-json\/wp\/v2\/media\/1100"}],"wp:attachment":[{"href":"https:\/\/infotep.com.ar\/index.php\/wp-json\/wp\/v2\/media?parent=1099"}],"wp:term":[{"taxonomy":"category","embeddable":true,"href":"https:\/\/infotep.com.ar\/index.php\/wp-json\/wp\/v2\/categories?post=1099"},{"taxonomy":"post_tag","embeddable":true,"href":"https:\/\/infotep.com.ar\/index.php\/wp-json\/wp\/v2\/tags?post=1099"}],"curies":[{"name":"wp","href":"https:\/\/api.w.org\/{rel}","templated":true}]}}