{"id":11001,"date":"2024-02-04T13:59:48","date_gmt":"2024-02-04T16:59:48","guid":{"rendered":"https:\/\/infotep.com.ar\/?p=11001"},"modified":"2024-02-04T14:00:23","modified_gmt":"2024-02-04T17:00:23","slug":"scioli-siempre-estoy-dispuesto-a-ayudar-en-momentos-dificiles","status":"publish","type":"post","link":"https:\/\/infotep.com.ar\/index.php\/2024\/02\/04\/scioli-siempre-estoy-dispuesto-a-ayudar-en-momentos-dificiles\/","title":{"rendered":"Scioli: &#8220;Siempre estoy dispuesto a ayudar en momentos dif\u00edciles&#8221;"},"content":{"rendered":"\n<p>&#8220;Quiero colaborar y ayudar con mi experiencia&#8221;, argument\u00f3 el secretario de Turismo, Deportes y Medio Ambiente, que fue embajador en Brasil durante el gobienro de Alberto Fern\u00e1ndez, vicepresidente de N\u00e9stor Kirchner (2003-2007) y gobernador bonaerense por el Frente para la Victoria (2007-2015).<\/p>\n\n\n\n<p>El secretario de Turismo, Deportes y Medio Ambiente, Daniel Scioli, afirm\u00f3 este domingo que acept\u00f3 incorporarse al gabinete de Javier Milei para &#8220;colaborar&#8221; en un \u00e1rea cuyo objetivo es &#8220;generar trabajo y divisas genuinas&#8221; y, ante las cr\u00edticas recibidas de parte de dirigentes del peronismo, destac\u00f3 que &#8220;siempre&#8221; estuvo &#8220;dispuesto a ayudar en los momentos dif\u00edciles&#8221; del pa\u00eds.<\/p>\n\n\n\n<p>&#8220;Tomo esta etapa con un gran compromiso. Tengo fe que el pa\u00eds va a salir adelante. Quiero colaborar y ayudar con mi experiencia. Escuch\u00e9 que a algunos les llamaba la atenci\u00f3n. Siempre han visto de mi parte que estoy dispuesto a ayudar, particularmente, en los momentos dif\u00edciles&#8221;, expres\u00f3.<\/p>\n\n\n\n<p>En declaraciones a Radio Mitre, Scioli indic\u00f3 que las cr\u00edticas que recibi\u00f3 en los \u00faltimos d\u00edas tras aceptar la propuesta de incorporarse al Gobierno bajo la \u00f3rbita del ministro del Interior, Guillermo Francos, se debieron a su voluntad de &#8220;trabajar&#8221; y a la decisi\u00f3n de abandonar la &#8220;tranquilidad&#8221; que pod\u00eda significar permanecer en el cargo de embajador argentino en Brasil, puesto que dej\u00f3 para asumir al frente de la Secretar\u00eda de Turismo.<\/p>\n\n\n\n<p>Scioli, que fue vicepresidente de N\u00e9stor Kirchner (2003-2007) y gobernador bonaerense por el Frente para la Victoria (2007-2015), coment\u00f3 que &#8220;desde hace ocho a\u00f1os&#8221; mantiene un &#8220;v\u00ednculo&#8221; con el presidente Milei.<\/p>\n\n\n\n<p><strong>&#8220;Tengo afecto, respeto y reconocimiento por c\u00f3mo \u00e9l interpret\u00f3 una voluntad de cambio de la sociedad y tiene ahora esa misi\u00f3n de cumplir con las expectativas&#8221;, evalu\u00f3.<\/strong><\/p>\n\n\n\n<p>En ese sentido, consider\u00f3 que Milei impuls\u00f3 la denominada Ley &#8220;Bases&#8221; en el Congreso para afrontar &#8220;m\u00faltiples dificultades que atraviesa el pa\u00eds&#8221;, y resalt\u00f3 que frente al debate parlamentario que se dio en las \u00faltimas semanas en la C\u00e1mara de Diputados, el Presidente &#8220;se abri\u00f3 y escuch\u00f3&#8221; las sugerencias y cambios propuestos por la oposici\u00f3n &#8220;sin perder el objetivo y el rumbo hacia el futuro&#8221;.<\/p>\n\n\n\n<p>&#8220;Lo que estamos viendo es una oposici\u00f3n que plantea desde distintos puntos de vista y un oficialismo que le da atenci\u00f3n. Tengo fe que el pa\u00eds va a salir adelante si tenemos una conciencia colectiva de d\u00f3nde venimos, d\u00f3nde estamos y hacia d\u00f3nde vamos&#8221;, analiz\u00f3.<\/p>\n\n\n\n<p><strong>Scioli pidi\u00f3 a la sociedad que &#8220;tenga en cuenta&#8221; que &#8220;las cosas no se pueden solucionar de un d\u00eda para el otro&#8221; y afirm\u00f3 que &#8220;la inflaci\u00f3n va a ir bajando&#8221; por medio de pol\u00edticas que garanticen &#8220;el equilibrio fiscal&#8221;.<\/strong><\/p>\n\n\n\n<p>El flamante funcionario, que el a\u00f1o pasado se hab\u00eda postulado como precandidato a presidente de la coalici\u00f3n peronista Uni\u00f3n por la Patria (UxP) para competir en las primarias de 2023, una aspiraci\u00f3n de la que finalmente desisti\u00f3, asegur\u00f3 que a los 67 a\u00f1os no tiene &#8220;ninguna aspiraci\u00f3n pol\u00edtica electoral m\u00e1s&#8221;.<\/p>\n\n\n\n<p>Y agreg\u00f3: &#8220;Mi tiempo en la pol\u00edtica electoral termin\u00f3 cuando no se dieron las condiciones para competir en esas PASO; esto lo sabe muy bien el Presidente. Lo que quiero es colaborar, ayudar, aportar mi experiencia. Si soy criticado por eso, bueno, me quedo tranquilo de que estoy haciendo lo que yo siento&#8221;, finaliz\u00f3.<\/p>\n","protected":false},"excerpt":{"rendered":"<p>&ldquo;Quiero colaborar y ayudar con mi experiencia&rdquo;, argument&oacute; el secretario de Turismo, Deportes y Medio Ambiente, que fue embajador en Brasil durante el gobienro de Alberto Fern&aacute;ndez, vicepresidente de N&eacute;stor Kirchner (2003-2007) y gobernador bonaerense por el Frente para la Victoria (2007-2015). El secretario de Turismo, Deportes y Medio Ambiente, Daniel Scioli, afirm&oacute; este domingo &hellip; <\/p>\n","protected":false},"author":5,"featured_media":11002,"comment_status":"closed","ping_status":"closed","sticky":false,"template":"","format":"standard","meta":{"om_disable_all_campaigns":false,"_joinchat":[]},"categories":[3],"tags":[46,43],"featured_image_urls":{"full":["https:\/\/infotep.com.ar\/wp-content\/uploads\/2024\/02\/65b943c99c901_1200.jpg",1200,675,false],"thumbnail":["https:\/\/infotep.com.ar\/wp-content\/uploads\/2024\/02\/65b943c99c901_1200-150x150.jpg",150,150,true],"medium":["https:\/\/infotep.com.ar\/wp-content\/uploads\/2024\/02\/65b943c99c901_1200-300x169.jpg",300,169,true],"medium_large":["https:\/\/infotep.com.ar\/wp-content\/uploads\/2024\/02\/65b943c99c901_1200-768x432.jpg",768,432,true],"large":["https:\/\/infotep.com.ar\/wp-content\/uploads\/2024\/02\/65b943c99c901_1200-1024x576.jpg",1020,574,true],"1536x1536":["https:\/\/infotep.com.ar\/wp-content\/uploads\/2024\/02\/65b943c99c901_1200.jpg",1200,675,false],"2048x2048":["https:\/\/infotep.com.ar\/wp-content\/uploads\/2024\/02\/65b943c99c901_1200.jpg",1200,675,false],"blossom-feminine-slider":["https:\/\/infotep.com.ar\/wp-content\/uploads\/2024\/02\/65b943c99c901_1200-1200x649.jpg",1200,649,true],"blossom-feminine-featured":["https:\/\/infotep.com.ar\/wp-content\/uploads\/2024\/02\/65b943c99c901_1200-1200x600.jpg",1200,600,true],"blossom-feminine-with-sidebar":["https:\/\/infotep.com.ar\/wp-content\/uploads\/2024\/02\/65b943c99c901_1200-1020x600.jpg",1020,600,true],"blossom-feminine-blog":["https:\/\/infotep.com.ar\/wp-content\/uploads\/2024\/02\/65b943c99c901_1200-435x435.jpg",435,435,true],"blossom-feminine-cat":["https:\/\/infotep.com.ar\/wp-content\/uploads\/2024\/02\/65b943c99c901_1200-450x300.jpg",450,300,true],"blossom-feminine-related":["https:\/\/infotep.com.ar\/wp-content\/uploads\/2024\/02\/65b943c99c901_1200-320x200.jpg",320,200,true],"blossom-feminine-schema":["https:\/\/infotep.com.ar\/wp-content\/uploads\/2024\/02\/65b943c99c901_1200-107x60.jpg",107,60,true],"blossom-mommy-blog-slider-big":["https:\/\/infotep.com.ar\/wp-content\/uploads\/2024\/02\/65b943c99c901_1200-920x650.jpg",920,650,true],"blossom-mommy-blog-slider":["https:\/\/infotep.com.ar\/wp-content\/uploads\/2024\/02\/65b943c99c901_1200-460x310.jpg",460,310,true],"blossom-mommy-blog-two":["https:\/\/infotep.com.ar\/wp-content\/uploads\/2024\/02\/65b943c99c901_1200-768x480.jpg",768,480,true]},"author_info":{"info":["Angela Tobar"]},"category_info":"<a href=\"https:\/\/infotep.com.ar\/index.php\/category\/nacionales\/\" rel=\"category tag\">Nacionales<\/a>","tag_info":"Nacionales","comment_count":"0","_links":{"self":[{"href":"https:\/\/infotep.com.ar\/index.php\/wp-json\/wp\/v2\/posts\/11001"}],"collection":[{"href":"https:\/\/infotep.com.ar\/index.php\/wp-json\/wp\/v2\/posts"}],"about":[{"href":"https:\/\/infotep.com.ar\/index.php\/wp-json\/wp\/v2\/types\/post"}],"author":[{"embeddable":true,"href":"https:\/\/infotep.com.ar\/index.php\/wp-json\/wp\/v2\/users\/5"}],"replies":[{"embeddable":true,"href":"https:\/\/infotep.com.ar\/index.php\/wp-json\/wp\/v2\/comments?post=11001"}],"version-history":[{"count":1,"href":"https:\/\/infotep.com.ar\/index.php\/wp-json\/wp\/v2\/posts\/11001\/revisions"}],"predecessor-version":[{"id":11003,"href":"https:\/\/infotep.com.ar\/index.php\/wp-json\/wp\/v2\/posts\/11001\/revisions\/11003"}],"wp:featuredmedia":[{"embeddable":true,"href":"https:\/\/infotep.com.ar\/index.php\/wp-json\/wp\/v2\/media\/11002"}],"wp:attachment":[{"href":"https:\/\/infotep.com.ar\/index.php\/wp-json\/wp\/v2\/media?parent=11001"}],"wp:term":[{"taxonomy":"category","embeddable":true,"href":"https:\/\/infotep.com.ar\/index.php\/wp-json\/wp\/v2\/categories?post=11001"},{"taxonomy":"post_tag","embeddable":true,"href":"https:\/\/infotep.com.ar\/index.php\/wp-json\/wp\/v2\/tags?post=11001"}],"curies":[{"name":"wp","href":"https:\/\/api.w.org\/{rel}","templated":true}]}}