{"id":1103,"date":"2022-08-30T11:14:00","date_gmt":"2022-08-30T14:14:00","guid":{"rendered":"https:\/\/infotep.com.ar\/?p=1103"},"modified":"2022-09-15T11:18:28","modified_gmt":"2022-09-15T14:18:28","slug":"con-fuerte-presencia-matancera-trabajadores-municipales-se-manifestaron-frente-a-la-casa-de-la-provincia","status":"publish","type":"post","link":"https:\/\/infotep.com.ar\/index.php\/2022\/08\/30\/con-fuerte-presencia-matancera-trabajadores-municipales-se-manifestaron-frente-a-la-casa-de-la-provincia\/","title":{"rendered":"Con fuerte presencia matancera, trabajadores municipales se manifestaron frente a la Casa de la Provincia"},"content":{"rendered":"\n<p>Empleados municipales de distintos distritos bonaerenses se manifestaron frente a la sede de la Casa de la provincia de Buenos Aires, ubicada en el centro porte\u00f1o, con el objetivo de hacerle llegar al Gobernador Axel Kicillof una serie de reclamos para mejorar las condiciones salariales y de trabajo, y un petitorio para que convoque al Consejo Provincial del Empleo Municipal, herramienta vigente en la ley 14.656.<\/p>\n\n\n\n<p>Alimentaria es de 118.000 pesos\u201d, ejemplific\u00f3.<\/p>\n\n\n\n<p>Dentro de las columnas que llegaron a la sede ubicada sobre la avenida Callao, se destac\u00f3, por su volumen, la que fue en representaci\u00f3n de La Matanza. En ese marco, Daniel Troncoso, actual secretario general del Sindicato de Trabajadores Municipales de La Matanza (STMLM), ponder\u00f3 la nutrida presencia: \u201cDesde La Matanza la convocatoria fue impresionante. Se not\u00f3 en los 600 compa\u00f1eros que asistieron, las ganas de expresar la bronca y de cambiar un poco esta historia\u201d.<\/p>\n\n\n\n<p>Y destac\u00f3 que se trat\u00f3 de una movilizaci\u00f3n de \u201ctrabajadores que fueron a exigir, en este caso a nivel provincial, mejoras, por ejemplo, en la atenci\u00f3n en la salud de los compa\u00f1eros por parte de IOMA, en los sueldos b\u00e1sicos, cifras que van desde los 16.000 a los 25.000 y que hoy son una cachetada a la realidad de un gobierno peronista\u201d.<\/p>\n\n\n\n<p>\u201cAc\u00e1 hay compa\u00f1eros que le han puesto el pecho a la pandemia desde los centros de salud, desde las delegaciones, en los cementerios y en cada uno de los lugares en donde les toc\u00f3 estar\u201d, remarc\u00f3, al tiempo que reclam\u00f3 que \u201cno tuvieron el reconocimiento ni de los municipios ni de la Provincia\u201d. \u201cEl tema de los pases a planta y los cambios de categor\u00eda\u201d son otros puntos a los que se refiri\u00f3. Sobre esto, denunci\u00f3 que \u201ccuando un compa\u00f1ero se jubila, en vez de tomar a alguien y ponerlo en blanco, ingresan contratados, cooperativistas y monotributistas\u201d.<\/p>\n\n\n\n<p>Por \u00faltimo, sobre la actualidad pol\u00edtica y pensando en 2023, Troncoso manifest\u00f3 la necesidad de que los dirigentes pol\u00edticos tengan en cuenta la opini\u00f3n del movimiento obrero. \u201cEl peronismo tiene una enorme representatividad, pero aqu\u00ed el factor fundamental es que escuchen al movimiento obrero organizado porque, si no escuchan a los trabajadores organizados y a los desocupados, no nos ir\u00e1 muy bien en las pr\u00f3ximas elecciones\u201d, advirti\u00f3.<\/p>\n\n\n\n<h2><\/h2>\n","protected":false},"excerpt":{"rendered":"<p>Empleados municipales de distintos distritos bonaerenses se manifestaron frente a la sede de la Casa de la provincia de Buenos Aires, ubicada en el centro porte&ntilde;o, con el objetivo de hacerle llegar al Gobernador Axel Kicillof una serie de reclamos para mejorar las condiciones salariales y de trabajo, y un petitorio para que convoque al &hellip; <\/p>\n","protected":false},"author":5,"featured_media":1104,"comment_status":"closed","ping_status":"closed","sticky":false,"template":"","format":"standard","meta":{"om_disable_all_campaigns":false,"_joinchat":[]},"categories":[7],"tags":[46,59,43],"featured_image_urls":{"full":["https:\/\/infotep.com.ar\/wp-content\/uploads\/2022\/09\/sindicato-municipales-la-matanza.jpg",427,320,false],"thumbnail":["https:\/\/infotep.com.ar\/wp-content\/uploads\/2022\/09\/sindicato-municipales-la-matanza-150x150.jpg",150,150,true],"medium":["https:\/\/infotep.com.ar\/wp-content\/uploads\/2022\/09\/sindicato-municipales-la-matanza-300x225.jpg",300,225,true],"medium_large":["https:\/\/infotep.com.ar\/wp-content\/uploads\/2022\/09\/sindicato-municipales-la-matanza.jpg",427,320,false],"large":["https:\/\/infotep.com.ar\/wp-content\/uploads\/2022\/09\/sindicato-municipales-la-matanza.jpg",427,320,false],"1536x1536":["https:\/\/infotep.com.ar\/wp-content\/uploads\/2022\/09\/sindicato-municipales-la-matanza.jpg",427,320,false],"2048x2048":["https:\/\/infotep.com.ar\/wp-content\/uploads\/2022\/09\/sindicato-municipales-la-matanza.jpg",427,320,false],"blossom-feminine-slider":["https:\/\/infotep.com.ar\/wp-content\/uploads\/2022\/09\/sindicato-municipales-la-matanza.jpg",427,320,false],"blossom-feminine-featured":["https:\/\/infotep.com.ar\/wp-content\/uploads\/2022\/09\/sindicato-municipales-la-matanza.jpg",427,320,false],"blossom-feminine-with-sidebar":["https:\/\/infotep.com.ar\/wp-content\/uploads\/2022\/09\/sindicato-municipales-la-matanza.jpg",427,320,false],"blossom-feminine-blog":["https:\/\/infotep.com.ar\/wp-content\/uploads\/2022\/09\/sindicato-municipales-la-matanza.jpg",427,320,false],"blossom-feminine-cat":["https:\/\/infotep.com.ar\/wp-content\/uploads\/2022\/09\/sindicato-municipales-la-matanza-427x300.jpg",427,300,true],"blossom-feminine-related":["https:\/\/infotep.com.ar\/wp-content\/uploads\/2022\/09\/sindicato-municipales-la-matanza-320x200.jpg",320,200,true],"blossom-feminine-schema":["https:\/\/infotep.com.ar\/wp-content\/uploads\/2022\/09\/sindicato-municipales-la-matanza-80x60.jpg",80,60,true],"blossom-mommy-blog-slider-big":["https:\/\/infotep.com.ar\/wp-content\/uploads\/2022\/09\/sindicato-municipales-la-matanza.jpg",427,320,false],"blossom-mommy-blog-slider":["https:\/\/infotep.com.ar\/wp-content\/uploads\/2022\/09\/sindicato-municipales-la-matanza-427x310.jpg",427,310,true],"blossom-mommy-blog-two":["https:\/\/infotep.com.ar\/wp-content\/uploads\/2022\/09\/sindicato-municipales-la-matanza.jpg",427,320,false]},"author_info":{"info":["Angela Tobar"]},"category_info":"<a href=\"https:\/\/infotep.com.ar\/index.php\/category\/gremios\/\" rel=\"category tag\">Gremios<\/a>","tag_info":"Gremios","comment_count":"0","_links":{"self":[{"href":"https:\/\/infotep.com.ar\/index.php\/wp-json\/wp\/v2\/posts\/1103"}],"collection":[{"href":"https:\/\/infotep.com.ar\/index.php\/wp-json\/wp\/v2\/posts"}],"about":[{"href":"https:\/\/infotep.com.ar\/index.php\/wp-json\/wp\/v2\/types\/post"}],"author":[{"embeddable":true,"href":"https:\/\/infotep.com.ar\/index.php\/wp-json\/wp\/v2\/users\/5"}],"replies":[{"embeddable":true,"href":"https:\/\/infotep.com.ar\/index.php\/wp-json\/wp\/v2\/comments?post=1103"}],"version-history":[{"count":1,"href":"https:\/\/infotep.com.ar\/index.php\/wp-json\/wp\/v2\/posts\/1103\/revisions"}],"predecessor-version":[{"id":1105,"href":"https:\/\/infotep.com.ar\/index.php\/wp-json\/wp\/v2\/posts\/1103\/revisions\/1105"}],"wp:featuredmedia":[{"embeddable":true,"href":"https:\/\/infotep.com.ar\/index.php\/wp-json\/wp\/v2\/media\/1104"}],"wp:attachment":[{"href":"https:\/\/infotep.com.ar\/index.php\/wp-json\/wp\/v2\/media?parent=1103"}],"wp:term":[{"taxonomy":"category","embeddable":true,"href":"https:\/\/infotep.com.ar\/index.php\/wp-json\/wp\/v2\/categories?post=1103"},{"taxonomy":"post_tag","embeddable":true,"href":"https:\/\/infotep.com.ar\/index.php\/wp-json\/wp\/v2\/tags?post=1103"}],"curies":[{"name":"wp","href":"https:\/\/api.w.org\/{rel}","templated":true}]}}