{"id":1113,"date":"2022-09-15T13:40:32","date_gmt":"2022-09-15T16:40:32","guid":{"rendered":"https:\/\/infotep.com.ar\/?p=1113"},"modified":"2022-09-15T13:40:33","modified_gmt":"2022-09-15T16:40:33","slug":"lanzan-una-campana-para-registrar-a-trabajadoras-de-casas-particulares","status":"publish","type":"post","link":"https:\/\/infotep.com.ar\/index.php\/2022\/09\/15\/lanzan-una-campana-para-registrar-a-trabajadoras-de-casas-particulares\/","title":{"rendered":"Lanzan una campa\u00f1a para registrar a trabajadoras de casas particulares"},"content":{"rendered":"\n<p>La ministra de Mujeres, G\u00e9neros y Diversidad, Elizabeth G\u00f3mez Alcorta, y el ministro de Trabajo,&nbsp;<strong>Claudio Moroni, encabezar\u00e1n este jueves el lanzamiento de la Campa\u00f1a<\/strong>&nbsp;Nacional de Registraci\u00f3n de Trabajadoras y Trabajadores de Casas Particulares.<\/p>\n\n\n\n<p>El acto se realiza en la sede de la Uni\u00f3n Personal Auxiliar de Casas Particulares (Upacp), ubicada en Charcas 2653 de la Capital Federal, se inform\u00f3 oficialmente.<\/p>\n\n\n\n<p><strong>La iniciativa desplegada en m\u00e1s de 40 puntos operativos a lo largo del pa\u00eds<\/strong>, tiene como objetivo impulsar la formalizaci\u00f3n de empleados y empleadas que desempe\u00f1an tareas en casas particulares, en el marco del Programa Registradas.<\/p>\n\n\n\n<p>A su vez, este registro posibilita la apertura de la cuenta bancaria gratuita en el Banco Naci\u00f3n con solo el n\u00famero de DNI, domicilio y fecha de nacimiento de la trabajadora de casas particulares.<\/p>\n\n\n\n<p>Los operativos coordinados entre los equipos t\u00e9cnicos de los organismos p\u00fablicos y la Upacp estar\u00e1n en los siguientes municipios y localidades.<\/p>\n\n\n\n<p>En la provincia de Buenos Aires estar\u00e1n en: Z\u00e1rate, Tandil, San Nicol\u00e1s, Pilar, Moreno, Bah\u00eda Blanca, Adolfo Gonz\u00e1les Chaves, Mor\u00f3n, Lomas de Zamora, Jun\u00edn, La Matanza, City Bell mientras que en Capital se ubicar\u00e1 en Retiro.<\/p>\n\n\n\n<p><a href=\"javascript:void(0);\"><\/a><\/p>\n","protected":false},"excerpt":{"rendered":"<p>La ministra de Mujeres, G&eacute;neros y Diversidad, Elizabeth G&oacute;mez Alcorta, y el ministro de Trabajo,&nbsp;Claudio Moroni, encabezar&aacute;n este jueves el lanzamiento de la Campa&ntilde;a&nbsp;Nacional de Registraci&oacute;n de Trabajadoras y Trabajadores de Casas Particulares. El acto se realiza en la sede de la Uni&oacute;n Personal Auxiliar de Casas Particulares (Upacp), ubicada en Charcas 2653 de la &hellip; <\/p>\n","protected":false},"author":5,"featured_media":1115,"comment_status":"closed","ping_status":"closed","sticky":false,"template":"","format":"standard","meta":{"om_disable_all_campaigns":false,"_joinchat":[]},"categories":[4],"tags":[],"featured_image_urls":{"full":["https:\/\/infotep.com.ar\/wp-content\/uploads\/2022\/09\/casa-particulares.jpg",900,506,false],"thumbnail":["https:\/\/infotep.com.ar\/wp-content\/uploads\/2022\/09\/casa-particulares-150x150.jpg",150,150,true],"medium":["https:\/\/infotep.com.ar\/wp-content\/uploads\/2022\/09\/casa-particulares-300x169.jpg",300,169,true],"medium_large":["https:\/\/infotep.com.ar\/wp-content\/uploads\/2022\/09\/casa-particulares-768x432.jpg",768,432,true],"large":["https:\/\/infotep.com.ar\/wp-content\/uploads\/2022\/09\/casa-particulares.jpg",900,506,false],"1536x1536":["https:\/\/infotep.com.ar\/wp-content\/uploads\/2022\/09\/casa-particulares.jpg",900,506,false],"2048x2048":["https:\/\/infotep.com.ar\/wp-content\/uploads\/2022\/09\/casa-particulares.jpg",900,506,false],"blossom-feminine-slider":["https:\/\/infotep.com.ar\/wp-content\/uploads\/2022\/09\/casa-particulares.jpg",900,506,false],"blossom-feminine-featured":["https:\/\/infotep.com.ar\/wp-content\/uploads\/2022\/09\/casa-particulares.jpg",900,506,false],"blossom-feminine-with-sidebar":["https:\/\/infotep.com.ar\/wp-content\/uploads\/2022\/09\/casa-particulares.jpg",900,506,false],"blossom-feminine-blog":["https:\/\/infotep.com.ar\/wp-content\/uploads\/2022\/09\/casa-particulares-435x435.jpg",435,435,true],"blossom-feminine-cat":["https:\/\/infotep.com.ar\/wp-content\/uploads\/2022\/09\/casa-particulares-450x300.jpg",450,300,true],"blossom-feminine-related":["https:\/\/infotep.com.ar\/wp-content\/uploads\/2022\/09\/casa-particulares-320x200.jpg",320,200,true],"blossom-feminine-schema":["https:\/\/infotep.com.ar\/wp-content\/uploads\/2022\/09\/casa-particulares-107x60.jpg",107,60,true],"blossom-mommy-blog-slider-big":["https:\/\/infotep.com.ar\/wp-content\/uploads\/2022\/09\/casa-particulares.jpg",900,506,false],"blossom-mommy-blog-slider":["https:\/\/infotep.com.ar\/wp-content\/uploads\/2022\/09\/casa-particulares-460x310.jpg",460,310,true],"blossom-mommy-blog-two":["https:\/\/infotep.com.ar\/wp-content\/uploads\/2022\/09\/casa-particulares-768x480.jpg",768,480,true]},"author_info":{"info":["Angela Tobar"]},"category_info":"<a href=\"https:\/\/infotep.com.ar\/index.php\/category\/provinciales\/\" rel=\"category tag\">Provinciales<\/a>","tag_info":"Provinciales","comment_count":"0","_links":{"self":[{"href":"https:\/\/infotep.com.ar\/index.php\/wp-json\/wp\/v2\/posts\/1113"}],"collection":[{"href":"https:\/\/infotep.com.ar\/index.php\/wp-json\/wp\/v2\/posts"}],"about":[{"href":"https:\/\/infotep.com.ar\/index.php\/wp-json\/wp\/v2\/types\/post"}],"author":[{"embeddable":true,"href":"https:\/\/infotep.com.ar\/index.php\/wp-json\/wp\/v2\/users\/5"}],"replies":[{"embeddable":true,"href":"https:\/\/infotep.com.ar\/index.php\/wp-json\/wp\/v2\/comments?post=1113"}],"version-history":[{"count":1,"href":"https:\/\/infotep.com.ar\/index.php\/wp-json\/wp\/v2\/posts\/1113\/revisions"}],"predecessor-version":[{"id":1117,"href":"https:\/\/infotep.com.ar\/index.php\/wp-json\/wp\/v2\/posts\/1113\/revisions\/1117"}],"wp:featuredmedia":[{"embeddable":true,"href":"https:\/\/infotep.com.ar\/index.php\/wp-json\/wp\/v2\/media\/1115"}],"wp:attachment":[{"href":"https:\/\/infotep.com.ar\/index.php\/wp-json\/wp\/v2\/media?parent=1113"}],"wp:term":[{"taxonomy":"category","embeddable":true,"href":"https:\/\/infotep.com.ar\/index.php\/wp-json\/wp\/v2\/categories?post=1113"},{"taxonomy":"post_tag","embeddable":true,"href":"https:\/\/infotep.com.ar\/index.php\/wp-json\/wp\/v2\/tags?post=1113"}],"curies":[{"name":"wp","href":"https:\/\/api.w.org\/{rel}","templated":true}]}}