{"id":11357,"date":"2024-02-21T15:08:32","date_gmt":"2024-02-21T18:08:32","guid":{"rendered":"https:\/\/infotep.com.ar\/?p=11357"},"modified":"2024-02-21T15:08:33","modified_gmt":"2024-02-21T18:08:33","slug":"con-alto-acatamiento-rige-el-paro-de-trenes-y-hay-largas-filas-en-las-paradas-de-colectivos","status":"publish","type":"post","link":"https:\/\/infotep.com.ar\/index.php\/2024\/02\/21\/con-alto-acatamiento-rige-el-paro-de-trenes-y-hay-largas-filas-en-las-paradas-de-colectivos\/","title":{"rendered":"Con alto acatamiento, rige el paro de trenes y hay largas filas en las paradas de colectivos"},"content":{"rendered":"\n<p><\/p>\n\n\n\n<p>El secretario general del Sindicato de Conductores de Ferrocarriles La Fraternidad, Omar Maturano, destac\u00f3 este mi\u00e9rcoles el &#8220;alto atacamiento&#8221; a la huelga que llevan adelante los trabajadores del sector desde la medianoche y por 24 horas, y sostuvo que &#8220;el paro es un ejemplo de los trabajadores organizados&#8221;.<\/p>\n\n\n\n<p>En una conferencia de prensa, Maturano asegur\u00f3 que la medida de fuerza &#8220;se mantendr\u00e1 hasta las 24 horas&#8221;.<\/p>\n\n\n\n<p>&#8220;Veremos y analizaremos la propuesta que lleven el pr\u00f3ximo martes y evaluaremos, pero el paro se mantendr\u00e1 hasta las 24&#8221;, dijo Maturano en la rueda de prensa.<\/p>\n\n\n\n<p>Se refiri\u00f3 as\u00ed a la reuni\u00f3n paritaria que se realiz\u00f3 la ma\u00f1ana de este mi\u00e9rcoles en la secretar\u00eda de Trabajo, que pas\u00f3 a un cuarto intermedio hasta el pr\u00f3ximo martes a las 11.30, debido a la falta de acuerdo.<\/p>\n\n\n\n<p>El secretario general de la Uni\u00f3n Ferroviaria (UF), Sergio Sasia, dijo que fue &#8220;insuficiente&#8221; la propuesta salarial ofrecida en el marco de la reuni\u00f3n paritaria con los gremios ferroviarios que se desarroll\u00f3 en la Secretar\u00eda de Trabajo, e inform\u00f3 que &#8220;se pas\u00f3 a un cuarto intermedio&#8221; hasta el pr\u00f3ximo martes a las 11.30.<\/p>\n\n\n\n<p>&#8220;Hemos tenido una reuni\u00f3n con distintos funcionarios, se nos ha presentado un ofrecimiento que fue insuficiente, pero hay buena fe de seguir negociando y pasamos un cuarto intermedio para el pr\u00f3ximo martes a las 11.30&#8221;, dijo Sasia en declaraciones a la prensa al t\u00e9rmino del encuentro.<\/p>\n\n\n\n<p>&#8220;Nuestro reclamo de aumento salarial se basa en la equiparaci\u00f3n de lo que fue la inflaci\u00f3n del mes de enero que arroj\u00f3 el 20,7% y la otra parte nos ofreci\u00f3 el 12%. Somos optimistas en que podamos tener una mejor respuesta el martes&#8221;, remarc\u00f3 Sasia.<\/p>\n\n\n\n<p>A la reuni\u00f3n paritaria fueron convocados todos los gremios ferroviarios: la Uni\u00f3n Ferroviaria (UF), la Asociaci\u00f3n del Personal de Direcci\u00f3n de los Ferrocarriles Argentinos, Puertos (APDFA); los maquinistas nucleados en La Fraternidad -que hoy cumplen un paro por 24 horas- y la Asociaci\u00f3n de Se\u00f1aleros Ferroviarios Argentinos (ASFA).<\/p>\n\n\n\n<p>&#8220;Hemos tenido un ofrecimiento del Gobierno, como sector empresario, que, repito, fue insuficiente, y, con la intenci\u00f3n de seguir dialogando, decidimos pasar a un cuarto intermedio hasta el martes a las 11.30 y esperamos que haya un mejor ofrecimiento que se acerque a nuestro reclamo&#8221;, reiter\u00f3 Sasia.<\/p>\n\n\n\n<p>El sindicalista ferroviario aclar\u00f3 que la reuni\u00f3n en la Secretar\u00eda de Trabajo &#8220;fue una reuni\u00f3n paritaria&#8221; y no de an\u00e1lisis del paro que llevan adelante los ferroviarios de La Fraternidad.<\/p>\n\n\n\n<p><\/p>\n\n\n\n<p>El sindicato que agrupa a los maquinistas adjudic\u00f3 la responsabilidad de la medida de fuerza al Gobierno, que &#8220;no convoc\u00f3 a las partes a la conciliaci\u00f3n obligatoria&#8221;.<\/p>\n\n\n\n<p>En un comunicado, Transporte critic\u00f3 el martes la medida de fuerza convocada por la Fraternidad, en contraposici\u00f3n a otros gremios ferroviarios.<\/p>\n\n\n\n<figure class=\"wp-block-image size-large\"><img decoding=\"async\" loading=\"lazy\" width=\"1024\" height=\"576\" src=\"https:\/\/infotep.com.ar\/wp-content\/uploads\/2024\/02\/parada-colectivo-1024x576.jpg\" alt=\"\" class=\"wp-image-11359\" srcset=\"https:\/\/infotep.com.ar\/wp-content\/uploads\/2024\/02\/parada-colectivo-1024x576.jpg 1024w, https:\/\/infotep.com.ar\/wp-content\/uploads\/2024\/02\/parada-colectivo-300x169.jpg 300w, https:\/\/infotep.com.ar\/wp-content\/uploads\/2024\/02\/parada-colectivo-768x432.jpg 768w, https:\/\/infotep.com.ar\/wp-content\/uploads\/2024\/02\/parada-colectivo-107x60.jpg 107w, https:\/\/infotep.com.ar\/wp-content\/uploads\/2024\/02\/parada-colectivo.jpg 1200w\" sizes=\"(max-width: 1024px) 100vw, 1024px\" \/><\/figure>\n\n\n\n<p>&#8220;Resulta inentendible la medida de fuerza por parte de La Fraternidad, que conlleva una mala fe negocial al encontrarse en plena vigencia la mesa de negociaciones paritarias, inclusive habiendo llegado, a principio del mes, a resultados positivos en los acuerdos&#8221;, apunt\u00f3 la Secretar\u00eda en el texto.<\/p>\n\n\n\n<p>En tanto, a trav\u00e9s del vocero presidencial, Manuel Adorni, el Gobierno nacional critic\u00f3 el paro de trenes, al considerar que &#8220;todav\u00eda estaba abierta&#8221; la discusi\u00f3n salarial en ese sector de transporte, y advirti\u00f3 que &#8220;se est\u00e1n estudiando&#8221; qu\u00e9 medidas aplicar ante la protesta &#8220;para que existan consecuencias&#8221; por interrumpir un servicio en el que se movilizan un mill\u00f3n de personas.<\/p>\n\n\n\n<p>&#8220;Se est\u00e1n evaluando las medidas pertinentes para que esto no quede sin consecuencias&#8221;, expres\u00f3 el vocero Adorni, en su habitual conferencia de prensa matutina en Casa Rosada.<\/p>\n\n\n\n<p>Adorni, en ese sentido, mencion\u00f3 que &#8220;la discusi\u00f3n paritaria&#8221; entre el Estado, a cargo del servicio de trenes, y La Fraternidad &#8220;estaba abierta, por lo tanto no correspond\u00eda&#8221; que se dictase una medida de conciliaci\u00f3n obligatoria, con el objetivo de convocar a las partes a una negociaci\u00f3n, &#8220;ni el paro&#8221;.<\/p>\n\n\n\n<p>&#8220;Por eso aclar\u00e9 que se est\u00e1n estudiando las medidas para que haya consecuencias en esta situaci\u00f3n en particular&#8221;, resalt\u00f3 Adorni.<\/p>\n\n\n\n<p>Y advirti\u00f3: &#8220;El Gobierno lleva 73 d\u00edas de gesti\u00f3n, no 70 a\u00f1os. Y esta pr\u00e1ctica habitual de obstruir la vida de los argentinos en virtud de perpetuarse en el poder, no va m\u00e1s&#8221;.<\/p>\n\n\n\n<p>En tanto, fuentes oficiales dijeron a T\u00e9lam que para el Gobierno el paro fue protagonizado por &#8220;uno solo&#8221; de los sindicatos que agrupan a los trabajadores ferroviarios y que el resto, justamente, no se sum\u00f3 a la medida de protesta.<\/p>\n","protected":false},"excerpt":{"rendered":"<p>El secretario general del Sindicato de Conductores de Ferrocarriles La Fraternidad, Omar Maturano, destac&oacute; este mi&eacute;rcoles el &ldquo;alto atacamiento&rdquo; a la huelga que llevan adelante los trabajadores del sector desde la medianoche y por 24 horas, y sostuvo que &ldquo;el paro es un ejemplo de los trabajadores organizados&rdquo;. En una conferencia de prensa, Maturano asegur&oacute; &hellip; <\/p>\n","protected":false},"author":5,"featured_media":11358,"comment_status":"closed","ping_status":"closed","sticky":false,"template":"","format":"standard","meta":{"om_disable_all_campaigns":false,"_joinchat":[]},"categories":[31,7,4],"tags":[46,43],"featured_image_urls":{"full":["https:\/\/infotep.com.ar\/wp-content\/uploads\/2024\/02\/paro-tren.jpg",1200,675,false],"thumbnail":["https:\/\/infotep.com.ar\/wp-content\/uploads\/2024\/02\/paro-tren-150x150.jpg",150,150,true],"medium":["https:\/\/infotep.com.ar\/wp-content\/uploads\/2024\/02\/paro-tren-300x169.jpg",300,169,true],"medium_large":["https:\/\/infotep.com.ar\/wp-content\/uploads\/2024\/02\/paro-tren-768x432.jpg",768,432,true],"large":["https:\/\/infotep.com.ar\/wp-content\/uploads\/2024\/02\/paro-tren-1024x576.jpg",1020,574,true],"1536x1536":["https:\/\/infotep.com.ar\/wp-content\/uploads\/2024\/02\/paro-tren.jpg",1200,675,false],"2048x2048":["https:\/\/infotep.com.ar\/wp-content\/uploads\/2024\/02\/paro-tren.jpg",1200,675,false],"blossom-feminine-slider":["https:\/\/infotep.com.ar\/wp-content\/uploads\/2024\/02\/paro-tren-1200x649.jpg",1200,649,true],"blossom-feminine-featured":["https:\/\/infotep.com.ar\/wp-content\/uploads\/2024\/02\/paro-tren-1200x600.jpg",1200,600,true],"blossom-feminine-with-sidebar":["https:\/\/infotep.com.ar\/wp-content\/uploads\/2024\/02\/paro-tren-1020x600.jpg",1020,600,true],"blossom-feminine-blog":["https:\/\/infotep.com.ar\/wp-content\/uploads\/2024\/02\/paro-tren-435x435.jpg",435,435,true],"blossom-feminine-cat":["https:\/\/infotep.com.ar\/wp-content\/uploads\/2024\/02\/paro-tren-450x300.jpg",450,300,true],"blossom-feminine-related":["https:\/\/infotep.com.ar\/wp-content\/uploads\/2024\/02\/paro-tren-320x200.jpg",320,200,true],"blossom-feminine-schema":["https:\/\/infotep.com.ar\/wp-content\/uploads\/2024\/02\/paro-tren-107x60.jpg",107,60,true],"blossom-mommy-blog-slider-big":["https:\/\/infotep.com.ar\/wp-content\/uploads\/2024\/02\/paro-tren-920x650.jpg",920,650,true],"blossom-mommy-blog-slider":["https:\/\/infotep.com.ar\/wp-content\/uploads\/2024\/02\/paro-tren-460x310.jpg",460,310,true],"blossom-mommy-blog-two":["https:\/\/infotep.com.ar\/wp-content\/uploads\/2024\/02\/paro-tren-768x480.jpg",768,480,true]},"author_info":{"info":["Angela Tobar"]},"category_info":"<a href=\"https:\/\/infotep.com.ar\/index.php\/category\/destacadas\/\" rel=\"category tag\">Destacadas<\/a> <a href=\"https:\/\/infotep.com.ar\/index.php\/category\/gremios\/\" rel=\"category tag\">Gremios<\/a> <a href=\"https:\/\/infotep.com.ar\/index.php\/category\/provinciales\/\" rel=\"category tag\">Provinciales<\/a>","tag_info":"Provinciales","comment_count":"0","_links":{"self":[{"href":"https:\/\/infotep.com.ar\/index.php\/wp-json\/wp\/v2\/posts\/11357"}],"collection":[{"href":"https:\/\/infotep.com.ar\/index.php\/wp-json\/wp\/v2\/posts"}],"about":[{"href":"https:\/\/infotep.com.ar\/index.php\/wp-json\/wp\/v2\/types\/post"}],"author":[{"embeddable":true,"href":"https:\/\/infotep.com.ar\/index.php\/wp-json\/wp\/v2\/users\/5"}],"replies":[{"embeddable":true,"href":"https:\/\/infotep.com.ar\/index.php\/wp-json\/wp\/v2\/comments?post=11357"}],"version-history":[{"count":1,"href":"https:\/\/infotep.com.ar\/index.php\/wp-json\/wp\/v2\/posts\/11357\/revisions"}],"predecessor-version":[{"id":11360,"href":"https:\/\/infotep.com.ar\/index.php\/wp-json\/wp\/v2\/posts\/11357\/revisions\/11360"}],"wp:featuredmedia":[{"embeddable":true,"href":"https:\/\/infotep.com.ar\/index.php\/wp-json\/wp\/v2\/media\/11358"}],"wp:attachment":[{"href":"https:\/\/infotep.com.ar\/index.php\/wp-json\/wp\/v2\/media?parent=11357"}],"wp:term":[{"taxonomy":"category","embeddable":true,"href":"https:\/\/infotep.com.ar\/index.php\/wp-json\/wp\/v2\/categories?post=11357"},{"taxonomy":"post_tag","embeddable":true,"href":"https:\/\/infotep.com.ar\/index.php\/wp-json\/wp\/v2\/tags?post=11357"}],"curies":[{"name":"wp","href":"https:\/\/api.w.org\/{rel}","templated":true}]}}