{"id":1138,"date":"2022-09-15T16:03:43","date_gmt":"2022-09-15T19:03:43","guid":{"rendered":"https:\/\/infotep.com.ar\/?p=1138"},"modified":"2022-09-15T16:03:44","modified_gmt":"2022-09-15T19:03:44","slug":"sindicato-de-trabajadores-de-la-matanza-logro-una-mejora-salarial-y-adelanto-que-reabrira-las-paritarias-en-octubre","status":"publish","type":"post","link":"https:\/\/infotep.com.ar\/index.php\/2022\/09\/15\/sindicato-de-trabajadores-de-la-matanza-logro-una-mejora-salarial-y-adelanto-que-reabrira-las-paritarias-en-octubre\/","title":{"rendered":"Sindicato de Trabajadores de La Matanza logr\u00f3 una mejora salarial y adelant\u00f3 que reabrir\u00e1 las paritarias en octubre"},"content":{"rendered":"\n<p>El titular del Sindicato de Trabajadores de La Matanza, Daniel Troncoso, inform\u00f3 que luego de un mes de dialog\u00f3 con el Ejecutivo a cargo del intendente Fernando Espinoza, se logr\u00f3 llegar a un acuerdo que mejora las condiciones laborales y salariales de los y las trabajadores.<\/p>\n\n\n\n<p>\u201cAyer se firm\u00f3 un decreto del pase a planta permanente de 101 empleados, que podr\u00e1n gozar de su estabilidad laboral y tratar y mejorar distintos problemas puntuales que presentaban los distintos lugares de trabajo\u201d, celebr\u00f3 Troncoso.<\/p>\n\n\n\n<p>Y destac\u00f3 que con respecto a las paritarias \u201ctambi\u00e9n se firm\u00f3 &nbsp;un acta en la cual se logr\u00f3 adelantar el 5 por ciento del mes de septiembre y tener un retroactivo al mes de agosto, por lo que en el sueldo a fin de mes, encontraran una mejora del 10 por ciento\u201d.<\/p>\n\n\n\n<p>\u201cLo que significa que al mes de septiembre se alcanzar\u00eda el 55 por ciento de aumento salarial, contando desde el mes de marzo, y bajo la promesa de una nueva apertura paritaria en el mes de octubre\u201d, marc\u00f3.<\/p>\n\n\n\n<p>Finalmente, destac\u00f3 que \u201cadem\u00e1s se acord\u00f3 llevar adelante una regularidad de dos reuniones semanales de junta de ascenso y avanzar en los \u00faltimos meses del a\u00f1o, con otro listado de 200 trabajadores para el pase a planta permanente\u201d.<\/p>\n","protected":false},"excerpt":{"rendered":"<p>El titular del Sindicato de Trabajadores de La Matanza, Daniel Troncoso, inform&oacute; que luego de un mes de dialog&oacute; con el Ejecutivo a cargo del intendente Fernando Espinoza, se logr&oacute; llegar a un acuerdo que mejora las condiciones laborales y salariales de los y las trabajadores. &ldquo;Ayer se firm&oacute; un decreto del pase a planta &hellip; <\/p>\n","protected":false},"author":5,"featured_media":1139,"comment_status":"closed","ping_status":"closed","sticky":false,"template":"","format":"standard","meta":{"om_disable_all_campaigns":false,"_joinchat":[]},"categories":[7,26],"tags":[63,46,59,82,84,83,43],"featured_image_urls":{"full":["https:\/\/infotep.com.ar\/wp-content\/uploads\/2022\/09\/daniel-troncoso.jpg",640,388,false],"thumbnail":["https:\/\/infotep.com.ar\/wp-content\/uploads\/2022\/09\/daniel-troncoso-150x150.jpg",150,150,true],"medium":["https:\/\/infotep.com.ar\/wp-content\/uploads\/2022\/09\/daniel-troncoso-300x182.jpg",300,182,true],"medium_large":["https:\/\/infotep.com.ar\/wp-content\/uploads\/2022\/09\/daniel-troncoso.jpg",640,388,false],"large":["https:\/\/infotep.com.ar\/wp-content\/uploads\/2022\/09\/daniel-troncoso.jpg",640,388,false],"1536x1536":["https:\/\/infotep.com.ar\/wp-content\/uploads\/2022\/09\/daniel-troncoso.jpg",640,388,false],"2048x2048":["https:\/\/infotep.com.ar\/wp-content\/uploads\/2022\/09\/daniel-troncoso.jpg",640,388,false],"blossom-feminine-slider":["https:\/\/infotep.com.ar\/wp-content\/uploads\/2022\/09\/daniel-troncoso.jpg",640,388,false],"blossom-feminine-featured":["https:\/\/infotep.com.ar\/wp-content\/uploads\/2022\/09\/daniel-troncoso.jpg",640,388,false],"blossom-feminine-with-sidebar":["https:\/\/infotep.com.ar\/wp-content\/uploads\/2022\/09\/daniel-troncoso.jpg",640,388,false],"blossom-feminine-blog":["https:\/\/infotep.com.ar\/wp-content\/uploads\/2022\/09\/daniel-troncoso-435x388.jpg",435,388,true],"blossom-feminine-cat":["https:\/\/infotep.com.ar\/wp-content\/uploads\/2022\/09\/daniel-troncoso-450x300.jpg",450,300,true],"blossom-feminine-related":["https:\/\/infotep.com.ar\/wp-content\/uploads\/2022\/09\/daniel-troncoso-320x200.jpg",320,200,true],"blossom-feminine-schema":["https:\/\/infotep.com.ar\/wp-content\/uploads\/2022\/09\/daniel-troncoso-99x60.jpg",99,60,true],"blossom-mommy-blog-slider-big":["https:\/\/infotep.com.ar\/wp-content\/uploads\/2022\/09\/daniel-troncoso.jpg",640,388,false],"blossom-mommy-blog-slider":["https:\/\/infotep.com.ar\/wp-content\/uploads\/2022\/09\/daniel-troncoso-460x310.jpg",460,310,true],"blossom-mommy-blog-two":["https:\/\/infotep.com.ar\/wp-content\/uploads\/2022\/09\/daniel-troncoso.jpg",640,388,false]},"author_info":{"info":["Angela Tobar"]},"category_info":"<a href=\"https:\/\/infotep.com.ar\/index.php\/category\/gremios\/\" rel=\"category tag\">Gremios<\/a> <a href=\"https:\/\/infotep.com.ar\/index.php\/category\/municipales\/la-matanza\/\" rel=\"category tag\">La Matanza<\/a>","tag_info":"La Matanza","comment_count":"0","_links":{"self":[{"href":"https:\/\/infotep.com.ar\/index.php\/wp-json\/wp\/v2\/posts\/1138"}],"collection":[{"href":"https:\/\/infotep.com.ar\/index.php\/wp-json\/wp\/v2\/posts"}],"about":[{"href":"https:\/\/infotep.com.ar\/index.php\/wp-json\/wp\/v2\/types\/post"}],"author":[{"embeddable":true,"href":"https:\/\/infotep.com.ar\/index.php\/wp-json\/wp\/v2\/users\/5"}],"replies":[{"embeddable":true,"href":"https:\/\/infotep.com.ar\/index.php\/wp-json\/wp\/v2\/comments?post=1138"}],"version-history":[{"count":1,"href":"https:\/\/infotep.com.ar\/index.php\/wp-json\/wp\/v2\/posts\/1138\/revisions"}],"predecessor-version":[{"id":1140,"href":"https:\/\/infotep.com.ar\/index.php\/wp-json\/wp\/v2\/posts\/1138\/revisions\/1140"}],"wp:featuredmedia":[{"embeddable":true,"href":"https:\/\/infotep.com.ar\/index.php\/wp-json\/wp\/v2\/media\/1139"}],"wp:attachment":[{"href":"https:\/\/infotep.com.ar\/index.php\/wp-json\/wp\/v2\/media?parent=1138"}],"wp:term":[{"taxonomy":"category","embeddable":true,"href":"https:\/\/infotep.com.ar\/index.php\/wp-json\/wp\/v2\/categories?post=1138"},{"taxonomy":"post_tag","embeddable":true,"href":"https:\/\/infotep.com.ar\/index.php\/wp-json\/wp\/v2\/tags?post=1138"}],"curies":[{"name":"wp","href":"https:\/\/api.w.org\/{rel}","templated":true}]}}