{"id":1141,"date":"2022-09-15T22:17:24","date_gmt":"2022-09-16T01:17:24","guid":{"rendered":"https:\/\/infotep.com.ar\/?p=1141"},"modified":"2022-09-15T22:31:27","modified_gmt":"2022-09-16T01:31:27","slug":"alberto-descalzo-atravesamos-momentos-dificiles-por-una-pandemia-una-guerra-y-por-errores-propios","status":"publish","type":"post","link":"https:\/\/infotep.com.ar\/index.php\/2022\/09\/15\/alberto-descalzo-atravesamos-momentos-dificiles-por-una-pandemia-una-guerra-y-por-errores-propios\/","title":{"rendered":"Alberto Descalzo: \u201cAtravesamos momentos dif\u00edciles, por una pandemia, una guerra y por errores propios\u201d"},"content":{"rendered":"\n<p>El intendente de Ituzaing\u00f3, Alberto Descalzo, particip\u00f3 de la inauguraci\u00f3n de la delegaci\u00f3n oeste del sindicato del Personal Jer\u00e1rquico de la Administraci\u00f3n Federal de Ingresos P\u00fablicos (AFIP) que comenzar\u00e1 a funcionar en ese municipio.<\/p>\n\n\n\n<p>En su intervenci\u00f3n, el jefe comunal asegur\u00f3 que el distrito trabajar\u00e1 para que el gremio crezca, porque de esa manera \u201ccrece Ituzaing\u00f3\u201d.<\/p>\n\n\n\n<p>\u201cAgradezco a todos, es importante que haya m\u00e1s presencia institucional que tenga que ver con el trabajo, en este caso con esta casa de la Uni\u00f3n Personal Superior La Administraci\u00f3n Federal de Ingresos P\u00fablicos, que organiza a los trabajadores, porque con la historia aprendimos que solo el trabajador es capaz de defender los intereses de los trabajadores en general, orden\u00e1ndonos y organiz\u00e1ndonos, como nos ense\u00f1\u00f3 Per\u00f3n\u201d, argument\u00f3 Descalzo.<\/p>\n\n\n\n<p>M\u00e1s adelante, analiz\u00f3 que el pa\u00eds atraviesa un \u201cmomento dif\u00edcil\u201d y agreg\u00f3 \u201cdif\u00edcil por la situaci\u00f3n econ\u00f3mica, social, por la dif\u00edcil herencia de un gobierno anterior, por una pandemia, por la guerra y adem\u00e1s tambi\u00e9n por errores propios\u201d, marc\u00f3 con clara autocritica sobre las falencias de la coalici\u00f3n del Frente de Todos, que ha desencantado a muchos votantes.<\/p>\n\n\n\n<figure class=\"wp-block-image size-large\"><img decoding=\"async\" src=\"https:\/\/infotep.com.ar\/wp-content\/uploads\/2022\/09\/WhatsApp-Image-2022-09-15-at-22.13.22-1-1024x768.jpeg\" alt=\"\" class=\"wp-image-1146\"\/><\/figure>\n\n\n\n<p>Y agreg\u00f3: \u201cHay un gran desaf\u00edo que es pelear contra La inflaci\u00f3n\u201d, admiti\u00f3 que \u201ces un tema dif\u00edcil, pero que hay que modificarlo, porque es tambi\u00e9n lo que castiga a todas nuestras familias, a nuestros vecinos y trabajadores en general\u201d.<\/p>\n\n\n\n<blockquote class=\"wp-block-quote has-medium-font-size\" style=\"font-style:normal;font-weight:600\"><p>\u201cSi me preguntan qu\u00e9 pasa ac\u00e1, les puedo decir que Ituzaing\u00f3 est\u00e1 creciendo, se est\u00e1 desarrollando y mucho, hay mucha inversi\u00f3n privada, y p\u00fablica, por lo tanto, hay trabajo. Pero tenemos un enemigo que son los precios y ese es el desaf\u00edo que tiene este gobierno Nacional, el gobierno Provincial y cada uno de nosotros, tratar de que haya menos inflaci\u00f3n que es el enemigo del crecimiento y desarrollo\u201d, analiz\u00f3.<\/p><cite>Alberto Descalzo<\/cite><\/blockquote>\n\n\n\n<p>Luego asegur\u00f3 que los esfuerzos desde la coalici\u00f3n de gobierno est\u00e1n abocados a lograr combatir la inflaci\u00f3n \u201cno dudamos en que vamos a hacer lo imposible para cambiar eso, porque es el camino\u201d.<\/p>\n\n\n\n<p>Descalzo, critic\u00f3 los enfrentamientos y violencias discursivas, que se emiten desde algunos espacios pol\u00edticos, y ratific\u00f3 que \u201cla \u00fanica manera transformar esto es uniendo a los argentinos, no ser parte de la divisi\u00f3n y enfrentamientos. Hay que acabar con los odios y las diferencias\u201d y desliz\u00f3 que sin embargo, \u201clos odios, las diferencias y divisiones de las que tanto se hablan est\u00e1n m\u00e1s arriba que abajo\u201d.<\/p>\n\n\n\n<p>Por lo que compar\u00f3: \u201cYo en este distrito tengo vecinos que son radicales, socialistas, comunistas, independiente del pro, de cambiemos y la verdad seguimos charlando, vi\u00e9ndonos las caras y conocemos a cada una de las familias de nosotros y no hay diferencias, no somos enemigos, somos adversarios pol\u00edticos. pero todos conversamos para que Ituzaing\u00f3 crezca y se desarrolle una unidad\u201d.<\/p>\n\n\n\n<p>&nbsp;\u201cEl Frente de Todos tiene el desaf\u00edo con los dem\u00e1s partidos, de convencerlos para que haya una unidad que supere estas grietas y empecemos todos juntos a pensar en la bandera celeste y blanca, ese es el camino que tenemos que recorrer los argentinos y argentinas\u201d.<\/p>\n","protected":false},"excerpt":{"rendered":"<p>El intendente de Ituzaing&oacute;, Alberto Descalzo, particip&oacute; de la inauguraci&oacute;n de la delegaci&oacute;n oeste del sindicato del Personal Jer&aacute;rquico de la Administraci&oacute;n Federal de Ingresos P&uacute;blicos (AFIP) que comenzar&aacute; a funcionar en ese municipio. En su intervenci&oacute;n, el jefe comunal asegur&oacute; que el distrito trabajar&aacute; para que el gremio crezca, porque de esa manera &ldquo;crece &hellip; <\/p>\n","protected":false},"author":5,"featured_media":1143,"comment_status":"closed","ping_status":"closed","sticky":false,"template":"","format":"standard","meta":{"om_disable_all_campaigns":false,"_joinchat":[]},"categories":[31,8],"tags":[46,64,43,50],"featured_image_urls":{"full":["https:\/\/infotep.com.ar\/wp-content\/uploads\/2022\/09\/descalzo-afip.jpg",374,225,false],"thumbnail":["https:\/\/infotep.com.ar\/wp-content\/uploads\/2022\/09\/descalzo-afip-150x150.jpg",150,150,true],"medium":["https:\/\/infotep.com.ar\/wp-content\/uploads\/2022\/09\/descalzo-afip-300x180.jpg",300,180,true],"medium_large":["https:\/\/infotep.com.ar\/wp-content\/uploads\/2022\/09\/descalzo-afip.jpg",374,225,false],"large":["https:\/\/infotep.com.ar\/wp-content\/uploads\/2022\/09\/descalzo-afip.jpg",374,225,false],"1536x1536":["https:\/\/infotep.com.ar\/wp-content\/uploads\/2022\/09\/descalzo-afip.jpg",374,225,false],"2048x2048":["https:\/\/infotep.com.ar\/wp-content\/uploads\/2022\/09\/descalzo-afip.jpg",374,225,false],"blossom-feminine-slider":["https:\/\/infotep.com.ar\/wp-content\/uploads\/2022\/09\/descalzo-afip.jpg",374,225,false],"blossom-feminine-featured":["https:\/\/infotep.com.ar\/wp-content\/uploads\/2022\/09\/descalzo-afip.jpg",374,225,false],"blossom-feminine-with-sidebar":["https:\/\/infotep.com.ar\/wp-content\/uploads\/2022\/09\/descalzo-afip.jpg",374,225,false],"blossom-feminine-blog":["https:\/\/infotep.com.ar\/wp-content\/uploads\/2022\/09\/descalzo-afip.jpg",374,225,false],"blossom-feminine-cat":["https:\/\/infotep.com.ar\/wp-content\/uploads\/2022\/09\/descalzo-afip.jpg",374,225,false],"blossom-feminine-related":["https:\/\/infotep.com.ar\/wp-content\/uploads\/2022\/09\/descalzo-afip-320x200.jpg",320,200,true],"blossom-feminine-schema":["https:\/\/infotep.com.ar\/wp-content\/uploads\/2022\/09\/descalzo-afip-100x60.jpg",100,60,true],"blossom-mommy-blog-slider-big":["https:\/\/infotep.com.ar\/wp-content\/uploads\/2022\/09\/descalzo-afip.jpg",374,225,false],"blossom-mommy-blog-slider":["https:\/\/infotep.com.ar\/wp-content\/uploads\/2022\/09\/descalzo-afip.jpg",374,225,false],"blossom-mommy-blog-two":["https:\/\/infotep.com.ar\/wp-content\/uploads\/2022\/09\/descalzo-afip.jpg",374,225,false]},"author_info":{"info":["Angela Tobar"]},"category_info":"<a href=\"https:\/\/infotep.com.ar\/index.php\/category\/destacadas\/\" rel=\"category tag\">Destacadas<\/a> <a href=\"https:\/\/infotep.com.ar\/index.php\/category\/municipales\/ituzaingo\/\" rel=\"category tag\">Ituzaing\u00f3<\/a>","tag_info":"Ituzaing\u00f3","comment_count":"0","_links":{"self":[{"href":"https:\/\/infotep.com.ar\/index.php\/wp-json\/wp\/v2\/posts\/1141"}],"collection":[{"href":"https:\/\/infotep.com.ar\/index.php\/wp-json\/wp\/v2\/posts"}],"about":[{"href":"https:\/\/infotep.com.ar\/index.php\/wp-json\/wp\/v2\/types\/post"}],"author":[{"embeddable":true,"href":"https:\/\/infotep.com.ar\/index.php\/wp-json\/wp\/v2\/users\/5"}],"replies":[{"embeddable":true,"href":"https:\/\/infotep.com.ar\/index.php\/wp-json\/wp\/v2\/comments?post=1141"}],"version-history":[{"count":6,"href":"https:\/\/infotep.com.ar\/index.php\/wp-json\/wp\/v2\/posts\/1141\/revisions"}],"predecessor-version":[{"id":1152,"href":"https:\/\/infotep.com.ar\/index.php\/wp-json\/wp\/v2\/posts\/1141\/revisions\/1152"}],"wp:featuredmedia":[{"embeddable":true,"href":"https:\/\/infotep.com.ar\/index.php\/wp-json\/wp\/v2\/media\/1143"}],"wp:attachment":[{"href":"https:\/\/infotep.com.ar\/index.php\/wp-json\/wp\/v2\/media?parent=1141"}],"wp:term":[{"taxonomy":"category","embeddable":true,"href":"https:\/\/infotep.com.ar\/index.php\/wp-json\/wp\/v2\/categories?post=1141"},{"taxonomy":"post_tag","embeddable":true,"href":"https:\/\/infotep.com.ar\/index.php\/wp-json\/wp\/v2\/tags?post=1141"}],"curies":[{"name":"wp","href":"https:\/\/api.w.org\/{rel}","templated":true}]}}