{"id":11415,"date":"2024-02-23T13:10:52","date_gmt":"2024-02-23T16:10:52","guid":{"rendered":"https:\/\/infotep.com.ar\/?p=11415"},"modified":"2024-02-23T13:13:40","modified_gmt":"2024-02-23T16:13:40","slug":"macri-descontara-el-dia-a-los-docentes-que-cumplan-con-su-derecho-al-paro-en-caba","status":"publish","type":"post","link":"https:\/\/infotep.com.ar\/index.php\/2024\/02\/23\/macri-descontara-el-dia-a-los-docentes-que-cumplan-con-su-derecho-al-paro-en-caba\/","title":{"rendered":"Macri descontar\u00e1 el d\u00eda a los docentes que cumplan con su derecho al paro en CABA"},"content":{"rendered":"\n<p>El jefe de Gobierno porte\u00f1o, Jorge Macri, asegur\u00f3 este viernes que el lunes pr\u00f3ximo las clases &#8220;deber\u00edan empezar sin problemas&#8221; tras el acuerdo paritario firmado con los docentes en el distrito, en referencia al paro nacional de actividades dispuesto por los gremios del sector, y adelant\u00f3 que descontar\u00e1 la jornada a aquellos trabajadores que se adhieran a la medida.<\/p>\n\n\n\n<p>\u201cEl lunes deber\u00edan empezar las clases sin problemas. En la Ciudad cerramos un acuerdo paritario, que adem\u00e1s incluye el dinero que llegaba del Fondo Nacional de Incentivo Docente (Fonid), que el gobierno nacional no est\u00e1 girando y estamos cubriendo nosotros\u201d, explic\u00f3 Macri esta ma\u00f1ana en declaraciones a Radio Mitre.<\/p>\n\n\n\n<p>Luego de que la Confederaci\u00f3n de Trabajadores de la Educaci\u00f3n de la Rep\u00fablica Argentina (Ctera) anunciara un paro nacional docente para este lunes, el Gobierno de la Ciudad de Buenos Aires ratific\u00f3 ayer que todas las escuelas de niveles inicial y primario del distrito porte\u00f1o comenzar\u00e1n las clases de manera normal.<\/p>\n\n\n\n<p>En sus declaraciones, Macri se pronunci\u00f3 en el mismo sentido tras remarcar que entiende que el conflicto salarial se destrab\u00f3 la semana pasada tras llegar a un acuerdo con los 17 sindicatos.<\/p>\n\n\n\n<p>Incluso, el Jefe de Gobierno coment\u00f3 que &#8220;ya hay chicos que comenzaron con la escuela secundaria&#8221; en el marco del &#8220;proceso de adaptaci\u00f3n de los chicos de primer a\u00f1o secundario, que empiezan antes, porque como cambian de colegio, es importante que est\u00e9n ya antes en las escuelas&#8221;.<\/p>\n\n\n\n<p>&#8220;As\u00ed que ya tenemos casi 20.000 chicos de las escuelas secundarias haciendo adaptaci\u00f3n tambi\u00e9n\u201d, indic\u00f3.<\/p>\n\n\n\n<p>Por otra parte, Macri analiz\u00f3 que &#8220;de los 17 gremios que hay en la Ciudad, solo uno estar\u00eda diciendo que va a adherir al paro, as\u00ed que no deber\u00edamos tener problemas&#8221;.<\/p>\n\n\n\n<p>Se trata del sindicato docente porte\u00f1o Ademys que decidi\u00f3 este jueves adherir al paro docente del pr\u00f3ximo lunes y llam\u00f3 a concentrar ese mismo d\u00eda frente al Ministerio de Educaci\u00f3n Nacional &#8220;en defensa de la escuela p\u00fablica, por nuestros salarios y por las condiciones de ense\u00f1anza y de vida de nuestros estudiantes y sus familias&#8221;.<\/p>\n\n\n\n<p>Adem\u00e1s, Macri afirm\u00f3 que &#8220;como el paro est\u00e1 fuera de lo legal, porque ya hay un acuerdo docente, a quienes adhieran al paro le vamos a descontar la jornada y con eso construimos un fondo que despu\u00e9s se reparte a los docentes que no adhieren a los paros&#8221;.<\/p>\n\n\n\n<p>&#8220;Es una buena manera de incentivar a aquellos a quienes tienen la voluntad de estar en clase\u201d, consider\u00f3.<\/p>\n\n\n\n<p>El jueves, la Ctera llam\u00f3 a un paro docente para el lunes con movilizaci\u00f3n en todas las provincias, en reclamo de la paritaria nacional y en rechazo de la eliminaci\u00f3n del Fondo Nacional de Incentivo Docente (Fonid).<\/p>\n\n\n\n<p>El Gobierno nacional convoc\u00f3 esta semana para el pr\u00f3ximo martes a los gremios docentes con representaci\u00f3n nacional y a los ministros de Educaci\u00f3n de las provincias y de la Ciudad de Buenos Aires para &#8220;iniciar los di\u00e1logos a fin de acordar el convenio marco nacional del salario m\u00ednimo docente&#8221;.<\/p>\n\n\n\n<p>La reuni\u00f3n se realizar\u00e1 el pr\u00f3ximo martes, a las 18, en la avenida Leandro N. Alem 650, de la Ciudad de Buenos Aires, un d\u00eda despu\u00e9s del previsto inicio del ciclo lectivo en gran parte del pa\u00eds.<\/p>\n","protected":false},"excerpt":{"rendered":"<p>El jefe de Gobierno porte&ntilde;o, Jorge Macri, asegur&oacute; este viernes que el lunes pr&oacute;ximo las clases &ldquo;deber&iacute;an empezar sin problemas&rdquo; tras el acuerdo paritario firmado con los docentes en el distrito, en referencia al paro nacional de actividades dispuesto por los gremios del sector, y adelant&oacute; que descontar&aacute; la jornada a aquellos trabajadores que se &hellip; <\/p>\n","protected":false},"author":5,"featured_media":11416,"comment_status":"closed","ping_status":"closed","sticky":false,"template":"","format":"standard","meta":{"om_disable_all_campaigns":false,"_joinchat":[]},"categories":[7,4],"tags":[46,43],"featured_image_urls":{"full":["https:\/\/infotep.com.ar\/wp-content\/uploads\/2024\/02\/jorge_macri.png",768,506,false],"thumbnail":["https:\/\/infotep.com.ar\/wp-content\/uploads\/2024\/02\/jorge_macri-150x150.png",150,150,true],"medium":["https:\/\/infotep.com.ar\/wp-content\/uploads\/2024\/02\/jorge_macri-300x198.png",300,198,true],"medium_large":["https:\/\/infotep.com.ar\/wp-content\/uploads\/2024\/02\/jorge_macri.png",768,506,false],"large":["https:\/\/infotep.com.ar\/wp-content\/uploads\/2024\/02\/jorge_macri.png",768,506,false],"1536x1536":["https:\/\/infotep.com.ar\/wp-content\/uploads\/2024\/02\/jorge_macri.png",768,506,false],"2048x2048":["https:\/\/infotep.com.ar\/wp-content\/uploads\/2024\/02\/jorge_macri.png",768,506,false],"blossom-feminine-slider":["https:\/\/infotep.com.ar\/wp-content\/uploads\/2024\/02\/jorge_macri.png",768,506,false],"blossom-feminine-featured":["https:\/\/infotep.com.ar\/wp-content\/uploads\/2024\/02\/jorge_macri.png",768,506,false],"blossom-feminine-with-sidebar":["https:\/\/infotep.com.ar\/wp-content\/uploads\/2024\/02\/jorge_macri.png",768,506,false],"blossom-feminine-blog":["https:\/\/infotep.com.ar\/wp-content\/uploads\/2024\/02\/jorge_macri-435x435.png",435,435,true],"blossom-feminine-cat":["https:\/\/infotep.com.ar\/wp-content\/uploads\/2024\/02\/jorge_macri-450x300.png",450,300,true],"blossom-feminine-related":["https:\/\/infotep.com.ar\/wp-content\/uploads\/2024\/02\/jorge_macri-320x200.png",320,200,true],"blossom-feminine-schema":["https:\/\/infotep.com.ar\/wp-content\/uploads\/2024\/02\/jorge_macri-91x60.png",91,60,true],"blossom-mommy-blog-slider-big":["https:\/\/infotep.com.ar\/wp-content\/uploads\/2024\/02\/jorge_macri.png",768,506,false],"blossom-mommy-blog-slider":["https:\/\/infotep.com.ar\/wp-content\/uploads\/2024\/02\/jorge_macri-460x310.png",460,310,true],"blossom-mommy-blog-two":["https:\/\/infotep.com.ar\/wp-content\/uploads\/2024\/02\/jorge_macri-768x480.png",768,480,true]},"author_info":{"info":["Angela Tobar"]},"category_info":"<a href=\"https:\/\/infotep.com.ar\/index.php\/category\/gremios\/\" rel=\"category tag\">Gremios<\/a> <a href=\"https:\/\/infotep.com.ar\/index.php\/category\/provinciales\/\" rel=\"category tag\">Provinciales<\/a>","tag_info":"Provinciales","comment_count":"0","_links":{"self":[{"href":"https:\/\/infotep.com.ar\/index.php\/wp-json\/wp\/v2\/posts\/11415"}],"collection":[{"href":"https:\/\/infotep.com.ar\/index.php\/wp-json\/wp\/v2\/posts"}],"about":[{"href":"https:\/\/infotep.com.ar\/index.php\/wp-json\/wp\/v2\/types\/post"}],"author":[{"embeddable":true,"href":"https:\/\/infotep.com.ar\/index.php\/wp-json\/wp\/v2\/users\/5"}],"replies":[{"embeddable":true,"href":"https:\/\/infotep.com.ar\/index.php\/wp-json\/wp\/v2\/comments?post=11415"}],"version-history":[{"count":1,"href":"https:\/\/infotep.com.ar\/index.php\/wp-json\/wp\/v2\/posts\/11415\/revisions"}],"predecessor-version":[{"id":11417,"href":"https:\/\/infotep.com.ar\/index.php\/wp-json\/wp\/v2\/posts\/11415\/revisions\/11417"}],"wp:featuredmedia":[{"embeddable":true,"href":"https:\/\/infotep.com.ar\/index.php\/wp-json\/wp\/v2\/media\/11416"}],"wp:attachment":[{"href":"https:\/\/infotep.com.ar\/index.php\/wp-json\/wp\/v2\/media?parent=11415"}],"wp:term":[{"taxonomy":"category","embeddable":true,"href":"https:\/\/infotep.com.ar\/index.php\/wp-json\/wp\/v2\/categories?post=11415"},{"taxonomy":"post_tag","embeddable":true,"href":"https:\/\/infotep.com.ar\/index.php\/wp-json\/wp\/v2\/tags?post=11415"}],"curies":[{"name":"wp","href":"https:\/\/api.w.org\/{rel}","templated":true}]}}