{"id":11469,"date":"2024-02-24T21:44:40","date_gmt":"2024-02-25T00:44:40","guid":{"rendered":"https:\/\/infotep.com.ar\/?p=11469"},"modified":"2024-02-24T21:44:41","modified_gmt":"2024-02-25T00:44:41","slug":"la-provincia-de-buenos-aires-ira-al-congreso-para-restituir-los-subsidios-al-transporte","status":"publish","type":"post","link":"https:\/\/infotep.com.ar\/index.php\/2024\/02\/24\/la-provincia-de-buenos-aires-ira-al-congreso-para-restituir-los-subsidios-al-transporte\/","title":{"rendered":"La provincia de Buenos Aires ir\u00e1 al Congreso para restituir los subsidios al transporte"},"content":{"rendered":"\n<p>As\u00ed lo confirm\u00f3 el ministro de Transporte bonaerense, Jorge D&#8217;Onofrio. Buscar\u00e1n con sus legisladores &#8220;restituir de manera definitiva el fondo compensador al transporte y lo mismo se est\u00e1 trabajando con el fondo educativo, que es una barbaridad&#8221;.<\/p>\n\n\n\n<p><\/p>\n\n\n\n<p>El ministro de Transporte de la provincia de Buenos Aires, Jorge D&#8217;Onofrio, afirm\u00f3 este s\u00e1bado que acudir\u00e1 a trav\u00e9s de los legisladores al Congreso de la Naci\u00f3n &#8220;con un proyecto de ley para restituir de manera definitiva el Fondo Compensador al Transporte P\u00fablico&#8221; y remarc\u00f3 que &#8220;lo mismo se est\u00e1 trabajando con el Fondo Educativo&#8221;.<\/p>\n\n\n\n<p>&#8220;Vamos a ir al Congreso con un proyecto de ley para restituir de manera definitiva el fondo compensador al transporte y lo mismo se est\u00e1 trabajando con el fondo educativo, que es una barbaridad&#8221;, sostuvo D&#8217;Onofrio en declaraciones a Radio Splendid.<\/p>\n\n\n\n<p><strong>En este sentido, el funcionario bonaerense sostuvo: &#8220;Estamos buscando que el Gobierno nacional entienda que las medidas que est\u00e1 tomando no son en contra de un gobernador o de una administraci\u00f3n, sino que lo paga la gente y el que menos tiene&#8221;.<\/strong><\/p>\n\n\n\n<p>Asimismo, contempl\u00f3 que &#8220;todas las provincias est\u00e1n avanzando en el reclamo judicial&#8221; en torno al reclamo por los fondos, y -enfatiz\u00f3- &#8220;la provincia de Buenos Aires tambi\u00e9n&#8221;.<\/p>\n\n\n\n<p>&#8220;Ya hubo un fallo a favor que lo present\u00f3 la provincia de Neuqu\u00e9n, as\u00ed que esperemos que en los pr\u00f3ximos d\u00edas podamos tener por lo menos una buena noticia retrotrayendo esta medida&#8221;, dijo.<\/p>\n\n\n\n<p>D&#8217;Onofrio advirti\u00f3 que el recorte del Fondo Compensador al Transporte P\u00fablico puede provocar no s\u00f3lo que sea &#8220;inalcanzable&#8221; para una persona viajar en colectivo, sino tambi\u00e9n la &#8220;desaparici\u00f3n del transporte p\u00fablico de pasajeros porque las empresas no podr\u00edan prestar el servicio, lo cual implica tanto la p\u00e9rdida de puestos de trabajo directos como indirectos, es decir, de la gente que no puede llegar mediante un transporte p\u00fablico a trabajar o estudiar o lo que tenga que hacer&#8221;.<\/p>\n\n\n\n<p>No obstante, el ministro de Transporte bonaerense asegur\u00f3 que &#8220;no se dejar\u00e1 de subsidiar el transporte en el interior&#8221; de la provincia, a la vez que &#8220;va a seguir cumpliendo con sus obligaciones y tratando de que los fondos que se han camoteado en este intento de extorsi\u00f3n sean reintegrados&#8221;.<\/p>\n\n\n\n<p>&#8220;Todo lo que ha retirado hasta ahora el Gobierno nacional equivale al 24% de los recursos totales de los bonaerenses, incidiendo esto en educaci\u00f3n, salud, seguridad, obras p\u00fablicas&#8221;, apunt\u00f3.<\/p>\n\n\n\n<p>Por \u00faltimo, D&#8217;Onofrio consider\u00f3 que el objetivo del Gobierno nacional de alcanzar un d\u00e9ficit cero &#8220;est\u00e1 muy bien&#8221;, pero -pidi\u00f3- &#8220;que no sea a costa de la gente&#8221;.<\/p>\n\n\n\n<p>&#8220;Las pol\u00edticas de motosierra, licuadora, que est\u00e1 implementando el Gobierno nacional primero destrozaron el mercado interno, pero adem\u00e1s se licuaron los ingresos de los trabajadores e hizo caer la actividad comercial, con lo cual empieza a haber menos trabajo&#8221;, concluy\u00f3.<\/p>\n","protected":false},"excerpt":{"rendered":"<p>As&iacute; lo confirm&oacute; el ministro de Transporte bonaerense, Jorge D&rsquo;Onofrio. Buscar&aacute;n con sus legisladores &ldquo;restituir de manera definitiva el fondo compensador al transporte y lo mismo se est&aacute; trabajando con el fondo educativo, que es una barbaridad&rdquo;. El ministro de Transporte de la provincia de Buenos Aires, Jorge D&rsquo;Onofrio, afirm&oacute; este s&aacute;bado que acudir&aacute; a &hellip; <\/p>\n","protected":false},"author":5,"featured_media":10995,"comment_status":"closed","ping_status":"closed","sticky":false,"template":"","format":"standard","meta":{"om_disable_all_campaigns":false,"_joinchat":[]},"categories":[31,4],"tags":[46,43],"featured_image_urls":{"full":["https:\/\/infotep.com.ar\/wp-content\/uploads\/2024\/02\/colectivo.jpg",1200,675,false],"thumbnail":["https:\/\/infotep.com.ar\/wp-content\/uploads\/2024\/02\/colectivo-150x150.jpg",150,150,true],"medium":["https:\/\/infotep.com.ar\/wp-content\/uploads\/2024\/02\/colectivo-300x169.jpg",300,169,true],"medium_large":["https:\/\/infotep.com.ar\/wp-content\/uploads\/2024\/02\/colectivo-768x432.jpg",768,432,true],"large":["https:\/\/infotep.com.ar\/wp-content\/uploads\/2024\/02\/colectivo-1024x576.jpg",1020,574,true],"1536x1536":["https:\/\/infotep.com.ar\/wp-content\/uploads\/2024\/02\/colectivo.jpg",1200,675,false],"2048x2048":["https:\/\/infotep.com.ar\/wp-content\/uploads\/2024\/02\/colectivo.jpg",1200,675,false],"blossom-feminine-slider":["https:\/\/infotep.com.ar\/wp-content\/uploads\/2024\/02\/colectivo-1200x649.jpg",1200,649,true],"blossom-feminine-featured":["https:\/\/infotep.com.ar\/wp-content\/uploads\/2024\/02\/colectivo-1200x600.jpg",1200,600,true],"blossom-feminine-with-sidebar":["https:\/\/infotep.com.ar\/wp-content\/uploads\/2024\/02\/colectivo-1020x600.jpg",1020,600,true],"blossom-feminine-blog":["https:\/\/infotep.com.ar\/wp-content\/uploads\/2024\/02\/colectivo-435x435.jpg",435,435,true],"blossom-feminine-cat":["https:\/\/infotep.com.ar\/wp-content\/uploads\/2024\/02\/colectivo-450x300.jpg",450,300,true],"blossom-feminine-related":["https:\/\/infotep.com.ar\/wp-content\/uploads\/2024\/02\/colectivo-320x200.jpg",320,200,true],"blossom-feminine-schema":["https:\/\/infotep.com.ar\/wp-content\/uploads\/2024\/02\/colectivo-107x60.jpg",107,60,true],"blossom-mommy-blog-slider-big":["https:\/\/infotep.com.ar\/wp-content\/uploads\/2024\/02\/colectivo-920x650.jpg",920,650,true],"blossom-mommy-blog-slider":["https:\/\/infotep.com.ar\/wp-content\/uploads\/2024\/02\/colectivo-460x310.jpg",460,310,true],"blossom-mommy-blog-two":["https:\/\/infotep.com.ar\/wp-content\/uploads\/2024\/02\/colectivo-768x480.jpg",768,480,true]},"author_info":{"info":["Angela Tobar"]},"category_info":"<a href=\"https:\/\/infotep.com.ar\/index.php\/category\/destacadas\/\" rel=\"category tag\">Destacadas<\/a> <a href=\"https:\/\/infotep.com.ar\/index.php\/category\/provinciales\/\" rel=\"category tag\">Provinciales<\/a>","tag_info":"Provinciales","comment_count":"0","_links":{"self":[{"href":"https:\/\/infotep.com.ar\/index.php\/wp-json\/wp\/v2\/posts\/11469"}],"collection":[{"href":"https:\/\/infotep.com.ar\/index.php\/wp-json\/wp\/v2\/posts"}],"about":[{"href":"https:\/\/infotep.com.ar\/index.php\/wp-json\/wp\/v2\/types\/post"}],"author":[{"embeddable":true,"href":"https:\/\/infotep.com.ar\/index.php\/wp-json\/wp\/v2\/users\/5"}],"replies":[{"embeddable":true,"href":"https:\/\/infotep.com.ar\/index.php\/wp-json\/wp\/v2\/comments?post=11469"}],"version-history":[{"count":1,"href":"https:\/\/infotep.com.ar\/index.php\/wp-json\/wp\/v2\/posts\/11469\/revisions"}],"predecessor-version":[{"id":11470,"href":"https:\/\/infotep.com.ar\/index.php\/wp-json\/wp\/v2\/posts\/11469\/revisions\/11470"}],"wp:featuredmedia":[{"embeddable":true,"href":"https:\/\/infotep.com.ar\/index.php\/wp-json\/wp\/v2\/media\/10995"}],"wp:attachment":[{"href":"https:\/\/infotep.com.ar\/index.php\/wp-json\/wp\/v2\/media?parent=11469"}],"wp:term":[{"taxonomy":"category","embeddable":true,"href":"https:\/\/infotep.com.ar\/index.php\/wp-json\/wp\/v2\/categories?post=11469"},{"taxonomy":"post_tag","embeddable":true,"href":"https:\/\/infotep.com.ar\/index.php\/wp-json\/wp\/v2\/tags?post=11469"}],"curies":[{"name":"wp","href":"https:\/\/api.w.org\/{rel}","templated":true}]}}