{"id":1154,"date":"2022-09-15T23:50:42","date_gmt":"2022-09-16T02:50:42","guid":{"rendered":"https:\/\/infotep.com.ar\/?p=1154"},"modified":"2022-09-16T08:32:00","modified_gmt":"2022-09-16T11:32:00","slug":"el-sindicato-del-personal-jerarquico-de-la-afip-inauguro-la-delegacion-oeste","status":"publish","type":"post","link":"https:\/\/infotep.com.ar\/index.php\/2022\/09\/15\/el-sindicato-del-personal-jerarquico-de-la-afip-inauguro-la-delegacion-oeste\/","title":{"rendered":"El sindicato del Personal Jer\u00e1rquico de la AFIP inaugur\u00f3 la Delegaci\u00f3n Oeste"},"content":{"rendered":"\n<p>En un acto del que particip\u00f3 <a href=\"https:\/\/infotep.com.ar\/index.php\/2022\/09\/15\/alberto-descalzo-atravesamos-momentos-dificiles-por-una-pandemia-una-guerra-y-por-errores-propios\/\" target=\"_blank\" rel=\"noopener nofollow\">el intendente de Ituzaing\u00f3, Alberto Descalzo <\/a>y autoridades de la entidad recaudadora y de los municipios cercanos, qued\u00f3 inaugurada una nueva sede gremial de los y las trabajadores de la Administraci\u00f3n Federal de Ingresos P\u00fablicos. La misma esta ubicada en Alvear 698, Ituzaing\u00f3.<\/p>\n\n\n\n<p>Durante el acto de inauguraci\u00f3n, el secretario general de UpsAfip, Julio Est\u00e9vez, repas\u00f3 que si bien son un sindicato \u201cnuevo\u201d se \u201chan logrado muchisimas cosas y se van sumando afiliados todos los d\u00edas\u201d.<\/p>\n\n\n\n<p>\u201cCreamos un gremio hace siete a\u00f1os y no paramos de crecer, todos los d\u00edas tenemos m\u00e1s afiliados, y vamos a seguir trabajando para mejorar la situaci\u00f3n de los trabajadores y para acercar la AFIP a la comunidad, por eso esta Delegaci\u00f3n Oeste que inauguramos hoy en Ituzaing\u00f3, se suma a las ya existentes en Avellaneda y Quilmes, al sur del conurbano bonaerense\u201d, detall\u00f3.<\/p>\n\n\n\n<p>Y destac\u00f3 que el servicio que se brinda desde la flamante delegaci\u00f3n \u201cest\u00e1 al servicio de todos los habitantes de Ituzaing\u00f3, porque la idea es traer una receptor\u00eda de AFIP ac\u00e1 a Ituzaing\u00f3 para que los vecinos y las vecinas no deban ir hasta Mor\u00f3n para consultar o hacer tramites\u201d.<\/p>\n","protected":false},"excerpt":{"rendered":"<p>En un acto del que particip&oacute; el intendente de Ituzaing&oacute;, Alberto Descalzo y autoridades de la entidad recaudadora y de los municipios cercanos, qued&oacute; inaugurada una nueva sede gremial de los y las trabajadores de la Administraci&oacute;n Federal de Ingresos P&uacute;blicos. La misma esta ubicada en Alvear 698, Ituzaing&oacute;. Durante el acto de inauguraci&oacute;n, el &hellip; <\/p>\n","protected":false},"author":5,"featured_media":1156,"comment_status":"closed","ping_status":"closed","sticky":false,"template":"","format":"standard","meta":{"om_disable_all_campaigns":false,"_joinchat":[]},"categories":[7,8],"tags":[65,86,46,51,43],"featured_image_urls":{"full":["https:\/\/infotep.com.ar\/wp-content\/uploads\/2022\/09\/WhatsApp-Image-2022-09-15-at-22.13.22-e1663296744466.jpeg",886,528,false],"thumbnail":["https:\/\/infotep.com.ar\/wp-content\/uploads\/2022\/09\/WhatsApp-Image-2022-09-15-at-22.13.22-e1663296744466-150x150.jpeg",150,150,true],"medium":["https:\/\/infotep.com.ar\/wp-content\/uploads\/2022\/09\/WhatsApp-Image-2022-09-15-at-22.13.22-e1663296744466-300x179.jpeg",300,179,true],"medium_large":["https:\/\/infotep.com.ar\/wp-content\/uploads\/2022\/09\/WhatsApp-Image-2022-09-15-at-22.13.22-e1663296744466-768x458.jpeg",768,458,true],"large":["https:\/\/infotep.com.ar\/wp-content\/uploads\/2022\/09\/WhatsApp-Image-2022-09-15-at-22.13.22-1024x576.jpeg",1020,574,true],"1536x1536":["https:\/\/infotep.com.ar\/wp-content\/uploads\/2022\/09\/WhatsApp-Image-2022-09-15-at-22.13.22-e1663296744466.jpeg",886,528,false],"2048x2048":["https:\/\/infotep.com.ar\/wp-content\/uploads\/2022\/09\/WhatsApp-Image-2022-09-15-at-22.13.22-e1663296744466.jpeg",886,528,false],"blossom-feminine-slider":["https:\/\/infotep.com.ar\/wp-content\/uploads\/2022\/09\/WhatsApp-Image-2022-09-15-at-22.13.22-1280x649.jpeg",1280,649,true],"blossom-feminine-featured":["https:\/\/infotep.com.ar\/wp-content\/uploads\/2022\/09\/WhatsApp-Image-2022-09-15-at-22.13.22-1280x600.jpeg",1280,600,true],"blossom-feminine-with-sidebar":["https:\/\/infotep.com.ar\/wp-content\/uploads\/2022\/09\/WhatsApp-Image-2022-09-15-at-22.13.22-1020x600.jpeg",1020,600,true],"blossom-feminine-blog":["https:\/\/infotep.com.ar\/wp-content\/uploads\/2022\/09\/WhatsApp-Image-2022-09-15-at-22.13.22-e1663296744466-435x435.jpeg",435,435,true],"blossom-feminine-cat":["https:\/\/infotep.com.ar\/wp-content\/uploads\/2022\/09\/WhatsApp-Image-2022-09-15-at-22.13.22-e1663296744466-450x300.jpeg",450,300,true],"blossom-feminine-related":["https:\/\/infotep.com.ar\/wp-content\/uploads\/2022\/09\/WhatsApp-Image-2022-09-15-at-22.13.22-e1663296744466-320x200.jpeg",320,200,true],"blossom-feminine-schema":["https:\/\/infotep.com.ar\/wp-content\/uploads\/2022\/09\/WhatsApp-Image-2022-09-15-at-22.13.22-e1663296744466-101x60.jpeg",101,60,true],"blossom-mommy-blog-slider-big":["https:\/\/infotep.com.ar\/wp-content\/uploads\/2022\/09\/WhatsApp-Image-2022-09-15-at-22.13.22-920x650.jpeg",920,650,true],"blossom-mommy-blog-slider":["https:\/\/infotep.com.ar\/wp-content\/uploads\/2022\/09\/WhatsApp-Image-2022-09-15-at-22.13.22-e1663296744466-460x310.jpeg",460,310,true],"blossom-mommy-blog-two":["https:\/\/infotep.com.ar\/wp-content\/uploads\/2022\/09\/WhatsApp-Image-2022-09-15-at-22.13.22-e1663296744466-768x480.jpeg",768,480,true]},"author_info":{"info":["Angela Tobar"]},"category_info":"<a href=\"https:\/\/infotep.com.ar\/index.php\/category\/gremios\/\" rel=\"category tag\">Gremios<\/a> <a href=\"https:\/\/infotep.com.ar\/index.php\/category\/municipales\/ituzaingo\/\" rel=\"category tag\">Ituzaing\u00f3<\/a>","tag_info":"Ituzaing\u00f3","comment_count":"0","_links":{"self":[{"href":"https:\/\/infotep.com.ar\/index.php\/wp-json\/wp\/v2\/posts\/1154"}],"collection":[{"href":"https:\/\/infotep.com.ar\/index.php\/wp-json\/wp\/v2\/posts"}],"about":[{"href":"https:\/\/infotep.com.ar\/index.php\/wp-json\/wp\/v2\/types\/post"}],"author":[{"embeddable":true,"href":"https:\/\/infotep.com.ar\/index.php\/wp-json\/wp\/v2\/users\/5"}],"replies":[{"embeddable":true,"href":"https:\/\/infotep.com.ar\/index.php\/wp-json\/wp\/v2\/comments?post=1154"}],"version-history":[{"count":2,"href":"https:\/\/infotep.com.ar\/index.php\/wp-json\/wp\/v2\/posts\/1154\/revisions"}],"predecessor-version":[{"id":1159,"href":"https:\/\/infotep.com.ar\/index.php\/wp-json\/wp\/v2\/posts\/1154\/revisions\/1159"}],"wp:featuredmedia":[{"embeddable":true,"href":"https:\/\/infotep.com.ar\/index.php\/wp-json\/wp\/v2\/media\/1156"}],"wp:attachment":[{"href":"https:\/\/infotep.com.ar\/index.php\/wp-json\/wp\/v2\/media?parent=1154"}],"wp:term":[{"taxonomy":"category","embeddable":true,"href":"https:\/\/infotep.com.ar\/index.php\/wp-json\/wp\/v2\/categories?post=1154"},{"taxonomy":"post_tag","embeddable":true,"href":"https:\/\/infotep.com.ar\/index.php\/wp-json\/wp\/v2\/tags?post=1154"}],"curies":[{"name":"wp","href":"https:\/\/api.w.org\/{rel}","templated":true}]}}