{"id":11607,"date":"2024-03-02T11:56:34","date_gmt":"2024-03-02T14:56:34","guid":{"rendered":"https:\/\/infotep.com.ar\/?p=11607"},"modified":"2024-03-02T11:56:35","modified_gmt":"2024-03-02T14:56:35","slug":"reaparece-massa-en-un-encuentro-del-frente-renovador-bonaerense","status":"publish","type":"post","link":"https:\/\/infotep.com.ar\/index.php\/2024\/03\/02\/reaparece-massa-en-un-encuentro-del-frente-renovador-bonaerense\/","title":{"rendered":"Reaparece Massa en un encuentro del Frente Renovador bonaerense"},"content":{"rendered":"\n<p><\/p>\n\n\n\n<p>El exministro de Econom\u00eda y excandidato a presidente por Uni\u00f3n por la Patria (UxP), Sergio Massa, reaparecer\u00e1 hoy en la ciudad bonaerense de Roque P\u00e9rez, donde encabezar\u00e1 un encuentro del Frente Renovador (FR) de la provincia de Buenos Aires, donde fijar\u00e1 posici\u00f3n sobre las pol\u00edticas del Gobierno de Javier Milei y responder\u00e1 a las cr\u00edticas del jefe de Estado por la &#8220;herencia&#8221; recibida.<\/p>\n\n\n\n<p>La reaparici\u00f3n de Massa se dar\u00e1 luego de que anoche, durante su discurso ante la Asamblea Legislativa, Milei lo calificara como &#8220;jinete del fracaso&#8221; junto a otros dirigentes como Juan Grabois, M\u00e1ximo Kirchner y Pablo Moyano y mencionara a Cristina Fern\u00e1ndez de Kirchner como la \u201cresponsable de uno de los peores gobiernos de la historia\u201d.<\/p>\n\n\n\n<p>El encuentro del Frente Renovador estaba, en principio, pautado para el s\u00e1bado pasado pero finalmente se confirm\u00f3 para este mediod\u00eda, en un contexto alterado por la relaci\u00f3n entre los legisladores massistas y el gobernador bonaerense Axel Kicillof debido a la situaci\u00f3n de la obra social provincial IOMA.<\/p>\n\n\n\n<p>En el encuentro se espera que Massa realice &#8220;un fuerte mensaje en defensa de la clase media&#8221;, seg\u00fan adelantaron desde su entorno.<\/p>\n\n\n\n<p>En la ciudad del interior bonaerense, cuyo intendente es el massista Maximiliano Sciaini, participar\u00e1n tambi\u00e9n del encuentro diputados nacionales, provinciales y 20 intendentes del Frente Renovador de ese distrito.<\/p>\n\n\n\n<p>La reuni\u00f3n se concretar\u00e1 tras la reaparici\u00f3n de la expresidenta Cristina Fern\u00e1ndez de Kirchner con la publicaci\u00f3n de un documento de 33 hojas cuestionando la gesti\u00f3n del Gobierno nacional y la llegada la semana pasada al pa\u00eds del expresidente y actual titular del PJ nacional, Alberto Fern\u00e1ndez, procedente de Espa\u00f1a.<\/p>\n\n\n\n<p>A pesar de esta semana de demora, Massa retomar\u00e1 su actividad p\u00fablica mientras est\u00e1 terminando su libro y ultima detalles para &#8220;poner en funcionamiento la fundaci\u00f3n Encuentro&#8221; en las primeras semanas de marzo.<\/p>\n\n\n\n<p>Sobre la relaci\u00f3n con Kicillof, allegados a Massa se\u00f1alaron que &#8220;no existe ninguna tensi\u00f3n y que el di\u00e1logo es constante&#8221; con el gobernador bonaerense.<\/p>\n\n\n\n<p>Desde la asunci\u00f3n de Javier Milei, Massa adopt\u00f3 la postura de no hacer declaraciones p\u00fablicas y hasta marc\u00f3 sus diferencias con el paro de la CGT del 24 de enero pasado, pero s\u00ed realiz\u00f3 reuniones privadas reducidas o personales con referentes del FR en la C\u00e1mara de Diputados y otros dirigentes.<\/p>\n\n\n\n<p>La \u00faltima aparici\u00f3n p\u00fablica de Massa fue en los primeros d\u00edas de enero en la sede del Sindicato del Seguro, cuando se reuni\u00f3 con la c\u00fapula de la CGT en la previa de la primera medida de fuerza al Gobierno nacional.<\/p>\n","protected":false},"excerpt":{"rendered":"<p>El exministro de Econom&iacute;a y excandidato a presidente por Uni&oacute;n por la Patria (UxP), Sergio Massa, reaparecer&aacute; hoy en la ciudad bonaerense de Roque P&eacute;rez, donde encabezar&aacute; un encuentro del Frente Renovador (FR) de la provincia de Buenos Aires, donde fijar&aacute; posici&oacute;n sobre las pol&iacute;ticas del Gobierno de Javier Milei y responder&aacute; a las cr&iacute;ticas &hellip; <\/p>\n","protected":false},"author":5,"featured_media":6865,"comment_status":"closed","ping_status":"closed","sticky":false,"template":"","format":"standard","meta":{"om_disable_all_campaigns":false,"_joinchat":[]},"categories":[4],"tags":[46,43],"featured_image_urls":{"full":["https:\/\/infotep.com.ar\/wp-content\/uploads\/2023\/08\/massa.jpg",1200,674,false],"thumbnail":["https:\/\/infotep.com.ar\/wp-content\/uploads\/2023\/08\/massa-150x150.jpg",150,150,true],"medium":["https:\/\/infotep.com.ar\/wp-content\/uploads\/2023\/08\/massa-300x169.jpg",300,169,true],"medium_large":["https:\/\/infotep.com.ar\/wp-content\/uploads\/2023\/08\/massa-768x431.jpg",768,431,true],"large":["https:\/\/infotep.com.ar\/wp-content\/uploads\/2023\/08\/massa-1024x575.jpg",1020,573,true],"1536x1536":["https:\/\/infotep.com.ar\/wp-content\/uploads\/2023\/08\/massa.jpg",1200,674,false],"2048x2048":["https:\/\/infotep.com.ar\/wp-content\/uploads\/2023\/08\/massa.jpg",1200,674,false],"blossom-feminine-slider":["https:\/\/infotep.com.ar\/wp-content\/uploads\/2023\/08\/massa-1200x649.jpg",1200,649,true],"blossom-feminine-featured":["https:\/\/infotep.com.ar\/wp-content\/uploads\/2023\/08\/massa-1200x600.jpg",1200,600,true],"blossom-feminine-with-sidebar":["https:\/\/infotep.com.ar\/wp-content\/uploads\/2023\/08\/massa-1020x600.jpg",1020,600,true],"blossom-feminine-blog":["https:\/\/infotep.com.ar\/wp-content\/uploads\/2023\/08\/massa-435x435.jpg",435,435,true],"blossom-feminine-cat":["https:\/\/infotep.com.ar\/wp-content\/uploads\/2023\/08\/massa-450x300.jpg",450,300,true],"blossom-feminine-related":["https:\/\/infotep.com.ar\/wp-content\/uploads\/2023\/08\/massa-320x200.jpg",320,200,true],"blossom-feminine-schema":["https:\/\/infotep.com.ar\/wp-content\/uploads\/2023\/08\/massa-107x60.jpg",107,60,true],"blossom-mommy-blog-slider-big":["https:\/\/infotep.com.ar\/wp-content\/uploads\/2023\/08\/massa-920x650.jpg",920,650,true],"blossom-mommy-blog-slider":["https:\/\/infotep.com.ar\/wp-content\/uploads\/2023\/08\/massa-460x310.jpg",460,310,true],"blossom-mommy-blog-two":["https:\/\/infotep.com.ar\/wp-content\/uploads\/2023\/08\/massa-768x480.jpg",768,480,true]},"author_info":{"info":["Angela Tobar"]},"category_info":"<a href=\"https:\/\/infotep.com.ar\/index.php\/category\/provinciales\/\" rel=\"category tag\">Provinciales<\/a>","tag_info":"Provinciales","comment_count":"0","_links":{"self":[{"href":"https:\/\/infotep.com.ar\/index.php\/wp-json\/wp\/v2\/posts\/11607"}],"collection":[{"href":"https:\/\/infotep.com.ar\/index.php\/wp-json\/wp\/v2\/posts"}],"about":[{"href":"https:\/\/infotep.com.ar\/index.php\/wp-json\/wp\/v2\/types\/post"}],"author":[{"embeddable":true,"href":"https:\/\/infotep.com.ar\/index.php\/wp-json\/wp\/v2\/users\/5"}],"replies":[{"embeddable":true,"href":"https:\/\/infotep.com.ar\/index.php\/wp-json\/wp\/v2\/comments?post=11607"}],"version-history":[{"count":1,"href":"https:\/\/infotep.com.ar\/index.php\/wp-json\/wp\/v2\/posts\/11607\/revisions"}],"predecessor-version":[{"id":11608,"href":"https:\/\/infotep.com.ar\/index.php\/wp-json\/wp\/v2\/posts\/11607\/revisions\/11608"}],"wp:featuredmedia":[{"embeddable":true,"href":"https:\/\/infotep.com.ar\/index.php\/wp-json\/wp\/v2\/media\/6865"}],"wp:attachment":[{"href":"https:\/\/infotep.com.ar\/index.php\/wp-json\/wp\/v2\/media?parent=11607"}],"wp:term":[{"taxonomy":"category","embeddable":true,"href":"https:\/\/infotep.com.ar\/index.php\/wp-json\/wp\/v2\/categories?post=11607"},{"taxonomy":"post_tag","embeddable":true,"href":"https:\/\/infotep.com.ar\/index.php\/wp-json\/wp\/v2\/tags?post=11607"}],"curies":[{"name":"wp","href":"https:\/\/api.w.org\/{rel}","templated":true}]}}