{"id":11655,"date":"2024-03-05T13:44:46","date_gmt":"2024-03-05T16:44:46","guid":{"rendered":"https:\/\/infotep.com.ar\/?p=11655"},"modified":"2024-03-05T13:44:47","modified_gmt":"2024-03-05T16:44:47","slug":"semana-santa-2024-cuando-arranca-y-cuantos-dias-de-descanso-hay-por-los-feriados","status":"publish","type":"post","link":"https:\/\/infotep.com.ar\/index.php\/2024\/03\/05\/semana-santa-2024-cuando-arranca-y-cuantos-dias-de-descanso-hay-por-los-feriados\/","title":{"rendered":"Semana Santa 2024: cu\u00e1ndo arranca y cu\u00e1ntos d\u00edas de descanso hay por los feriados"},"content":{"rendered":"\n<p><\/p>\n\n\n\n<p>Seg\u00fan lo dispuesto por el Poder Ejecutivo Nacional en su calendario 2024, el pr\u00f3ximo feriado en nuestro pa\u00eds es el 24 de marzo, D\u00eda de la Memoria, Verdad y Justicia, aunque el mismo cae domingo y por lo tanto no se arma un fin de semana largo.<\/p>\n\n\n\n<p>Igualmente, en muy pocos d\u00edas se genera un per\u00edodo de descanso en la Argentina por la llegada de Semana Santa, que arranca el jueves 28 de marzo como d\u00eda no laborable y contin\u00faa con el viernes 29 como un feriado de d\u00eda inamovible.<\/p>\n\n\n\n<p>Por lo tanto, y si se suma el s\u00e1bado 30 y el domingo 31 hay cuatro libres para descansar en la Argentina, aunque la buena noticia no termina all\u00ed porque el lunes 1\u00b0 de abril fue declarado puente tur\u00edstico y el martes 2 hay feriadlo por el D\u00eda del Veterano y de los ca\u00eddos en la Guerra de Malvinas.<\/p>\n\n\n\n<p>En consecuencia, con la uni\u00f3n de Semana Santa y el D\u00eda del Veterano Malvinas se genera un per\u00edodo total de descanso de seis d\u00edas, que es ideal para planificar unas buenas vacaciones y es in\u00e9dito en el pa\u00eds, debido a que nunca antes se hab\u00edan juntado tantos d\u00edas libres en un fin de semana largo.<\/p>\n\n\n\n<p><strong>El cronograma del fin de semana largo de seis d\u00edas es el siguiente:<\/strong><\/p>\n\n\n\n<p>Jueves 28 de marzo: Jueves Santo (declarado d\u00eda no laborable)<br>Viernes 29 de marzo: Viernes Santo (d\u00eda inamovible)<br>S\u00e1bado 30 y domingo 31 de marzo: contin\u00faa el descanso<br>Lunes 1\u00b0 de abril: feriado puente tur\u00edstico<br>Martes 2 de abril: D\u00eda del Veterano y de los Ca\u00eddos en la Guerra de Malvinas<br><br><strong>Calendario 2024 en Argentina: feriados inamovibles<br><\/strong>1\u00b0 de enero: A\u00f1o Nuevo<br>12 y 13 de febrero: Carnaval<br>24 de marzo: D\u00eda Nacional de la Memoria por la Verdad y la Justicia<br>28 de marzo Jueves Santo (d\u00eda no laborable)<br>29 de marzo: Viernes Santo<br>2 de abril: D\u00eda del Veterano y de los Ca\u00eddos en la Guerra de Malvinas<br>1 de mayo: D\u00eda del Trabajo<br>25 de mayo: D\u00eda de la Revoluci\u00f3n de Mayo<br>20 de junio: Paso a la Inmortalidad del General Don Manuel Belgrano<br>9 de julio: D\u00eda de la Independencia<br>8 de diciembre: D\u00eda de la Inmaculada Concepci\u00f3n de Mar\u00eda<br>25 de diciembre: Navidad<br><br><strong>Calendario 2024 en Argentina: feriados trasladables<br><\/strong>17 de junio: Paso a la Inmortalidad del General Don Mart\u00edn Miguel de G\u00fcemes<br>17 de agosto: Paso a la Inmortalidad del General Don Jos\u00e9 de San Mart\u00edn<br>12 de octubre: D\u00eda del Respeto a la Diversidad Cultural<br>20 de noviembre: D\u00eda de la Soberan\u00eda Nacional<br>Los fines de semana largos de 2024 en Argentina<\/p>\n\n\n\n<p>Desde el 30 de diciembre de 2023 al 1 de enero de 2024: fin de semana largo de 3 d\u00edas.<br>Desde el 10 de febrero al 13 de febrero: fin de semana largo de 4 d\u00edas.<br>Desde el 28 de marzo al 2 de abril: fin de semana largo de 6 d\u00edas.<br>Desde el 15 de junio al 17 de junio: fin de semana largo de 3 d\u00edas.<br>Desde el 16 de noviembre al 18 de noviembre: fin de semana largo de 3 d\u00edas.<\/p>\n","protected":false},"excerpt":{"rendered":"<p>Seg&uacute;n lo dispuesto por el Poder Ejecutivo Nacional en su calendario 2024, el pr&oacute;ximo feriado en nuestro pa&iacute;s es el 24 de marzo, D&iacute;a de la Memoria, Verdad y Justicia, aunque el mismo cae domingo y por lo tanto no se arma un fin de semana largo. Igualmente, en muy pocos d&iacute;as se genera un &hellip; <\/p>\n","protected":false},"author":5,"featured_media":7267,"comment_status":"closed","ping_status":"closed","sticky":false,"template":"","format":"standard","meta":{"om_disable_all_campaigns":false,"_joinchat":[]},"categories":[31,3],"tags":[46,43],"featured_image_urls":{"full":["https:\/\/infotep.com.ar\/wp-content\/uploads\/2023\/09\/feriados-calendario.png",700,366,false],"thumbnail":["https:\/\/infotep.com.ar\/wp-content\/uploads\/2023\/09\/feriados-calendario-150x150.png",150,150,true],"medium":["https:\/\/infotep.com.ar\/wp-content\/uploads\/2023\/09\/feriados-calendario-300x157.png",300,157,true],"medium_large":["https:\/\/infotep.com.ar\/wp-content\/uploads\/2023\/09\/feriados-calendario.png",700,366,false],"large":["https:\/\/infotep.com.ar\/wp-content\/uploads\/2023\/09\/feriados-calendario.png",700,366,false],"1536x1536":["https:\/\/infotep.com.ar\/wp-content\/uploads\/2023\/09\/feriados-calendario.png",700,366,false],"2048x2048":["https:\/\/infotep.com.ar\/wp-content\/uploads\/2023\/09\/feriados-calendario.png",700,366,false],"blossom-feminine-slider":["https:\/\/infotep.com.ar\/wp-content\/uploads\/2023\/09\/feriados-calendario.png",700,366,false],"blossom-feminine-featured":["https:\/\/infotep.com.ar\/wp-content\/uploads\/2023\/09\/feriados-calendario.png",700,366,false],"blossom-feminine-with-sidebar":["https:\/\/infotep.com.ar\/wp-content\/uploads\/2023\/09\/feriados-calendario.png",700,366,false],"blossom-feminine-blog":["https:\/\/infotep.com.ar\/wp-content\/uploads\/2023\/09\/feriados-calendario-435x366.png",435,366,true],"blossom-feminine-cat":["https:\/\/infotep.com.ar\/wp-content\/uploads\/2023\/09\/feriados-calendario-450x300.png",450,300,true],"blossom-feminine-related":["https:\/\/infotep.com.ar\/wp-content\/uploads\/2023\/09\/feriados-calendario-320x200.png",320,200,true],"blossom-feminine-schema":["https:\/\/infotep.com.ar\/wp-content\/uploads\/2023\/09\/feriados-calendario-115x60.png",115,60,true],"blossom-mommy-blog-slider-big":["https:\/\/infotep.com.ar\/wp-content\/uploads\/2023\/09\/feriados-calendario.png",700,366,false],"blossom-mommy-blog-slider":["https:\/\/infotep.com.ar\/wp-content\/uploads\/2023\/09\/feriados-calendario-460x310.png",460,310,true],"blossom-mommy-blog-two":["https:\/\/infotep.com.ar\/wp-content\/uploads\/2023\/09\/feriados-calendario.png",700,366,false]},"author_info":{"info":["Angela Tobar"]},"category_info":"<a href=\"https:\/\/infotep.com.ar\/index.php\/category\/destacadas\/\" rel=\"category tag\">Destacadas<\/a> <a href=\"https:\/\/infotep.com.ar\/index.php\/category\/nacionales\/\" rel=\"category tag\">Nacionales<\/a>","tag_info":"Nacionales","comment_count":"0","_links":{"self":[{"href":"https:\/\/infotep.com.ar\/index.php\/wp-json\/wp\/v2\/posts\/11655"}],"collection":[{"href":"https:\/\/infotep.com.ar\/index.php\/wp-json\/wp\/v2\/posts"}],"about":[{"href":"https:\/\/infotep.com.ar\/index.php\/wp-json\/wp\/v2\/types\/post"}],"author":[{"embeddable":true,"href":"https:\/\/infotep.com.ar\/index.php\/wp-json\/wp\/v2\/users\/5"}],"replies":[{"embeddable":true,"href":"https:\/\/infotep.com.ar\/index.php\/wp-json\/wp\/v2\/comments?post=11655"}],"version-history":[{"count":1,"href":"https:\/\/infotep.com.ar\/index.php\/wp-json\/wp\/v2\/posts\/11655\/revisions"}],"predecessor-version":[{"id":11656,"href":"https:\/\/infotep.com.ar\/index.php\/wp-json\/wp\/v2\/posts\/11655\/revisions\/11656"}],"wp:featuredmedia":[{"embeddable":true,"href":"https:\/\/infotep.com.ar\/index.php\/wp-json\/wp\/v2\/media\/7267"}],"wp:attachment":[{"href":"https:\/\/infotep.com.ar\/index.php\/wp-json\/wp\/v2\/media?parent=11655"}],"wp:term":[{"taxonomy":"category","embeddable":true,"href":"https:\/\/infotep.com.ar\/index.php\/wp-json\/wp\/v2\/categories?post=11655"},{"taxonomy":"post_tag","embeddable":true,"href":"https:\/\/infotep.com.ar\/index.php\/wp-json\/wp\/v2\/tags?post=11655"}],"curies":[{"name":"wp","href":"https:\/\/api.w.org\/{rel}","templated":true}]}}