{"id":11700,"date":"2024-03-07T14:51:19","date_gmt":"2024-03-07T17:51:19","guid":{"rendered":"https:\/\/infotep.com.ar\/?p=11700"},"modified":"2024-03-07T14:51:20","modified_gmt":"2024-03-07T17:51:20","slug":"avaza-la-construccion-de-116-viviendas-en-el-barrio-la-perla-de-moreno","status":"publish","type":"post","link":"https:\/\/infotep.com.ar\/index.php\/2024\/03\/07\/avaza-la-construccion-de-116-viviendas-en-el-barrio-la-perla-de-moreno\/","title":{"rendered":"Avaza la construcci\u00f3n de 116 viviendas en el barrio La Perla de Moreno"},"content":{"rendered":"\n<p>La intendenta de Moreno, Mariel Fern\u00e1ndez, y la ministra de H\u00e1bitat y Desarrollo Urbano, Silvina Batakis, recorrieron la obra de 116 viviendas en el barrio La Perla de la localidad de Moreno Norte. <strong>En esta etapa se lleva adelante el proceso de reparo de las viviendas y mejoramiento del predio, para completar el proyecto original de 1.194 viviendas que fue postergado durante a\u00f1os. La \u00faltima obra hab\u00eda sido paralizada en el 2018 y luego de retomar el proyecto, Mariel Fern\u00e1ndez y el gobernador Axel Kicillof, en el 2020 entregaron 364 casas pertenecientes a este complejo.<\/strong><\/p>\n\n\n\n<p>Al d\u00eda de hoy  se inform\u00f3 que el proceso de terminaci\u00f3n de las viviendas tiene un avance del 90%. Adem\u00e1s, a trav\u00e9s del trabajo en conjunto y financiamiento del Instituto de la Vivienda Provincial, por primera vez se ejecutan condiciones de adaptabilidad para personas con movilidad reducida en 5 viviendas.<\/p>\n\n\n\n<p>\u201cLas viviendas est\u00e1n pr\u00e1cticamente terminadas y con el gobierno de la provincia estamos ultimando cosas como la conexi\u00f3n de los servicios. Falta poco para la mejor parte de este proyecto que es entregar las viviendas a las familias, y con la alegr\u00eda de que cada una de las personas que trabaj\u00f3 en este lugar son de Moreno\u201d, se\u00f1al\u00f3 la intendenta y destac\u00f3: \u201cSiempre estamos pensando en el cuidado de la casa com\u00fan, en el cuidado de cada uno de los habitantes de Moreno, y ac\u00e1 principalmente en las familias que tienen que habitar estas casas que tanto las necesitan y que hace tiempo las esperan\u201d.<\/p>\n\n\n\n<p>Por su parte, la ministra Batakis resalt\u00f3 que &#8220;Estas obras tienen un gran avance gracias al trabajo y al empuje de una gesti\u00f3n provincial y municipal que articulan acciones para dar respuestas a las demandas de la gente. Hay un enorme compromiso de Axel Kicillof para poder continuar con obras que garanticen el acceso a m\u00e1s derechos\u201d.<\/p>\n\n\n\n<p><strong>Con una inversi\u00f3n de m\u00e1s de $444 millones, y gracias a la articulaci\u00f3n del trabajo entre el gobierno municipal y el gobierno provincial, familias morenenses acceder\u00e1n a su derecho a la vivienda.<\/strong><\/p>\n\n\n\n<p>De la recorrida tambi\u00e9n participaron el administrador del Instituto de la Vivienda de la Provincia de Buenos Aires, Diego Men\u00e9ndez, y el administrador del Instituto de Desarrollo Urbano, Ambiental y Regional (IDUAR), Leonardo Grosso.<\/p>\n","protected":false},"excerpt":{"rendered":"<p>La intendenta de Moreno, Mariel Fern&aacute;ndez, y la ministra de H&aacute;bitat y Desarrollo Urbano, Silvina Batakis, recorrieron la obra de 116 viviendas en el barrio La Perla de la localidad de Moreno Norte. En esta etapa se lleva adelante el proceso de reparo de las viviendas y mejoramiento del predio, para completar el proyecto original &hellip; <\/p>\n","protected":false},"author":5,"featured_media":11701,"comment_status":"closed","ping_status":"closed","sticky":false,"template":"","format":"standard","meta":{"om_disable_all_campaigns":false,"_joinchat":[]},"categories":[85],"tags":[46,107,43],"featured_image_urls":{"full":["https:\/\/infotep.com.ar\/wp-content\/uploads\/2024\/03\/RECORRIDA-OBRA-BARRIO-LA-PERLA-SILVINA-BATAKIS-019-scaled.jpg",2560,1707,false],"thumbnail":["https:\/\/infotep.com.ar\/wp-content\/uploads\/2024\/03\/RECORRIDA-OBRA-BARRIO-LA-PERLA-SILVINA-BATAKIS-019-150x150.jpg",150,150,true],"medium":["https:\/\/infotep.com.ar\/wp-content\/uploads\/2024\/03\/RECORRIDA-OBRA-BARRIO-LA-PERLA-SILVINA-BATAKIS-019-300x200.jpg",300,200,true],"medium_large":["https:\/\/infotep.com.ar\/wp-content\/uploads\/2024\/03\/RECORRIDA-OBRA-BARRIO-LA-PERLA-SILVINA-BATAKIS-019-768x512.jpg",768,512,true],"large":["https:\/\/infotep.com.ar\/wp-content\/uploads\/2024\/03\/RECORRIDA-OBRA-BARRIO-LA-PERLA-SILVINA-BATAKIS-019-1024x683.jpg",1020,680,true],"1536x1536":["https:\/\/infotep.com.ar\/wp-content\/uploads\/2024\/03\/RECORRIDA-OBRA-BARRIO-LA-PERLA-SILVINA-BATAKIS-019-1536x1024.jpg",1536,1024,true],"2048x2048":["https:\/\/infotep.com.ar\/wp-content\/uploads\/2024\/03\/RECORRIDA-OBRA-BARRIO-LA-PERLA-SILVINA-BATAKIS-019-2048x1366.jpg",2048,1366,true],"blossom-feminine-slider":["https:\/\/infotep.com.ar\/wp-content\/uploads\/2024\/03\/RECORRIDA-OBRA-BARRIO-LA-PERLA-SILVINA-BATAKIS-019-1920x649.jpg",1920,649,true],"blossom-feminine-featured":["https:\/\/infotep.com.ar\/wp-content\/uploads\/2024\/03\/RECORRIDA-OBRA-BARRIO-LA-PERLA-SILVINA-BATAKIS-019-1410x600.jpg",1410,600,true],"blossom-feminine-with-sidebar":["https:\/\/infotep.com.ar\/wp-content\/uploads\/2024\/03\/RECORRIDA-OBRA-BARRIO-LA-PERLA-SILVINA-BATAKIS-019-1020x600.jpg",1020,600,true],"blossom-feminine-blog":["https:\/\/infotep.com.ar\/wp-content\/uploads\/2024\/03\/RECORRIDA-OBRA-BARRIO-LA-PERLA-SILVINA-BATAKIS-019-435x435.jpg",435,435,true],"blossom-feminine-cat":["https:\/\/infotep.com.ar\/wp-content\/uploads\/2024\/03\/RECORRIDA-OBRA-BARRIO-LA-PERLA-SILVINA-BATAKIS-019-450x300.jpg",450,300,true],"blossom-feminine-related":["https:\/\/infotep.com.ar\/wp-content\/uploads\/2024\/03\/RECORRIDA-OBRA-BARRIO-LA-PERLA-SILVINA-BATAKIS-019-320x200.jpg",320,200,true],"blossom-feminine-schema":["https:\/\/infotep.com.ar\/wp-content\/uploads\/2024\/03\/RECORRIDA-OBRA-BARRIO-LA-PERLA-SILVINA-BATAKIS-019-90x60.jpg",90,60,true],"blossom-mommy-blog-slider-big":["https:\/\/infotep.com.ar\/wp-content\/uploads\/2024\/03\/RECORRIDA-OBRA-BARRIO-LA-PERLA-SILVINA-BATAKIS-019-920x650.jpg",920,650,true],"blossom-mommy-blog-slider":["https:\/\/infotep.com.ar\/wp-content\/uploads\/2024\/03\/RECORRIDA-OBRA-BARRIO-LA-PERLA-SILVINA-BATAKIS-019-460x310.jpg",460,310,true],"blossom-mommy-blog-two":["https:\/\/infotep.com.ar\/wp-content\/uploads\/2024\/03\/RECORRIDA-OBRA-BARRIO-LA-PERLA-SILVINA-BATAKIS-019-768x480.jpg",768,480,true]},"author_info":{"info":["Angela Tobar"]},"category_info":"<a href=\"https:\/\/infotep.com.ar\/index.php\/category\/municipales\/moreno\/\" rel=\"category tag\">Moreno<\/a>","tag_info":"Moreno","comment_count":"0","_links":{"self":[{"href":"https:\/\/infotep.com.ar\/index.php\/wp-json\/wp\/v2\/posts\/11700"}],"collection":[{"href":"https:\/\/infotep.com.ar\/index.php\/wp-json\/wp\/v2\/posts"}],"about":[{"href":"https:\/\/infotep.com.ar\/index.php\/wp-json\/wp\/v2\/types\/post"}],"author":[{"embeddable":true,"href":"https:\/\/infotep.com.ar\/index.php\/wp-json\/wp\/v2\/users\/5"}],"replies":[{"embeddable":true,"href":"https:\/\/infotep.com.ar\/index.php\/wp-json\/wp\/v2\/comments?post=11700"}],"version-history":[{"count":1,"href":"https:\/\/infotep.com.ar\/index.php\/wp-json\/wp\/v2\/posts\/11700\/revisions"}],"predecessor-version":[{"id":11702,"href":"https:\/\/infotep.com.ar\/index.php\/wp-json\/wp\/v2\/posts\/11700\/revisions\/11702"}],"wp:featuredmedia":[{"embeddable":true,"href":"https:\/\/infotep.com.ar\/index.php\/wp-json\/wp\/v2\/media\/11701"}],"wp:attachment":[{"href":"https:\/\/infotep.com.ar\/index.php\/wp-json\/wp\/v2\/media?parent=11700"}],"wp:term":[{"taxonomy":"category","embeddable":true,"href":"https:\/\/infotep.com.ar\/index.php\/wp-json\/wp\/v2\/categories?post=11700"},{"taxonomy":"post_tag","embeddable":true,"href":"https:\/\/infotep.com.ar\/index.php\/wp-json\/wp\/v2\/tags?post=11700"}],"curies":[{"name":"wp","href":"https:\/\/api.w.org\/{rel}","templated":true}]}}