{"id":11753,"date":"2024-03-08T11:29:43","date_gmt":"2024-03-08T14:29:43","guid":{"rendered":"https:\/\/infotep.com.ar\/?p=11753"},"modified":"2024-03-08T11:29:45","modified_gmt":"2024-03-08T14:29:45","slug":"la-cgt-cruzo-al-gobierno-por-ganancias-quieren-seguir-ajustando-a-los-trabajadores","status":"publish","type":"post","link":"https:\/\/infotep.com.ar\/index.php\/2024\/03\/08\/la-cgt-cruzo-al-gobierno-por-ganancias-quieren-seguir-ajustando-a-los-trabajadores\/","title":{"rendered":"La CGT cruz\u00f3 al Gobierno por Ganancias: \u201cQuieren seguir ajustando a los trabajadores\u201d"},"content":{"rendered":"\n<p><\/p>\n\n\n\n<p>El ministro del Interior de la Naci\u00f3n, Guillermo Francos, realiz\u00f3 declaraciones p\u00fablicas en las que dio a entender que si se cae la Ley \u00d3mnibus, <strong>el Gobierno pretender\u00eda cobrar el impuesto a las Ganancias pero con retroactividad, a lo que la conducci\u00f3n de la CGT calific\u00f3 de \u201cbrutal\u201d y repudi\u00f3 a trav\u00e9s de las redes sociales.<\/strong><\/p>\n\n\n\n<p>\u201cEl ministro Guillermo Francos pretende seguir ajustando a los trabajadores\u201d, comenz\u00f3 el breve texto emitido desde la cuenta oficial en la red social X de la Confederaci\u00f3n General del Trabajo (CGT). \u201cEse derecho logrado no lo entregaremos para su brutal ajuste fiscal\u201d, agregaron los dirigentes cegetistas.<\/p>\n\n\n\n<p>Seg\u00fan el testimonio de Francos en radio Rivadavia, \u201ctoda esa gente que qued\u00f3 en esa situaci\u00f3n, en realidad, si no se soluciona el tema con la ley \u00f3mnibus, va a quedar sujeta a pagar por ese trimestre, esos tres, cuatro meses del a\u00f1o 2023. Van a quedar sujetos al pago porque es el periodo fiscal 2023, y la ley lo plante\u00f3 a partir del periodo fiscal 2024. Es un tema que hay que solucionar\u201d.<\/p>\n\n\n\n<p>\u201cQuiz\u00e1s ser\u00eda bueno que comience a aportar parte del salario mensual de U$D 20.000 como funcionario del Banco Interamericano de Desarrollo durante el anterior gobierno\u201d, embisti\u00f3 la dirigencia de la central al funcionario del gobierno que preside Javier Milei.<\/p>\n\n\n\n<p>Cabe destacar que el ejecutivo nacional pretende que la ley \u00f3mnibus vuelva con m\u00e1s fuerza al Parlamento, con un cap\u00edtulo fiscal que restituir\u00eda a dicho impuesto, pero que de aprobarse, esta retenci\u00f3n perder\u00eda el car\u00e1cter de retroactiva.<\/p>\n","protected":false},"excerpt":{"rendered":"<p>El ministro del Interior de la Naci&oacute;n, Guillermo Francos, realiz&oacute; declaraciones p&uacute;blicas en las que dio a entender que si se cae la Ley &Oacute;mnibus, el Gobierno pretender&iacute;a cobrar el impuesto a las Ganancias pero con retroactividad, a lo que la conducci&oacute;n de la CGT calific&oacute; de &ldquo;brutal&rdquo; y repudi&oacute; a trav&eacute;s de las redes &hellip; <\/p>\n","protected":false},"author":5,"featured_media":11541,"comment_status":"closed","ping_status":"closed","sticky":false,"template":"","format":"standard","meta":{"om_disable_all_campaigns":false,"_joinchat":[]},"categories":[7],"tags":[46,43],"featured_image_urls":{"full":["https:\/\/infotep.com.ar\/wp-content\/uploads\/2024\/02\/paro-cgt.jpg",1200,675,false],"thumbnail":["https:\/\/infotep.com.ar\/wp-content\/uploads\/2024\/02\/paro-cgt-150x150.jpg",150,150,true],"medium":["https:\/\/infotep.com.ar\/wp-content\/uploads\/2024\/02\/paro-cgt-300x169.jpg",300,169,true],"medium_large":["https:\/\/infotep.com.ar\/wp-content\/uploads\/2024\/02\/paro-cgt-768x432.jpg",768,432,true],"large":["https:\/\/infotep.com.ar\/wp-content\/uploads\/2024\/02\/paro-cgt-1024x576.jpg",1020,574,true],"1536x1536":["https:\/\/infotep.com.ar\/wp-content\/uploads\/2024\/02\/paro-cgt.jpg",1200,675,false],"2048x2048":["https:\/\/infotep.com.ar\/wp-content\/uploads\/2024\/02\/paro-cgt.jpg",1200,675,false],"blossom-feminine-slider":["https:\/\/infotep.com.ar\/wp-content\/uploads\/2024\/02\/paro-cgt-1200x649.jpg",1200,649,true],"blossom-feminine-featured":["https:\/\/infotep.com.ar\/wp-content\/uploads\/2024\/02\/paro-cgt-1200x600.jpg",1200,600,true],"blossom-feminine-with-sidebar":["https:\/\/infotep.com.ar\/wp-content\/uploads\/2024\/02\/paro-cgt-1020x600.jpg",1020,600,true],"blossom-feminine-blog":["https:\/\/infotep.com.ar\/wp-content\/uploads\/2024\/02\/paro-cgt-435x435.jpg",435,435,true],"blossom-feminine-cat":["https:\/\/infotep.com.ar\/wp-content\/uploads\/2024\/02\/paro-cgt-450x300.jpg",450,300,true],"blossom-feminine-related":["https:\/\/infotep.com.ar\/wp-content\/uploads\/2024\/02\/paro-cgt-320x200.jpg",320,200,true],"blossom-feminine-schema":["https:\/\/infotep.com.ar\/wp-content\/uploads\/2024\/02\/paro-cgt-107x60.jpg",107,60,true],"blossom-mommy-blog-slider-big":["https:\/\/infotep.com.ar\/wp-content\/uploads\/2024\/02\/paro-cgt-920x650.jpg",920,650,true],"blossom-mommy-blog-slider":["https:\/\/infotep.com.ar\/wp-content\/uploads\/2024\/02\/paro-cgt-460x310.jpg",460,310,true],"blossom-mommy-blog-two":["https:\/\/infotep.com.ar\/wp-content\/uploads\/2024\/02\/paro-cgt-768x480.jpg",768,480,true]},"author_info":{"info":["Angela Tobar"]},"category_info":"<a href=\"https:\/\/infotep.com.ar\/index.php\/category\/gremios\/\" rel=\"category tag\">Gremios<\/a>","tag_info":"Gremios","comment_count":"0","_links":{"self":[{"href":"https:\/\/infotep.com.ar\/index.php\/wp-json\/wp\/v2\/posts\/11753"}],"collection":[{"href":"https:\/\/infotep.com.ar\/index.php\/wp-json\/wp\/v2\/posts"}],"about":[{"href":"https:\/\/infotep.com.ar\/index.php\/wp-json\/wp\/v2\/types\/post"}],"author":[{"embeddable":true,"href":"https:\/\/infotep.com.ar\/index.php\/wp-json\/wp\/v2\/users\/5"}],"replies":[{"embeddable":true,"href":"https:\/\/infotep.com.ar\/index.php\/wp-json\/wp\/v2\/comments?post=11753"}],"version-history":[{"count":1,"href":"https:\/\/infotep.com.ar\/index.php\/wp-json\/wp\/v2\/posts\/11753\/revisions"}],"predecessor-version":[{"id":11754,"href":"https:\/\/infotep.com.ar\/index.php\/wp-json\/wp\/v2\/posts\/11753\/revisions\/11754"}],"wp:featuredmedia":[{"embeddable":true,"href":"https:\/\/infotep.com.ar\/index.php\/wp-json\/wp\/v2\/media\/11541"}],"wp:attachment":[{"href":"https:\/\/infotep.com.ar\/index.php\/wp-json\/wp\/v2\/media?parent=11753"}],"wp:term":[{"taxonomy":"category","embeddable":true,"href":"https:\/\/infotep.com.ar\/index.php\/wp-json\/wp\/v2\/categories?post=11753"},{"taxonomy":"post_tag","embeddable":true,"href":"https:\/\/infotep.com.ar\/index.php\/wp-json\/wp\/v2\/tags?post=11753"}],"curies":[{"name":"wp","href":"https:\/\/api.w.org\/{rel}","templated":true}]}}