{"id":11783,"date":"2024-03-11T13:35:59","date_gmt":"2024-03-11T16:35:59","guid":{"rendered":"https:\/\/infotep.com.ar\/?p=11783"},"modified":"2024-03-11T13:36:00","modified_gmt":"2024-03-11T16:36:00","slug":"milei-echo-al-secretario-de-trabajo-omar-yasin-por-los-aumentos-de-sueldo-en-el-ejecutivo","status":"publish","type":"post","link":"https:\/\/infotep.com.ar\/index.php\/2024\/03\/11\/milei-echo-al-secretario-de-trabajo-omar-yasin-por-los-aumentos-de-sueldo-en-el-ejecutivo\/","title":{"rendered":"Milei ech\u00f3 al secretario de Trabajo, Omar Yas\u00edn, por los aumentos de sueldo en el Ejecutivo"},"content":{"rendered":"\n<p><br>El presidente Javier Milei anunci\u00f3 hoy que despidi\u00f3 al secretario de Trabajo, Omar Yas\u00edn, luego de que \u00e9ste instrumentara los aumentos de sueldo en los cargos del Poder Ejecutivo. \u201cLo he despedido por un error que no debi\u00f3 haber sucedido. Lo est\u00e1n notificando en este momento\u201d, se\u00f1al\u00f3 en declaraciones a La Naci\u00f3n +. a pesar que quien firm\u00f3 el decreto fue \u00e9l y esto evidenciaria que no ley\u00f3 lo que firm\u00f3.<\/p>\n\n\n\n<p>Tras el esc\u00e1ndalo generado a ra\u00edz del incremento del 48% contemplado en un decreto que llevaba la firma de Milei, el mandatario explic\u00f3: \u201cEn el mes de enero dimos la orden de que no se iban a aumentar los sueldos a lo que vendr\u00eda a ser el personal jer\u00e1rquico&#8221;.<\/p>\n\n\n\n<p>&#8220;A los cargos pol\u00edticos no se les dio el aumento, lo que sucede es que se llega a un acuerdo de paritarias, hay una nueva suba de salarios y se dispara un decreto que hab\u00eda enviado Cristina Kirchner que se\u00f1alaba que estos puestos jer\u00e1rquicos no pod\u00edan ganar menos que las personas que est\u00e1n por debajo en la estructura y ah\u00ed se dispar\u00f3 el aumento\u201d, complet\u00f3.<\/p>\n\n\n\n<p>Al respecto, enumer\u00f3 que tom\u00f3 dos medidas, la publicaci\u00f3n del Decreto 235\/2024, que retrotrae el aumento que ser\u00e1 descontado en el cobro del pr\u00f3ximo mes y el despido de Yas\u00edn al frente de la cartera de Trabajo, a pesar de que su firma no figura en el decreto.<\/p>\n\n\n\n<p>&#8220;Se ha depositado y lo que se hace el mes que viene es que se descuenta cuando se hace el pago. Seguimos con esta tesitura que ac\u00e1 el ajuste lo pagan todos en especial la pol\u00edtica&#8221;, defini\u00f3 el jefe de Estado en la entrevista.<\/p>\n\n\n\n<p>Asimismo, aprovech\u00f3 para desvincular al titular de la C\u00e1mara de Diputados, Mart\u00edn Menem, y a la vicepresidenta Victoria Villaruel, del incremento salarial a legisladores, que tambi\u00e9n fue retrotra\u00eddo.<\/p>\n\n\n\n<p>&#8220;Vos pod\u00e9s decir &#8216;no est\u00e1n tan entrenados como esta gente&#8217;. Es cierto, pero, cada vez que tocamos algo, sale pus de todos lados y, a veces, te salpica, esa es la realidad&#8221;, complet\u00f3.<\/p>\n\n\n\n<p>Por otra parte, hizo eco del intercambio que protagoniz\u00f3 con la ex vicepresidenta Cristina Kirchner v\u00eda redes: \u201cEs muy interesante, ella no se hace cargo de su decreto. Le dije que resigne su jubilaci\u00f3n de privilegio de m\u00e1s de 14 millones de pesos y que vaya por la m\u00ednima\u201d.<\/p>\n\n\n\n<p>\u201cLejos de darme una respuesta hizo psicolog\u00eda barata. Yo estoy tranquilo, la que tiene que estar nerviosa es ella que cobra dos jubilaciones de privilegio\u201d, concluy\u00f3.<\/p>\n","protected":false},"excerpt":{"rendered":"<p>El presidente Javier Milei anunci&oacute; hoy que despidi&oacute; al secretario de Trabajo, Omar Yas&iacute;n, luego de que &eacute;ste instrumentara los aumentos de sueldo en los cargos del Poder Ejecutivo. &ldquo;Lo he despedido por un error que no debi&oacute; haber sucedido. Lo est&aacute;n notificando en este momento&rdquo;, se&ntilde;al&oacute; en declaraciones a La Naci&oacute;n +. a pesar &hellip; <\/p>\n","protected":false},"author":5,"featured_media":11784,"comment_status":"closed","ping_status":"closed","sticky":false,"template":"","format":"standard","meta":{"om_disable_all_campaigns":false,"_joinchat":[]},"categories":[3],"tags":[46,43],"featured_image_urls":{"full":["https:\/\/infotep.com.ar\/wp-content\/uploads\/2024\/03\/720-2-1.webp",1193,720,false],"thumbnail":["https:\/\/infotep.com.ar\/wp-content\/uploads\/2024\/03\/720-2-1-150x150.webp",150,150,true],"medium":["https:\/\/infotep.com.ar\/wp-content\/uploads\/2024\/03\/720-2-1-300x181.webp",300,181,true],"medium_large":["https:\/\/infotep.com.ar\/wp-content\/uploads\/2024\/03\/720-2-1-768x464.webp",768,464,true],"large":["https:\/\/infotep.com.ar\/wp-content\/uploads\/2024\/03\/720-2-1-1024x618.webp",1020,616,true],"1536x1536":["https:\/\/infotep.com.ar\/wp-content\/uploads\/2024\/03\/720-2-1.webp",1193,720,false],"2048x2048":["https:\/\/infotep.com.ar\/wp-content\/uploads\/2024\/03\/720-2-1.webp",1193,720,false],"blossom-feminine-slider":["https:\/\/infotep.com.ar\/wp-content\/uploads\/2024\/03\/720-2-1-1193x649.webp",1193,649,true],"blossom-feminine-featured":["https:\/\/infotep.com.ar\/wp-content\/uploads\/2024\/03\/720-2-1-1193x600.webp",1193,600,true],"blossom-feminine-with-sidebar":["https:\/\/infotep.com.ar\/wp-content\/uploads\/2024\/03\/720-2-1-1020x600.webp",1020,600,true],"blossom-feminine-blog":["https:\/\/infotep.com.ar\/wp-content\/uploads\/2024\/03\/720-2-1-435x435.webp",435,435,true],"blossom-feminine-cat":["https:\/\/infotep.com.ar\/wp-content\/uploads\/2024\/03\/720-2-1-450x300.webp",450,300,true],"blossom-feminine-related":["https:\/\/infotep.com.ar\/wp-content\/uploads\/2024\/03\/720-2-1-320x200.webp",320,200,true],"blossom-feminine-schema":["https:\/\/infotep.com.ar\/wp-content\/uploads\/2024\/03\/720-2-1-99x60.webp",99,60,true],"blossom-mommy-blog-slider-big":["https:\/\/infotep.com.ar\/wp-content\/uploads\/2024\/03\/720-2-1-920x650.webp",920,650,true],"blossom-mommy-blog-slider":["https:\/\/infotep.com.ar\/wp-content\/uploads\/2024\/03\/720-2-1-460x310.webp",460,310,true],"blossom-mommy-blog-two":["https:\/\/infotep.com.ar\/wp-content\/uploads\/2024\/03\/720-2-1-768x480.webp",768,480,true]},"author_info":{"info":["Angela Tobar"]},"category_info":"<a href=\"https:\/\/infotep.com.ar\/index.php\/category\/nacionales\/\" rel=\"category tag\">Nacionales<\/a>","tag_info":"Nacionales","comment_count":"0","_links":{"self":[{"href":"https:\/\/infotep.com.ar\/index.php\/wp-json\/wp\/v2\/posts\/11783"}],"collection":[{"href":"https:\/\/infotep.com.ar\/index.php\/wp-json\/wp\/v2\/posts"}],"about":[{"href":"https:\/\/infotep.com.ar\/index.php\/wp-json\/wp\/v2\/types\/post"}],"author":[{"embeddable":true,"href":"https:\/\/infotep.com.ar\/index.php\/wp-json\/wp\/v2\/users\/5"}],"replies":[{"embeddable":true,"href":"https:\/\/infotep.com.ar\/index.php\/wp-json\/wp\/v2\/comments?post=11783"}],"version-history":[{"count":1,"href":"https:\/\/infotep.com.ar\/index.php\/wp-json\/wp\/v2\/posts\/11783\/revisions"}],"predecessor-version":[{"id":11785,"href":"https:\/\/infotep.com.ar\/index.php\/wp-json\/wp\/v2\/posts\/11783\/revisions\/11785"}],"wp:featuredmedia":[{"embeddable":true,"href":"https:\/\/infotep.com.ar\/index.php\/wp-json\/wp\/v2\/media\/11784"}],"wp:attachment":[{"href":"https:\/\/infotep.com.ar\/index.php\/wp-json\/wp\/v2\/media?parent=11783"}],"wp:term":[{"taxonomy":"category","embeddable":true,"href":"https:\/\/infotep.com.ar\/index.php\/wp-json\/wp\/v2\/categories?post=11783"},{"taxonomy":"post_tag","embeddable":true,"href":"https:\/\/infotep.com.ar\/index.php\/wp-json\/wp\/v2\/tags?post=11783"}],"curies":[{"name":"wp","href":"https:\/\/api.w.org\/{rel}","templated":true}]}}