{"id":11822,"date":"2024-03-12T01:24:00","date_gmt":"2024-03-12T04:24:00","guid":{"rendered":"https:\/\/infotep.com.ar\/?p=11822"},"modified":"2024-03-12T14:36:42","modified_gmt":"2024-03-12T17:36:42","slug":"la-facturacion-en-comercios-de-ituzaingo-bajo-el-30-por-ciento-en-los-dos-primeros-meses-del-ano","status":"publish","type":"post","link":"https:\/\/infotep.com.ar\/index.php\/2024\/03\/12\/la-facturacion-en-comercios-de-ituzaingo-bajo-el-30-por-ciento-en-los-dos-primeros-meses-del-ano\/","title":{"rendered":"\u201cLa facturaci\u00f3n en comercios de Ituzaing\u00f3 baj\u00f3 el 30 por ciento en los dos primeros meses del a\u00f1o\u201d"},"content":{"rendered":"\n<p class=\"has-white-background-color has-background\"><strong><em>La presidenta de CGERA filial Ituzaing\u00f3 y secretaria de Innovaci\u00f3n, Transparencia y Asuntos Estrat\u00e9gicos de Ituzaing\u00f3 Sandra Rey mostr\u00f3 la preocupaci\u00f3n por parte de los peque\u00f1os y medianos empresarios en cuanto a la delicada situaci\u00f3n que atraviesan por la falta de pol\u00edticas del gobierno nacional que fortalezcan la industria y la producci\u00f3n. En el plano local alert\u00f3 que \u201cla venta en comercios cay\u00f3 el 30 por ciento en los dos primeros meses del a\u00f1o\u201d y ya se registran \u201cpersianas bajas\u201d.<\/em><\/strong><br><br>Y record\u00f3 que hist\u00f3ricamente \u201cno es la primera vez que vivimos esta situaci\u00f3n, en el gobierno de Mauricio Macri fuimos testigo de c\u00f3mo cerraban los comercios, de c\u00f3mo se achicaban las empresas, generando una enorme p\u00e9rdida de puestos de trabajo\u201d.<br><br>\u201cPasamos de pol\u00edticas con una preocupaci\u00f3n por la producci\u00f3n y trabajo a un cambio liberal que deja todo librado al mercado. Tenemos que encontrar un equilibrio que genere trabajo en el que haya crecimiento y estabilidad en las familias\u201d, opin\u00f3.<br><\/p>\n\n\n\n<figure class=\"wp-block-image size-full\"><img decoding=\"async\" loading=\"lazy\" width=\"640\" height=\"427\" src=\"https:\/\/infotep.com.ar\/wp-content\/uploads\/2024\/03\/44442_9102015_Polo.jpg\" alt=\"\" class=\"wp-image-11825\" srcset=\"https:\/\/infotep.com.ar\/wp-content\/uploads\/2024\/03\/44442_9102015_Polo.jpg 640w, https:\/\/infotep.com.ar\/wp-content\/uploads\/2024\/03\/44442_9102015_Polo-300x200.jpg 300w, https:\/\/infotep.com.ar\/wp-content\/uploads\/2024\/03\/44442_9102015_Polo-450x300.jpg 450w, https:\/\/infotep.com.ar\/wp-content\/uploads\/2024\/03\/44442_9102015_Polo-90x60.jpg 90w\" sizes=\"(max-width: 640px) 100vw, 640px\" \/><\/figure>\n\n\n\n<p class=\"has-white-background-color has-background\"><br>\u201cPor eso somos grandes defensores del mercado interno y nos preocupa la intenci\u00f3n de abrir el mercado, queremos conocer la manera en qu\u00e9 se va a realizar y tener la seguridad que no va a perjudicar aquello que se fabrica en el pa\u00eds\u201d, alert\u00f3 Rey.<br><br>La titular de CGERA-Ituzaing\u00f3 agreg\u00f3: \u201cqueremos poder exportar, insertarnos en el mundo con nuestro producto\u201d.<\/p>\n\n\n\n<p class=\"has-light-green-cyan-background-color has-background\">Con respecto a las preocupaciones del sector, asegur\u00f3 que la m\u00e1s urgente tiene que ver con \u201cel aumento de tarifas anunciado para el mes de abril. Creo que en ese momento vamos a poder tener una dimensi\u00f3n de las dificultades que se enfrentar\u00e1 y c\u00f3mo afectar\u00e1 la producci\u00f3n y a los puestos de trabajo. Los pr\u00f3ximos meses van a ser dif\u00edcil\u201d.<\/p>\n\n\n\n<p class=\"has-white-background-color has-background\">\u201cLa preocupaci\u00f3n principal m\u00e1s all\u00e1 del ajuste es que el tema de la producci\u00f3n no est\u00e1 en la agenda de gobierno, nunca fue nombrada en la campa\u00f1a ni tampoco ahora. El gobierno achica el Estado y mata al sector privado con estas pol\u00edticas de gobierno. Estamos en un sistema maquiav\u00e9lico en el que salimos perjudicados la gran mayor\u00eda\u201d.<\/p>\n\n\n\n<figure class=\"wp-block-image size-full\"><img decoding=\"async\" loading=\"lazy\" width=\"730\" height=\"448\" src=\"https:\/\/infotep.com.ar\/wp-content\/uploads\/2024\/03\/WhatsApp-Image-2024-03-11-at-18.34.13-2.jpeg\" alt=\"\" class=\"wp-image-11823\" srcset=\"https:\/\/infotep.com.ar\/wp-content\/uploads\/2024\/03\/WhatsApp-Image-2024-03-11-at-18.34.13-2.jpeg 730w, https:\/\/infotep.com.ar\/wp-content\/uploads\/2024\/03\/WhatsApp-Image-2024-03-11-at-18.34.13-2-300x184.jpeg 300w, https:\/\/infotep.com.ar\/wp-content\/uploads\/2024\/03\/WhatsApp-Image-2024-03-11-at-18.34.13-2-98x60.jpeg 98w\" sizes=\"(max-width: 730px) 100vw, 730px\" \/><\/figure>\n\n\n\n<p class=\"has-white-background-color has-background\">Y lament\u00f3 que se entiende que \u201cesto reci\u00e9n comienza. Estamos sintiendo los primeros golpes y si no le da importancia al sector del trabajo ser\u00e1 terrible\u201d.<\/p>\n\n\n\n<p class=\"has-white-background-color has-background\"><strong>Luego se refiri\u00f3 espec\u00edficamente a lo que ocurre en el plano local: \u201cEn Ituzaing\u00f3 nos sentamos todos los sectores a dialogar y siempre impulsamos campa\u00f1as para fomentar y reforzar el comercio y empresas de Ituzaing\u00f3, pero si las familias no tienen dinero es dif\u00edcil ver resultados positivos\u201d.<\/strong><\/p>\n\n\n\n<p class=\"has-light-green-cyan-background-color has-background\">\u201cLa facturaci\u00f3n en comercios de Ituzaing\u00f3 baj\u00f3 el 30 por ciento en los dos primeros meses del a\u00f1o. Vemos cortinas bajas en Ituzaing\u00f3 por esta situaci\u00f3n de ajuste y por los altos alquileres que se suman a la carga impositiva y a esto se va a sumar el aumento de tarifas que se ver\u00e1n reflejadas en abril\/mayo\u201d, cerr\u00f3.<\/p>\n","protected":false},"excerpt":{"rendered":"<p>La presidenta de CGERA filial Ituzaing&oacute; y secretaria de Innovaci&oacute;n, Transparencia y Asuntos Estrat&eacute;gicos de Ituzaing&oacute; Sandra Rey mostr&oacute; la preocupaci&oacute;n por parte de los peque&ntilde;os y medianos empresarios en cuanto a la delicada situaci&oacute;n que atraviesan por la falta de pol&iacute;ticas del gobierno nacional que fortalezcan la industria y la producci&oacute;n. En el plano &hellip; <\/p>\n","protected":false},"author":5,"featured_media":11824,"comment_status":"closed","ping_status":"closed","sticky":false,"template":"","format":"standard","meta":{"om_disable_all_campaigns":false,"_joinchat":[]},"categories":[8],"tags":[46,51,43],"featured_image_urls":{"full":["https:\/\/infotep.com.ar\/wp-content\/uploads\/2024\/03\/WhatsApp-Image-2024-03-11-at-18.34.13-1.jpeg",1600,1066,false],"thumbnail":["https:\/\/infotep.com.ar\/wp-content\/uploads\/2024\/03\/WhatsApp-Image-2024-03-11-at-18.34.13-1-150x150.jpeg",150,150,true],"medium":["https:\/\/infotep.com.ar\/wp-content\/uploads\/2024\/03\/WhatsApp-Image-2024-03-11-at-18.34.13-1-300x200.jpeg",300,200,true],"medium_large":["https:\/\/infotep.com.ar\/wp-content\/uploads\/2024\/03\/WhatsApp-Image-2024-03-11-at-18.34.13-1-768x512.jpeg",768,512,true],"large":["https:\/\/infotep.com.ar\/wp-content\/uploads\/2024\/03\/WhatsApp-Image-2024-03-11-at-18.34.13-1-1024x682.jpeg",1020,679,true],"1536x1536":["https:\/\/infotep.com.ar\/wp-content\/uploads\/2024\/03\/WhatsApp-Image-2024-03-11-at-18.34.13-1-1536x1023.jpeg",1536,1023,true],"2048x2048":["https:\/\/infotep.com.ar\/wp-content\/uploads\/2024\/03\/WhatsApp-Image-2024-03-11-at-18.34.13-1.jpeg",1600,1066,false],"blossom-feminine-slider":["https:\/\/infotep.com.ar\/wp-content\/uploads\/2024\/03\/WhatsApp-Image-2024-03-11-at-18.34.13-1-1600x649.jpeg",1600,649,true],"blossom-feminine-featured":["https:\/\/infotep.com.ar\/wp-content\/uploads\/2024\/03\/WhatsApp-Image-2024-03-11-at-18.34.13-1-1410x600.jpeg",1410,600,true],"blossom-feminine-with-sidebar":["https:\/\/infotep.com.ar\/wp-content\/uploads\/2024\/03\/WhatsApp-Image-2024-03-11-at-18.34.13-1-1020x600.jpeg",1020,600,true],"blossom-feminine-blog":["https:\/\/infotep.com.ar\/wp-content\/uploads\/2024\/03\/WhatsApp-Image-2024-03-11-at-18.34.13-1-435x435.jpeg",435,435,true],"blossom-feminine-cat":["https:\/\/infotep.com.ar\/wp-content\/uploads\/2024\/03\/WhatsApp-Image-2024-03-11-at-18.34.13-1-450x300.jpeg",450,300,true],"blossom-feminine-related":["https:\/\/infotep.com.ar\/wp-content\/uploads\/2024\/03\/WhatsApp-Image-2024-03-11-at-18.34.13-1-320x200.jpeg",320,200,true],"blossom-feminine-schema":["https:\/\/infotep.com.ar\/wp-content\/uploads\/2024\/03\/WhatsApp-Image-2024-03-11-at-18.34.13-1-90x60.jpeg",90,60,true],"blossom-mommy-blog-slider-big":["https:\/\/infotep.com.ar\/wp-content\/uploads\/2024\/03\/WhatsApp-Image-2024-03-11-at-18.34.13-1-920x650.jpeg",920,650,true],"blossom-mommy-blog-slider":["https:\/\/infotep.com.ar\/wp-content\/uploads\/2024\/03\/WhatsApp-Image-2024-03-11-at-18.34.13-1-460x310.jpeg",460,310,true],"blossom-mommy-blog-two":["https:\/\/infotep.com.ar\/wp-content\/uploads\/2024\/03\/WhatsApp-Image-2024-03-11-at-18.34.13-1-768x480.jpeg",768,480,true]},"author_info":{"info":["Angela Tobar"]},"category_info":"<a href=\"https:\/\/infotep.com.ar\/index.php\/category\/municipales\/ituzaingo\/\" rel=\"category tag\">Ituzaing\u00f3<\/a>","tag_info":"Ituzaing\u00f3","comment_count":"0","_links":{"self":[{"href":"https:\/\/infotep.com.ar\/index.php\/wp-json\/wp\/v2\/posts\/11822"}],"collection":[{"href":"https:\/\/infotep.com.ar\/index.php\/wp-json\/wp\/v2\/posts"}],"about":[{"href":"https:\/\/infotep.com.ar\/index.php\/wp-json\/wp\/v2\/types\/post"}],"author":[{"embeddable":true,"href":"https:\/\/infotep.com.ar\/index.php\/wp-json\/wp\/v2\/users\/5"}],"replies":[{"embeddable":true,"href":"https:\/\/infotep.com.ar\/index.php\/wp-json\/wp\/v2\/comments?post=11822"}],"version-history":[{"count":1,"href":"https:\/\/infotep.com.ar\/index.php\/wp-json\/wp\/v2\/posts\/11822\/revisions"}],"predecessor-version":[{"id":11826,"href":"https:\/\/infotep.com.ar\/index.php\/wp-json\/wp\/v2\/posts\/11822\/revisions\/11826"}],"wp:featuredmedia":[{"embeddable":true,"href":"https:\/\/infotep.com.ar\/index.php\/wp-json\/wp\/v2\/media\/11824"}],"wp:attachment":[{"href":"https:\/\/infotep.com.ar\/index.php\/wp-json\/wp\/v2\/media?parent=11822"}],"wp:term":[{"taxonomy":"category","embeddable":true,"href":"https:\/\/infotep.com.ar\/index.php\/wp-json\/wp\/v2\/categories?post=11822"},{"taxonomy":"post_tag","embeddable":true,"href":"https:\/\/infotep.com.ar\/index.php\/wp-json\/wp\/v2\/tags?post=11822"}],"curies":[{"name":"wp","href":"https:\/\/api.w.org\/{rel}","templated":true}]}}