{"id":12117,"date":"2024-03-21T20:14:37","date_gmt":"2024-03-21T23:14:37","guid":{"rendered":"https:\/\/infotep.com.ar\/?p=12117"},"modified":"2024-03-22T19:49:04","modified_gmt":"2024-03-22T22:49:04","slug":"la-matanza-conmemora-el-dia-nacional-de-la-memoria-por-la-verdad-y-la-justicia","status":"publish","type":"post","link":"https:\/\/infotep.com.ar\/index.php\/2024\/03\/21\/la-matanza-conmemora-el-dia-nacional-de-la-memoria-por-la-verdad-y-la-justicia\/","title":{"rendered":"La Matanza conmemora el D\u00eda Nacional de la Memoria por la Verdad y la Justicia"},"content":{"rendered":"\n<p>Con motivo de cumplirse 48 a\u00f1os del golpe c\u00edvico-militar ocurrido el 24 de marzo de 1976, el Municipio de la Matanza, a trav\u00e9s de la Subsecretar\u00eda de Derechos Humanos, realizar\u00e1 una nueva vigilia por la memoria, la verdad y la justicia.<\/p>\n\n\n\n<p>La convocatoria es para el d\u00eda s\u00e1bado 23 de marzo a partir de las 16 h, en la intersecci\u00f3n de las calles Arieta y Paraguay, San Justo; para luego marchar en caravana por Almafuerte. Al pasar por el Sindicato de Trabajadores Municipales de La Matanza se brindar\u00e1 un aplauso en memoria de Jorge Luis Congett, trabajador municipal desaparecido; y luego se continuar\u00e1 hasta llegar a Salta y Almafuerte, lugar donde funcion\u00f3 el Centro Clandestino de Detenci\u00f3n (CCD) \u201cLa brigada de investigaciones de San Justo\u201d, durante la \u00faltima dictadura c\u00edvico-militar, se\u00f1alizado como Sitio de la Memoria desde el a\u00f1o 2013. All\u00ed, se har\u00e1 lectura del listado de detenidos\/as y desaparecidos\/as que permanecieron en el CCD.<\/p>\n\n\n\n<p><strong>Luego, la caravana se dirigir\u00e1 hasta la Plaza General San Mart\u00edn de San Justo, donde se leer\u00e1 el documento oficial confeccionado en unidad por las agrupaciones de derechos humanos. El cierre del acto conmemorativo, estar\u00e1 a cargo del cantor Daniel Arga\u00f1ar\u00e1z.<\/strong><\/p>\n\n\n\n<p>Participar\u00e1n de la 9na. Vigila por la Memoria, la Verdad y la Justicia, la Mesa de la Memoria, integrada por organismos de DDHH y agrupaciones sociales, sindicales y pol\u00edticas, entre otras organizaciones locales.<\/p>\n","protected":false},"excerpt":{"rendered":"<p>Con motivo de cumplirse 48 a&ntilde;os del golpe c&iacute;vico-militar ocurrido el 24 de marzo de 1976, el Municipio de la Matanza, a trav&eacute;s de la Subsecretar&iacute;a de Derechos Humanos, realizar&aacute; una nueva vigilia por la memoria, la verdad y la justicia. La convocatoria es para el d&iacute;a s&aacute;bado 23 de marzo a partir de las &hellip; <\/p>\n","protected":false},"author":5,"featured_media":12118,"comment_status":"closed","ping_status":"closed","sticky":false,"template":"","format":"standard","meta":{"om_disable_all_campaigns":false,"_joinchat":[]},"categories":[31,26],"tags":[46,59,43],"featured_image_urls":{"full":["https:\/\/infotep.com.ar\/wp-content\/uploads\/2024\/03\/memoria_2020.jpg",400,285,false],"thumbnail":["https:\/\/infotep.com.ar\/wp-content\/uploads\/2024\/03\/memoria_2020-150x150.jpg",150,150,true],"medium":["https:\/\/infotep.com.ar\/wp-content\/uploads\/2024\/03\/memoria_2020-300x214.jpg",300,214,true],"medium_large":["https:\/\/infotep.com.ar\/wp-content\/uploads\/2024\/03\/memoria_2020.jpg",400,285,false],"large":["https:\/\/infotep.com.ar\/wp-content\/uploads\/2024\/03\/memoria_2020.jpg",400,285,false],"1536x1536":["https:\/\/infotep.com.ar\/wp-content\/uploads\/2024\/03\/memoria_2020.jpg",400,285,false],"2048x2048":["https:\/\/infotep.com.ar\/wp-content\/uploads\/2024\/03\/memoria_2020.jpg",400,285,false],"blossom-feminine-slider":["https:\/\/infotep.com.ar\/wp-content\/uploads\/2024\/03\/memoria_2020.jpg",400,285,false],"blossom-feminine-featured":["https:\/\/infotep.com.ar\/wp-content\/uploads\/2024\/03\/memoria_2020.jpg",400,285,false],"blossom-feminine-with-sidebar":["https:\/\/infotep.com.ar\/wp-content\/uploads\/2024\/03\/memoria_2020.jpg",400,285,false],"blossom-feminine-blog":["https:\/\/infotep.com.ar\/wp-content\/uploads\/2024\/03\/memoria_2020.jpg",400,285,false],"blossom-feminine-cat":["https:\/\/infotep.com.ar\/wp-content\/uploads\/2024\/03\/memoria_2020.jpg",400,285,false],"blossom-feminine-related":["https:\/\/infotep.com.ar\/wp-content\/uploads\/2024\/03\/memoria_2020-320x200.jpg",320,200,true],"blossom-feminine-schema":["https:\/\/infotep.com.ar\/wp-content\/uploads\/2024\/03\/memoria_2020-84x60.jpg",84,60,true],"blossom-mommy-blog-slider-big":["https:\/\/infotep.com.ar\/wp-content\/uploads\/2024\/03\/memoria_2020.jpg",400,285,false],"blossom-mommy-blog-slider":["https:\/\/infotep.com.ar\/wp-content\/uploads\/2024\/03\/memoria_2020.jpg",400,285,false],"blossom-mommy-blog-two":["https:\/\/infotep.com.ar\/wp-content\/uploads\/2024\/03\/memoria_2020.jpg",400,285,false]},"author_info":{"info":["Angela Tobar"]},"category_info":"<a href=\"https:\/\/infotep.com.ar\/index.php\/category\/destacadas\/\" rel=\"category tag\">Destacadas<\/a> <a href=\"https:\/\/infotep.com.ar\/index.php\/category\/municipales\/la-matanza\/\" rel=\"category tag\">La Matanza<\/a>","tag_info":"La Matanza","comment_count":"0","_links":{"self":[{"href":"https:\/\/infotep.com.ar\/index.php\/wp-json\/wp\/v2\/posts\/12117"}],"collection":[{"href":"https:\/\/infotep.com.ar\/index.php\/wp-json\/wp\/v2\/posts"}],"about":[{"href":"https:\/\/infotep.com.ar\/index.php\/wp-json\/wp\/v2\/types\/post"}],"author":[{"embeddable":true,"href":"https:\/\/infotep.com.ar\/index.php\/wp-json\/wp\/v2\/users\/5"}],"replies":[{"embeddable":true,"href":"https:\/\/infotep.com.ar\/index.php\/wp-json\/wp\/v2\/comments?post=12117"}],"version-history":[{"count":1,"href":"https:\/\/infotep.com.ar\/index.php\/wp-json\/wp\/v2\/posts\/12117\/revisions"}],"predecessor-version":[{"id":12119,"href":"https:\/\/infotep.com.ar\/index.php\/wp-json\/wp\/v2\/posts\/12117\/revisions\/12119"}],"wp:featuredmedia":[{"embeddable":true,"href":"https:\/\/infotep.com.ar\/index.php\/wp-json\/wp\/v2\/media\/12118"}],"wp:attachment":[{"href":"https:\/\/infotep.com.ar\/index.php\/wp-json\/wp\/v2\/media?parent=12117"}],"wp:term":[{"taxonomy":"category","embeddable":true,"href":"https:\/\/infotep.com.ar\/index.php\/wp-json\/wp\/v2\/categories?post=12117"},{"taxonomy":"post_tag","embeddable":true,"href":"https:\/\/infotep.com.ar\/index.php\/wp-json\/wp\/v2\/tags?post=12117"}],"curies":[{"name":"wp","href":"https:\/\/api.w.org\/{rel}","templated":true}]}}