{"id":1224,"date":"2022-09-18T14:54:52","date_gmt":"2022-09-18T17:54:52","guid":{"rendered":"https:\/\/infotep.com.ar\/?p=1224"},"modified":"2022-09-18T18:00:12","modified_gmt":"2022-09-18T21:00:12","slug":"espinoza-inauguro-la-feria-del-libro-de-la-matanza","status":"publish","type":"post","link":"https:\/\/infotep.com.ar\/index.php\/2022\/09\/18\/espinoza-inauguro-la-feria-del-libro-de-la-matanza\/","title":{"rendered":"Espinoza inaugur\u00f3 la Feria del Libro de La Matanza"},"content":{"rendered":"\n<p>Organizada por el Municipio de La Matanza a trav\u00e9s de la Secretar\u00eda de Cultura y Educaci\u00f3n, la XV edici\u00f3n ser\u00e1 una celebraci\u00f3n que une a las vecinas y los vecinos de La Matanza con diferentes actores culturales entre editoriales, artistas locales y nacionales, entidades, diferentes \u00e1reas de la gesti\u00f3n local y el p\u00fablico en general.<\/p>\n\n\n\n<p>El intendente de La Matanza, Fernando Espinoza, junto al ministro de Cultura de la Naci\u00f3n, Trist\u00e1n Bauer; a la vicegobernadora, Ver\u00f3nica Magario, y a la secretaria de Cultura del distrito, Silvia Francese, inauguraron la XV edici\u00f3n de la Feria Municipal del libro \u201cPrimavera de Libros\u201d, que se extender\u00e1 hasta el 25 de septiembre, con entrada gratuita en la plaza San Mart\u00edn de San Justo.<\/p>\n\n\n\n<p>La agenda incluye actividades para todo p\u00fablico. Habr\u00e1 conciertos, folklore, recitales de poes\u00eda, conferencias, comedia musical, presentaciones de libros, espect\u00e1culos para las infancias y stand exclusivos de las dos Casas de Altos Estudios del distrito: la Universidad Nacional de La Matanza (UNLAM) y el Centro Universitario de la Innovaci\u00f3n (CUDI) con charlas informativas de orientaci\u00f3n vocacional, y sobre la oferta acad\u00e9mica de ambas universidades. Adem\u00e1s, contar\u00e1 con la presencia de personalidades de la cultura como Peteco Carabajal, Florencia Otero, Germ\u00e1n Tripa, Ignacio Copani, Pedro Saborido, Miguel Rep, Dolores Reyes, L\u00eda Chara, Mari\u00e1n Far\u00edas G\u00f3mez, Gustavo Sylvestre, V\u00edctor Hugo Morales y Gustavo Campana, entre otros.<\/p>\n\n\n\n<p>Luego de inaugurar la Feria del Libro, el intendente Fernando Espinoza declar\u00f3: &#8220;Esta es la conclusi\u00f3n de todo un a\u00f1o de trabajo y es la Argentina que queremos, donde las vecinas y los vecinos, no solo de La Matanza sino tambi\u00e9n de las ciudades aleda\u00f1as y de CABA, puedan disfrutar de diversas actividades culturales\u201d, y agreg\u00f3: \u201cLa Matanza genera oportunidades, por eso tomamos la decisi\u00f3n pol\u00edtica de invertir en cultura, para brindarle oportunidades a nuestros pintores, a nuestros escultores, a nuestros j\u00f3venes, a nuestros artistas en general, que a trav\u00e9s de la m\u00fasica y el arte van a poder estar presentes en nuestros escenarios\u201d.<\/p>\n","protected":false},"excerpt":{"rendered":"<p>Organizada por el Municipio de La Matanza a trav&eacute;s de la Secretar&iacute;a de Cultura y Educaci&oacute;n, la XV edici&oacute;n ser&aacute; una celebraci&oacute;n que une a las vecinas y los vecinos de La Matanza con diferentes actores culturales entre editoriales, artistas locales y nacionales, entidades, diferentes &aacute;reas de la gesti&oacute;n local y el p&uacute;blico en general. &hellip; <\/p>\n","protected":false},"author":5,"featured_media":1225,"comment_status":"closed","ping_status":"closed","sticky":false,"template":"","format":"standard","meta":{"om_disable_all_campaigns":false,"_joinchat":[]},"categories":[1],"tags":[90,60,46,59,43,91],"featured_image_urls":{"full":["https:\/\/infotep.com.ar\/wp-content\/uploads\/2022\/09\/209-Inauguracion-Feria-del-Libro-1.jpeg",1560,1040,false],"thumbnail":["https:\/\/infotep.com.ar\/wp-content\/uploads\/2022\/09\/209-Inauguracion-Feria-del-Libro-1-150x150.jpeg",150,150,true],"medium":["https:\/\/infotep.com.ar\/wp-content\/uploads\/2022\/09\/209-Inauguracion-Feria-del-Libro-1-300x200.jpeg",300,200,true],"medium_large":["https:\/\/infotep.com.ar\/wp-content\/uploads\/2022\/09\/209-Inauguracion-Feria-del-Libro-1-768x512.jpeg",768,512,true],"large":["https:\/\/infotep.com.ar\/wp-content\/uploads\/2022\/09\/209-Inauguracion-Feria-del-Libro-1-1024x683.jpeg",1020,680,true],"1536x1536":["https:\/\/infotep.com.ar\/wp-content\/uploads\/2022\/09\/209-Inauguracion-Feria-del-Libro-1-1536x1024.jpeg",1536,1024,true],"2048x2048":["https:\/\/infotep.com.ar\/wp-content\/uploads\/2022\/09\/209-Inauguracion-Feria-del-Libro-1.jpeg",1560,1040,false],"blossom-feminine-slider":["https:\/\/infotep.com.ar\/wp-content\/uploads\/2022\/09\/209-Inauguracion-Feria-del-Libro-1-1560x649.jpeg",1560,649,true],"blossom-feminine-featured":["https:\/\/infotep.com.ar\/wp-content\/uploads\/2022\/09\/209-Inauguracion-Feria-del-Libro-1-1410x600.jpeg",1410,600,true],"blossom-feminine-with-sidebar":["https:\/\/infotep.com.ar\/wp-content\/uploads\/2022\/09\/209-Inauguracion-Feria-del-Libro-1-1020x600.jpeg",1020,600,true],"blossom-feminine-blog":["https:\/\/infotep.com.ar\/wp-content\/uploads\/2022\/09\/209-Inauguracion-Feria-del-Libro-1-435x435.jpeg",435,435,true],"blossom-feminine-cat":["https:\/\/infotep.com.ar\/wp-content\/uploads\/2022\/09\/209-Inauguracion-Feria-del-Libro-1-450x300.jpeg",450,300,true],"blossom-feminine-related":["https:\/\/infotep.com.ar\/wp-content\/uploads\/2022\/09\/209-Inauguracion-Feria-del-Libro-1-320x200.jpeg",320,200,true],"blossom-feminine-schema":["https:\/\/infotep.com.ar\/wp-content\/uploads\/2022\/09\/209-Inauguracion-Feria-del-Libro-1-90x60.jpeg",90,60,true],"blossom-mommy-blog-slider-big":["https:\/\/infotep.com.ar\/wp-content\/uploads\/2022\/09\/209-Inauguracion-Feria-del-Libro-1-920x650.jpeg",920,650,true],"blossom-mommy-blog-slider":["https:\/\/infotep.com.ar\/wp-content\/uploads\/2022\/09\/209-Inauguracion-Feria-del-Libro-1-460x310.jpeg",460,310,true],"blossom-mommy-blog-two":["https:\/\/infotep.com.ar\/wp-content\/uploads\/2022\/09\/209-Inauguracion-Feria-del-Libro-1-768x480.jpeg",768,480,true]},"author_info":{"info":["Angela Tobar"]},"category_info":"<a href=\"https:\/\/infotep.com.ar\/index.php\/category\/municipales\/hurlingham\/\" rel=\"category tag\">Hurlingham<\/a>","tag_info":"Hurlingham","comment_count":"0","_links":{"self":[{"href":"https:\/\/infotep.com.ar\/index.php\/wp-json\/wp\/v2\/posts\/1224"}],"collection":[{"href":"https:\/\/infotep.com.ar\/index.php\/wp-json\/wp\/v2\/posts"}],"about":[{"href":"https:\/\/infotep.com.ar\/index.php\/wp-json\/wp\/v2\/types\/post"}],"author":[{"embeddable":true,"href":"https:\/\/infotep.com.ar\/index.php\/wp-json\/wp\/v2\/users\/5"}],"replies":[{"embeddable":true,"href":"https:\/\/infotep.com.ar\/index.php\/wp-json\/wp\/v2\/comments?post=1224"}],"version-history":[{"count":2,"href":"https:\/\/infotep.com.ar\/index.php\/wp-json\/wp\/v2\/posts\/1224\/revisions"}],"predecessor-version":[{"id":1227,"href":"https:\/\/infotep.com.ar\/index.php\/wp-json\/wp\/v2\/posts\/1224\/revisions\/1227"}],"wp:featuredmedia":[{"embeddable":true,"href":"https:\/\/infotep.com.ar\/index.php\/wp-json\/wp\/v2\/media\/1225"}],"wp:attachment":[{"href":"https:\/\/infotep.com.ar\/index.php\/wp-json\/wp\/v2\/media?parent=1224"}],"wp:term":[{"taxonomy":"category","embeddable":true,"href":"https:\/\/infotep.com.ar\/index.php\/wp-json\/wp\/v2\/categories?post=1224"},{"taxonomy":"post_tag","embeddable":true,"href":"https:\/\/infotep.com.ar\/index.php\/wp-json\/wp\/v2\/tags?post=1224"}],"curies":[{"name":"wp","href":"https:\/\/api.w.org\/{rel}","templated":true}]}}