{"id":1235,"date":"2022-09-18T06:05:00","date_gmt":"2022-09-18T09:05:00","guid":{"rendered":"https:\/\/infotep.com.ar\/?p=1235"},"modified":"2022-09-18T18:07:43","modified_gmt":"2022-09-18T21:07:43","slug":"moron-comienzan-las-obras-de-repavimentacion-y-mejoramiento-de-la-calle-arenales","status":"publish","type":"post","link":"https:\/\/infotep.com.ar\/index.php\/2022\/09\/18\/moron-comienzan-las-obras-de-repavimentacion-y-mejoramiento-de-la-calle-arenales\/","title":{"rendered":"Mor\u00f3n: Comienzan las obras de repavimentaci\u00f3n y mejoramiento de la calle Arenales"},"content":{"rendered":"\n<p id=\"7d86\"><em>Se realizar\u00e1n intervenciones para renovar integralmente esta v\u00eda, desde la Av. Pueyrred\u00f3n hasta la Av Hip\u00f3lito Yrigoyen en Mor\u00f3n. Dar\u00e1n mayor seguridad para los peatones y m\u00e1s fluidez al tr\u00e1nsito vehicular.<\/em><\/p>\n\n\n\n<p id=\"d523\">El pr\u00f3ximo lunes 19, el Municipio de Mor\u00f3n comenzar\u00e1 las tareas de mejoramiento integral en la calle General Arenales entre Pueyrred\u00f3n e Yrigoyen. La obra incluye repavimentaci\u00f3n, reconstrucci\u00f3n de veredas, construcci\u00f3n de nuevas losas y reparaci\u00f3n de sumideros, entre otras. En una primera etapa, la intervenci\u00f3n se desarrollar\u00e1 en un solo sentido de la arteria, para no afectar el tr\u00e1nsito en su totalidad. Posteriormente, se iniciar\u00e1n las tareas en el otro sentido.<\/p>\n\n\n\n<p id=\"6703\">La obra tiene un plazo estimado de cuatro meses y contempla tambi\u00e9n la instalaci\u00f3n de nueva se\u00f1alizaci\u00f3n para cruces peatonales e indicaciones de giro, se\u00f1alizaci\u00f3n vertical, nuevos refugios para el uso del transporte p\u00fablico, renovaci\u00f3n del sistema de lum\u00ednico y semaf\u00f3rico y la creaci\u00f3n de rampas para los peatones con movilidades reducidas.<\/p>\n\n\n\n<p id=\"fac9\">La intervenci\u00f3n en Arenales forma parte del Plan Integral de Mejoramiento Vial que contin\u00faa desarrollando el Municipio en todo el distrito. Al finalizar esta obra, se iniciar\u00e1 una intervenci\u00f3n similar en la calle Ag\u00fcero entre Don Bosco e Yrigoyen.<\/p>\n","protected":false},"excerpt":{"rendered":"<p>Se realizar&aacute;n intervenciones para renovar integralmente esta v&iacute;a, desde la Av. Pueyrred&oacute;n hasta la Av Hip&oacute;lito Yrigoyen en Mor&oacute;n. Dar&aacute;n mayor seguridad para los peatones y m&aacute;s fluidez al tr&aacute;nsito vehicular. El pr&oacute;ximo lunes 19, el Municipio de Mor&oacute;n comenzar&aacute; las tareas de mejoramiento integral en la calle General Arenales entre Pueyrred&oacute;n e Yrigoyen. La &hellip; <\/p>\n","protected":false},"author":5,"featured_media":1236,"comment_status":"closed","ping_status":"closed","sticky":false,"template":"","format":"standard","meta":{"om_disable_all_campaigns":false,"_joinchat":[]},"categories":[31,9],"tags":[46,53,43],"featured_image_urls":{"full":["https:\/\/infotep.com.ar\/wp-content\/uploads\/2022\/09\/1_JEkXxkzYZlhDz5DJQEQ_2Q.jpeg",700,350,false],"thumbnail":["https:\/\/infotep.com.ar\/wp-content\/uploads\/2022\/09\/1_JEkXxkzYZlhDz5DJQEQ_2Q-150x150.jpeg",150,150,true],"medium":["https:\/\/infotep.com.ar\/wp-content\/uploads\/2022\/09\/1_JEkXxkzYZlhDz5DJQEQ_2Q-300x150.jpeg",300,150,true],"medium_large":["https:\/\/infotep.com.ar\/wp-content\/uploads\/2022\/09\/1_JEkXxkzYZlhDz5DJQEQ_2Q.jpeg",700,350,false],"large":["https:\/\/infotep.com.ar\/wp-content\/uploads\/2022\/09\/1_JEkXxkzYZlhDz5DJQEQ_2Q.jpeg",700,350,false],"1536x1536":["https:\/\/infotep.com.ar\/wp-content\/uploads\/2022\/09\/1_JEkXxkzYZlhDz5DJQEQ_2Q.jpeg",700,350,false],"2048x2048":["https:\/\/infotep.com.ar\/wp-content\/uploads\/2022\/09\/1_JEkXxkzYZlhDz5DJQEQ_2Q.jpeg",700,350,false],"blossom-feminine-slider":["https:\/\/infotep.com.ar\/wp-content\/uploads\/2022\/09\/1_JEkXxkzYZlhDz5DJQEQ_2Q.jpeg",700,350,false],"blossom-feminine-featured":["https:\/\/infotep.com.ar\/wp-content\/uploads\/2022\/09\/1_JEkXxkzYZlhDz5DJQEQ_2Q.jpeg",700,350,false],"blossom-feminine-with-sidebar":["https:\/\/infotep.com.ar\/wp-content\/uploads\/2022\/09\/1_JEkXxkzYZlhDz5DJQEQ_2Q.jpeg",700,350,false],"blossom-feminine-blog":["https:\/\/infotep.com.ar\/wp-content\/uploads\/2022\/09\/1_JEkXxkzYZlhDz5DJQEQ_2Q-435x350.jpeg",435,350,true],"blossom-feminine-cat":["https:\/\/infotep.com.ar\/wp-content\/uploads\/2022\/09\/1_JEkXxkzYZlhDz5DJQEQ_2Q-450x300.jpeg",450,300,true],"blossom-feminine-related":["https:\/\/infotep.com.ar\/wp-content\/uploads\/2022\/09\/1_JEkXxkzYZlhDz5DJQEQ_2Q-320x200.jpeg",320,200,true],"blossom-feminine-schema":["https:\/\/infotep.com.ar\/wp-content\/uploads\/2022\/09\/1_JEkXxkzYZlhDz5DJQEQ_2Q-120x60.jpeg",120,60,true],"blossom-mommy-blog-slider-big":["https:\/\/infotep.com.ar\/wp-content\/uploads\/2022\/09\/1_JEkXxkzYZlhDz5DJQEQ_2Q.jpeg",700,350,false],"blossom-mommy-blog-slider":["https:\/\/infotep.com.ar\/wp-content\/uploads\/2022\/09\/1_JEkXxkzYZlhDz5DJQEQ_2Q-460x310.jpeg",460,310,true],"blossom-mommy-blog-two":["https:\/\/infotep.com.ar\/wp-content\/uploads\/2022\/09\/1_JEkXxkzYZlhDz5DJQEQ_2Q.jpeg",700,350,false]},"author_info":{"info":["Angela Tobar"]},"category_info":"<a href=\"https:\/\/infotep.com.ar\/index.php\/category\/destacadas\/\" rel=\"category tag\">Destacadas<\/a> <a href=\"https:\/\/infotep.com.ar\/index.php\/category\/municipales\/moron\/\" rel=\"category tag\">Mor\u00f3n<\/a>","tag_info":"Mor\u00f3n","comment_count":"0","_links":{"self":[{"href":"https:\/\/infotep.com.ar\/index.php\/wp-json\/wp\/v2\/posts\/1235"}],"collection":[{"href":"https:\/\/infotep.com.ar\/index.php\/wp-json\/wp\/v2\/posts"}],"about":[{"href":"https:\/\/infotep.com.ar\/index.php\/wp-json\/wp\/v2\/types\/post"}],"author":[{"embeddable":true,"href":"https:\/\/infotep.com.ar\/index.php\/wp-json\/wp\/v2\/users\/5"}],"replies":[{"embeddable":true,"href":"https:\/\/infotep.com.ar\/index.php\/wp-json\/wp\/v2\/comments?post=1235"}],"version-history":[{"count":1,"href":"https:\/\/infotep.com.ar\/index.php\/wp-json\/wp\/v2\/posts\/1235\/revisions"}],"predecessor-version":[{"id":1237,"href":"https:\/\/infotep.com.ar\/index.php\/wp-json\/wp\/v2\/posts\/1235\/revisions\/1237"}],"wp:featuredmedia":[{"embeddable":true,"href":"https:\/\/infotep.com.ar\/index.php\/wp-json\/wp\/v2\/media\/1236"}],"wp:attachment":[{"href":"https:\/\/infotep.com.ar\/index.php\/wp-json\/wp\/v2\/media?parent=1235"}],"wp:term":[{"taxonomy":"category","embeddable":true,"href":"https:\/\/infotep.com.ar\/index.php\/wp-json\/wp\/v2\/categories?post=1235"},{"taxonomy":"post_tag","embeddable":true,"href":"https:\/\/infotep.com.ar\/index.php\/wp-json\/wp\/v2\/tags?post=1235"}],"curies":[{"name":"wp","href":"https:\/\/api.w.org\/{rel}","templated":true}]}}