{"id":12363,"date":"2024-04-03T00:03:52","date_gmt":"2024-04-03T03:03:52","guid":{"rendered":"https:\/\/infotep.com.ar\/?p=12363"},"modified":"2024-04-03T14:46:48","modified_gmt":"2024-04-03T17:46:48","slug":"espinoza-anuncio-que-para-mantener-vivo-el-legado-mas-veteranos-viajaran-a-malvinas-desde-la-matanza","status":"publish","type":"post","link":"https:\/\/infotep.com.ar\/index.php\/2024\/04\/03\/espinoza-anuncio-que-para-mantener-vivo-el-legado-mas-veteranos-viajaran-a-malvinas-desde-la-matanza\/","title":{"rendered":"Espinoza anunci\u00f3 que &#8220;para mantener vivo el legado&#8221; m\u00e1s veteranos viajar\u00e1n a Malvinas desde La Matanza"},"content":{"rendered":"\n<p><\/p>\n\n\n\n<p>En el marco del 42\u00b0 Aniversario de la Guerra de Malvinas, y como parte de la conmemoraci\u00f3n del D\u00eda del Veterano, la Veterana y los Ca\u00eddos de la Guerra de Malvinas, La Matanza se visti\u00f3 de celeste y blanco para llevar a cabo el acto en una de las fechas m\u00e1s significativas para el pueblo argentino.<\/p>\n\n\n\n<p>El intendente de La Matanza y presidente de la Federaci\u00f3n Argentina de Municipios (FAM), Fernando Espinoza, encabez\u00f3 el acto del 2 de abril en la Plaza San Mart\u00edn de San Justo, junto a la vicegobernadora Ver\u00f3nica Magario. <\/p>\n\n\n\n<p><strong>All\u00ed, el jefe comunal realiz\u00f3 una ofrenda floral en el monumento de Malvinas y rindi\u00f3 homenaje a veteranos, veteranas y ca\u00eddos durante la guerra acompa\u00f1ado por el el presidente de la Confederaci\u00f3n de Combatientes de Malvinas de la Rep\u00fablica Argentina, Ram\u00f3n Robles; el subsecretario municipal de los Veteranos de Guerra de Malvinas, Carlos Farina, y por cientos de vecinos, vecinas y estudiantes de las escuelas del distrito.<\/strong><\/p>\n\n\n\n<p>Tras el emotivo acto, del que participaron los ex combatientes junto a sus familiares y todas las fuerzas vivas del municipio, Fernando Espinoza expres\u00f3: \u201cHoy es un 2 de abril distinto y que se sinti\u00f3 muy fuerte ac\u00e1 en La Matanza junto a tanta gente que sali\u00f3 a las calles, tanto en la vigilia en Aldo Bonzi y en Laferrere como hoy colmando esta Plaza de San Justo\u201d.<\/p>\n\n\n\n<p><strong>\u201cHoy el pueblo siente que est\u00e1n avasallando los derechos argentinos sobre Malvinas, entre otras cosas, porque existe una ocupaci\u00f3n ilegal sobre las millas mar\u00edtimas que el gobierno argentino est\u00e1 entregando\u201d, agreg\u00f3 el jefe comunal.<\/strong><\/p>\n\n\n\n<p>Cabe destacar que en La Matanza los ex combatientes tienen un lugar notable en el Gobierno local, por ello -en el a\u00f1o 2022- Fernando Espinoza dispuso que la Direcci\u00f3n de Veteranos pase a tener rango de Subsecretar\u00eda e incorpor\u00f3 al Museo de Veteranos de Malvinas como Museo municipal. En este sentido, Espinoza enfatiz\u00f3: <strong>\u201cLa Matanza fue el lugar de Argentina que m\u00e1s soldados llev\u00f3 a Malvinas. No hay d\u00eda en el que no recordemos a los 711 j\u00f3venes de nuestro distrito que fueron a la guerra y a los 25 de ellos que dejaron su vida y est\u00e1n en tierra malvinense\u201d.<\/strong><\/p>\n\n\n\n<p class=\"has-light-green-cyan-background-color has-background\">\u201cDesde La Matanza nosotros no vamos a permitir un solo avance m\u00e1s sobre Malvinas, ni con la gesta que dejaron nuestros h\u00e9roes y veteranos de guerra que entregaron hasta su vida por nuestra patria\u201d, sostuvo Fernando Espinoza.<\/p>\n\n\n\n<p>En ese sentido, el jefe comunal se\u00f1al\u00f3: \u201cLos veteranos de guerra de La Matanza que volvieron, dan su ejemplo todos los d\u00edas y brindan sus testimonios en cada una de las aulas de nuestras escuelas generando acciones solidarias y estando siempre al lado de quienes m\u00e1s lo necesitan y de los que menos tienen\u201d.<\/p>\n\n\n\n<p><strong>En tanto, el presidente de la Confederaci\u00f3n de Combatientes de Malvinas de la Rep\u00fablica Argentina, Ram\u00f3n Robles, manifest\u00f3: \u201cPara nosotros es un 2 de abril de resistencia por la pol\u00edtica que est\u00e1 llevando a cabo el gobierno nacional que est\u00e1 buscando la divisi\u00f3n y la separaci\u00f3n de nuestro pa\u00eds. Nosotros, desde la Confederaci\u00f3n, y principalmente yo desde La Matanza, vamos a tratar de hacer la resistencia m\u00e1s grande que se pueda\u201d.<\/strong><\/p>\n\n\n\n<p>Por su parte, Ver\u00f3nica Magario indic\u00f3: \u201cHoy le dedico este 2 de abril a nuestros h\u00e9roes, a nuestros hombres que fueron a Malvinas y dejaron su vida all\u00e1 y tambi\u00e9n a aquellos que volvieron y siguieron luchando en esta patria, que lo dieron todo y lo siguen dando. Las Islas Malvinas son y ser\u00e1n toda la vida argentinas\u201d, remarc\u00f3.<\/p>\n\n\n\n<p>Para finalizar, Fernando Espinoza refiri\u00f3: \u201cMi decisi\u00f3n pol\u00edtica es que este a\u00f1o a Malvinas van a ir m\u00e1s h\u00e9roes y m\u00e1s familiares de los que fueron el a\u00f1o pasado. Mientras otros quieren entregar las Malvinas, nosotros vamos a defenderlas y a llevarlas en nuestro coraz\u00f3n siempre\u201d.<\/p>\n\n\n\n<p><\/p>\n","protected":false},"excerpt":{"rendered":"<p>En el marco del 42&deg; Aniversario de la Guerra de Malvinas, y como parte de la conmemoraci&oacute;n del D&iacute;a del Veterano, la Veterana y los Ca&iacute;dos de la Guerra de Malvinas, La Matanza se visti&oacute; de celeste y blanco para llevar a cabo el acto en una de las fechas m&aacute;s significativas para el pueblo &hellip; <\/p>\n","protected":false},"author":5,"featured_media":12364,"comment_status":"closed","ping_status":"closed","sticky":false,"template":"","format":"standard","meta":{"om_disable_all_campaigns":false,"_joinchat":[]},"categories":[31,26],"tags":[46,59,43],"featured_image_urls":{"full":["https:\/\/infotep.com.ar\/wp-content\/uploads\/2024\/04\/051-Acto-Malvinas-1.jpg",936,624,false],"thumbnail":["https:\/\/infotep.com.ar\/wp-content\/uploads\/2024\/04\/051-Acto-Malvinas-1-150x150.jpg",150,150,true],"medium":["https:\/\/infotep.com.ar\/wp-content\/uploads\/2024\/04\/051-Acto-Malvinas-1-300x200.jpg",300,200,true],"medium_large":["https:\/\/infotep.com.ar\/wp-content\/uploads\/2024\/04\/051-Acto-Malvinas-1-768x512.jpg",768,512,true],"large":["https:\/\/infotep.com.ar\/wp-content\/uploads\/2024\/04\/051-Acto-Malvinas-1.jpg",936,624,false],"1536x1536":["https:\/\/infotep.com.ar\/wp-content\/uploads\/2024\/04\/051-Acto-Malvinas-1.jpg",936,624,false],"2048x2048":["https:\/\/infotep.com.ar\/wp-content\/uploads\/2024\/04\/051-Acto-Malvinas-1.jpg",936,624,false],"blossom-feminine-slider":["https:\/\/infotep.com.ar\/wp-content\/uploads\/2024\/04\/051-Acto-Malvinas-1.jpg",936,624,false],"blossom-feminine-featured":["https:\/\/infotep.com.ar\/wp-content\/uploads\/2024\/04\/051-Acto-Malvinas-1-936x600.jpg",936,600,true],"blossom-feminine-with-sidebar":["https:\/\/infotep.com.ar\/wp-content\/uploads\/2024\/04\/051-Acto-Malvinas-1-936x600.jpg",936,600,true],"blossom-feminine-blog":["https:\/\/infotep.com.ar\/wp-content\/uploads\/2024\/04\/051-Acto-Malvinas-1-435x435.jpg",435,435,true],"blossom-feminine-cat":["https:\/\/infotep.com.ar\/wp-content\/uploads\/2024\/04\/051-Acto-Malvinas-1-450x300.jpg",450,300,true],"blossom-feminine-related":["https:\/\/infotep.com.ar\/wp-content\/uploads\/2024\/04\/051-Acto-Malvinas-1-320x200.jpg",320,200,true],"blossom-feminine-schema":["https:\/\/infotep.com.ar\/wp-content\/uploads\/2024\/04\/051-Acto-Malvinas-1-90x60.jpg",90,60,true],"blossom-mommy-blog-slider-big":["https:\/\/infotep.com.ar\/wp-content\/uploads\/2024\/04\/051-Acto-Malvinas-1-920x624.jpg",920,624,true],"blossom-mommy-blog-slider":["https:\/\/infotep.com.ar\/wp-content\/uploads\/2024\/04\/051-Acto-Malvinas-1-460x310.jpg",460,310,true],"blossom-mommy-blog-two":["https:\/\/infotep.com.ar\/wp-content\/uploads\/2024\/04\/051-Acto-Malvinas-1-768x480.jpg",768,480,true]},"author_info":{"info":["Angela Tobar"]},"category_info":"<a href=\"https:\/\/infotep.com.ar\/index.php\/category\/destacadas\/\" rel=\"category tag\">Destacadas<\/a> <a href=\"https:\/\/infotep.com.ar\/index.php\/category\/municipales\/la-matanza\/\" rel=\"category tag\">La Matanza<\/a>","tag_info":"La Matanza","comment_count":"0","_links":{"self":[{"href":"https:\/\/infotep.com.ar\/index.php\/wp-json\/wp\/v2\/posts\/12363"}],"collection":[{"href":"https:\/\/infotep.com.ar\/index.php\/wp-json\/wp\/v2\/posts"}],"about":[{"href":"https:\/\/infotep.com.ar\/index.php\/wp-json\/wp\/v2\/types\/post"}],"author":[{"embeddable":true,"href":"https:\/\/infotep.com.ar\/index.php\/wp-json\/wp\/v2\/users\/5"}],"replies":[{"embeddable":true,"href":"https:\/\/infotep.com.ar\/index.php\/wp-json\/wp\/v2\/comments?post=12363"}],"version-history":[{"count":1,"href":"https:\/\/infotep.com.ar\/index.php\/wp-json\/wp\/v2\/posts\/12363\/revisions"}],"predecessor-version":[{"id":12365,"href":"https:\/\/infotep.com.ar\/index.php\/wp-json\/wp\/v2\/posts\/12363\/revisions\/12365"}],"wp:featuredmedia":[{"embeddable":true,"href":"https:\/\/infotep.com.ar\/index.php\/wp-json\/wp\/v2\/media\/12364"}],"wp:attachment":[{"href":"https:\/\/infotep.com.ar\/index.php\/wp-json\/wp\/v2\/media?parent=12363"}],"wp:term":[{"taxonomy":"category","embeddable":true,"href":"https:\/\/infotep.com.ar\/index.php\/wp-json\/wp\/v2\/categories?post=12363"},{"taxonomy":"post_tag","embeddable":true,"href":"https:\/\/infotep.com.ar\/index.php\/wp-json\/wp\/v2\/tags?post=12363"}],"curies":[{"name":"wp","href":"https:\/\/api.w.org\/{rel}","templated":true}]}}