{"id":12375,"date":"2024-04-03T14:42:11","date_gmt":"2024-04-03T17:42:11","guid":{"rendered":"https:\/\/infotep.com.ar\/?p=12375"},"modified":"2024-04-03T14:42:12","modified_gmt":"2024-04-03T17:42:12","slug":"murio-el-funcionario-de-ituzaingo-que-fue-atropellado-por-un-motociclista","status":"publish","type":"post","link":"https:\/\/infotep.com.ar\/index.php\/2024\/04\/03\/murio-el-funcionario-de-ituzaingo-que-fue-atropellado-por-un-motociclista\/","title":{"rendered":"Muri\u00f3 el funcionario de Ituzaing\u00f3 que fue atropellado por un motociclista"},"content":{"rendered":"\n<p>El director de Culto del Municipio de Ituzaing\u00f3, Mario Revel falleci\u00f3 anoche tras permanecer internado en estado grave por una semana.  El ex concejal del Frente Progresista hab\u00eda quedado internado tras ser atropellado por un motociclista en Av. Rivadavia y Erezcano, en Ituzaing\u00f3 Sur.<\/p>\n\n\n\n<p>Mario Revel, el director de Culto de Ituzaing\u00f3, falleci\u00f3 luego de permanecer internado durante una semana tras ser atropellado por una moto. Estaba internado en terapia intensiva en el Hospital del Bicentenario.<\/p>\n\n\n\n<p>El pastor evang\u00e9lico y funcionario municipal fue embestido por una motocicleta en el cruce de la Avenida Rivadavia y Erezcano que le provoc\u00f3 una fractura de cr\u00e1neo y m\u00faltiples golpes, por lo que estaba en terapia intensiva.<\/p>\n\n\n\n<p>Seg\u00fan el \u00faltimo parte m\u00e9dico, Revel padec\u00eda una arritmia card\u00edaca y un cuadro febril complejo. Finalmente, en las \u00faltimas horas del martes, se produjo su deceso.<\/p>\n\n\n\n<p>Revel era pastor evang\u00e9lico y fue concejal entre 2007 y 2011. En la actualidad, se desempe\u00f1aba como director de Culto del Municipio e integraba el colectivo &#8220;Pro Vida&#8221; en contra del aborto. Fue candidato a gobernador en 2019 por el Partido de Alfredo Olmedo.<\/p>\n","protected":false},"excerpt":{"rendered":"<p>El director de Culto del Municipio de Ituzaing&oacute;, Mario Revel falleci&oacute; anoche tras permanecer internado en estado grave por una semana. El ex concejal del Frente Progresista hab&iacute;a quedado internado tras ser atropellado por un motociclista en Av. Rivadavia y Erezcano, en Ituzaing&oacute; Sur. Mario Revel, el director de Culto de Ituzaing&oacute;, falleci&oacute; luego de &hellip; <\/p>\n","protected":false},"author":5,"featured_media":12376,"comment_status":"closed","ping_status":"closed","sticky":false,"template":"","format":"standard","meta":{"om_disable_all_campaigns":false,"_joinchat":[]},"categories":[31,8],"tags":[46,51,43],"featured_image_urls":{"full":["https:\/\/infotep.com.ar\/wp-content\/uploads\/2024\/04\/Mario-Revel.webp",1280,803,false],"thumbnail":["https:\/\/infotep.com.ar\/wp-content\/uploads\/2024\/04\/Mario-Revel-150x150.webp",150,150,true],"medium":["https:\/\/infotep.com.ar\/wp-content\/uploads\/2024\/04\/Mario-Revel-300x188.webp",300,188,true],"medium_large":["https:\/\/infotep.com.ar\/wp-content\/uploads\/2024\/04\/Mario-Revel-768x482.webp",768,482,true],"large":["https:\/\/infotep.com.ar\/wp-content\/uploads\/2024\/04\/Mario-Revel-1024x642.webp",1020,639,true],"1536x1536":["https:\/\/infotep.com.ar\/wp-content\/uploads\/2024\/04\/Mario-Revel.webp",1280,803,false],"2048x2048":["https:\/\/infotep.com.ar\/wp-content\/uploads\/2024\/04\/Mario-Revel.webp",1280,803,false],"blossom-feminine-slider":["https:\/\/infotep.com.ar\/wp-content\/uploads\/2024\/04\/Mario-Revel-1280x649.webp",1280,649,true],"blossom-feminine-featured":["https:\/\/infotep.com.ar\/wp-content\/uploads\/2024\/04\/Mario-Revel-1280x600.webp",1280,600,true],"blossom-feminine-with-sidebar":["https:\/\/infotep.com.ar\/wp-content\/uploads\/2024\/04\/Mario-Revel-1020x600.webp",1020,600,true],"blossom-feminine-blog":["https:\/\/infotep.com.ar\/wp-content\/uploads\/2024\/04\/Mario-Revel-435x435.webp",435,435,true],"blossom-feminine-cat":["https:\/\/infotep.com.ar\/wp-content\/uploads\/2024\/04\/Mario-Revel-450x300.webp",450,300,true],"blossom-feminine-related":["https:\/\/infotep.com.ar\/wp-content\/uploads\/2024\/04\/Mario-Revel-320x200.webp",320,200,true],"blossom-feminine-schema":["https:\/\/infotep.com.ar\/wp-content\/uploads\/2024\/04\/Mario-Revel-96x60.webp",96,60,true],"blossom-mommy-blog-slider-big":["https:\/\/infotep.com.ar\/wp-content\/uploads\/2024\/04\/Mario-Revel-920x650.webp",920,650,true],"blossom-mommy-blog-slider":["https:\/\/infotep.com.ar\/wp-content\/uploads\/2024\/04\/Mario-Revel-460x310.webp",460,310,true],"blossom-mommy-blog-two":["https:\/\/infotep.com.ar\/wp-content\/uploads\/2024\/04\/Mario-Revel-768x480.webp",768,480,true]},"author_info":{"info":["Angela Tobar"]},"category_info":"<a href=\"https:\/\/infotep.com.ar\/index.php\/category\/destacadas\/\" rel=\"category tag\">Destacadas<\/a> <a href=\"https:\/\/infotep.com.ar\/index.php\/category\/municipales\/ituzaingo\/\" rel=\"category tag\">Ituzaing\u00f3<\/a>","tag_info":"Ituzaing\u00f3","comment_count":"0","_links":{"self":[{"href":"https:\/\/infotep.com.ar\/index.php\/wp-json\/wp\/v2\/posts\/12375"}],"collection":[{"href":"https:\/\/infotep.com.ar\/index.php\/wp-json\/wp\/v2\/posts"}],"about":[{"href":"https:\/\/infotep.com.ar\/index.php\/wp-json\/wp\/v2\/types\/post"}],"author":[{"embeddable":true,"href":"https:\/\/infotep.com.ar\/index.php\/wp-json\/wp\/v2\/users\/5"}],"replies":[{"embeddable":true,"href":"https:\/\/infotep.com.ar\/index.php\/wp-json\/wp\/v2\/comments?post=12375"}],"version-history":[{"count":1,"href":"https:\/\/infotep.com.ar\/index.php\/wp-json\/wp\/v2\/posts\/12375\/revisions"}],"predecessor-version":[{"id":12377,"href":"https:\/\/infotep.com.ar\/index.php\/wp-json\/wp\/v2\/posts\/12375\/revisions\/12377"}],"wp:featuredmedia":[{"embeddable":true,"href":"https:\/\/infotep.com.ar\/index.php\/wp-json\/wp\/v2\/media\/12376"}],"wp:attachment":[{"href":"https:\/\/infotep.com.ar\/index.php\/wp-json\/wp\/v2\/media?parent=12375"}],"wp:term":[{"taxonomy":"category","embeddable":true,"href":"https:\/\/infotep.com.ar\/index.php\/wp-json\/wp\/v2\/categories?post=12375"},{"taxonomy":"post_tag","embeddable":true,"href":"https:\/\/infotep.com.ar\/index.php\/wp-json\/wp\/v2\/tags?post=12375"}],"curies":[{"name":"wp","href":"https:\/\/api.w.org\/{rel}","templated":true}]}}