{"id":12400,"date":"2024-04-03T22:39:49","date_gmt":"2024-04-04T01:39:49","guid":{"rendered":"https:\/\/infotep.com.ar\/?p=12400"},"modified":"2024-04-03T22:39:50","modified_gmt":"2024-04-04T01:39:50","slug":"moron-homenajeo-a-los-veteranos-y-caidos-en-la-guerra-de-malvinas","status":"publish","type":"post","link":"https:\/\/infotep.com.ar\/index.php\/2024\/04\/03\/moron-homenajeo-a-los-veteranos-y-caidos-en-la-guerra-de-malvinas\/","title":{"rendered":"Mor\u00f3n homenaje\u00f3 a los Veteranos y Ca\u00eddos en la Guerra de Malvinas"},"content":{"rendered":"\n<p>En la Plaza San Mart\u00edn se realiz\u00f3 el acto para recordar a los excombatientes. Participaron asociaciones de veteranos y familiares de los ca\u00eddos.<\/p>\n\n\n\n<p>A 42 a\u00f1os de la Guerra, el Municipio de Mor\u00f3n realiz\u00f3 un acto de homenaje y reconocimiento a los Veteranos y Ca\u00eddos en Malvinas en la Plaza San Mart\u00edn.<\/p>\n\n\n\n<p>En la jornada estuvieron presentes el intendente Lucas Ghi, acompa\u00f1ado por el ex intendente de Mor\u00f3n y actual presidente de COMIREC, Mart\u00edn Sabbatella, la diputada nacional, M\u00f3nica Macha, el secretario de Gobierno, Diego Spina, el director de Veteranos de Guerra local, Carlos Fasciolo, funcionarios del gabinete municipal y concejales. Tambi\u00e9n estuvieron el presidente del Centro de Veteranos de Guerra Mor\u00f3n, Reynaldo Arce, el Veterano de Guerra y ex Director del Museo Malvinas, Edgardo Esteban, entre otros.<\/p>\n\n\n\n<p>La jornada tambi\u00e9n cont\u00f3 con shows musicales a cargo de Cecilia y Mar\u00eda de la Caridad Reyes Lobos, hermanas del soldado Jos\u00e9 Antonio Reyes Lobos, y de Cruz Arretche con una interpretaci\u00f3n de un trap alusivo a la fecha.<\/p>\n","protected":false},"excerpt":{"rendered":"<p>En la Plaza San Mart&iacute;n se realiz&oacute; el acto para recordar a los excombatientes. Participaron asociaciones de veteranos y familiares de los ca&iacute;dos. A 42 a&ntilde;os de la Guerra, el Municipio de Mor&oacute;n realiz&oacute; un acto de homenaje y reconocimiento a los Veteranos y Ca&iacute;dos en Malvinas en la Plaza San Mart&iacute;n. En la jornada &hellip; <\/p>\n","protected":false},"author":5,"featured_media":12401,"comment_status":"closed","ping_status":"closed","sticky":false,"template":"","format":"standard","meta":{"om_disable_all_campaigns":false,"_joinchat":[]},"categories":[9],"tags":[46,56,53,43],"featured_image_urls":{"full":["https:\/\/infotep.com.ar\/wp-content\/uploads\/2024\/04\/malvinas-moron.webp",1342,1016,false],"thumbnail":["https:\/\/infotep.com.ar\/wp-content\/uploads\/2024\/04\/malvinas-moron-150x150.webp",150,150,true],"medium":["https:\/\/infotep.com.ar\/wp-content\/uploads\/2024\/04\/malvinas-moron-300x227.webp",300,227,true],"medium_large":["https:\/\/infotep.com.ar\/wp-content\/uploads\/2024\/04\/malvinas-moron-768x581.webp",768,581,true],"large":["https:\/\/infotep.com.ar\/wp-content\/uploads\/2024\/04\/malvinas-moron-1024x775.webp",1020,772,true],"1536x1536":["https:\/\/infotep.com.ar\/wp-content\/uploads\/2024\/04\/malvinas-moron.webp",1342,1016,false],"2048x2048":["https:\/\/infotep.com.ar\/wp-content\/uploads\/2024\/04\/malvinas-moron.webp",1342,1016,false],"blossom-feminine-slider":["https:\/\/infotep.com.ar\/wp-content\/uploads\/2024\/04\/malvinas-moron-1342x649.webp",1342,649,true],"blossom-feminine-featured":["https:\/\/infotep.com.ar\/wp-content\/uploads\/2024\/04\/malvinas-moron-1342x600.webp",1342,600,true],"blossom-feminine-with-sidebar":["https:\/\/infotep.com.ar\/wp-content\/uploads\/2024\/04\/malvinas-moron-1020x600.webp",1020,600,true],"blossom-feminine-blog":["https:\/\/infotep.com.ar\/wp-content\/uploads\/2024\/04\/malvinas-moron-435x435.webp",435,435,true],"blossom-feminine-cat":["https:\/\/infotep.com.ar\/wp-content\/uploads\/2024\/04\/malvinas-moron-450x300.webp",450,300,true],"blossom-feminine-related":["https:\/\/infotep.com.ar\/wp-content\/uploads\/2024\/04\/malvinas-moron-320x200.webp",320,200,true],"blossom-feminine-schema":["https:\/\/infotep.com.ar\/wp-content\/uploads\/2024\/04\/malvinas-moron-79x60.webp",79,60,true],"blossom-mommy-blog-slider-big":["https:\/\/infotep.com.ar\/wp-content\/uploads\/2024\/04\/malvinas-moron-920x650.webp",920,650,true],"blossom-mommy-blog-slider":["https:\/\/infotep.com.ar\/wp-content\/uploads\/2024\/04\/malvinas-moron-460x310.webp",460,310,true],"blossom-mommy-blog-two":["https:\/\/infotep.com.ar\/wp-content\/uploads\/2024\/04\/malvinas-moron-768x480.webp",768,480,true]},"author_info":{"info":["Angela Tobar"]},"category_info":"<a href=\"https:\/\/infotep.com.ar\/index.php\/category\/municipales\/moron\/\" rel=\"category tag\">Mor\u00f3n<\/a>","tag_info":"Mor\u00f3n","comment_count":"0","_links":{"self":[{"href":"https:\/\/infotep.com.ar\/index.php\/wp-json\/wp\/v2\/posts\/12400"}],"collection":[{"href":"https:\/\/infotep.com.ar\/index.php\/wp-json\/wp\/v2\/posts"}],"about":[{"href":"https:\/\/infotep.com.ar\/index.php\/wp-json\/wp\/v2\/types\/post"}],"author":[{"embeddable":true,"href":"https:\/\/infotep.com.ar\/index.php\/wp-json\/wp\/v2\/users\/5"}],"replies":[{"embeddable":true,"href":"https:\/\/infotep.com.ar\/index.php\/wp-json\/wp\/v2\/comments?post=12400"}],"version-history":[{"count":1,"href":"https:\/\/infotep.com.ar\/index.php\/wp-json\/wp\/v2\/posts\/12400\/revisions"}],"predecessor-version":[{"id":12402,"href":"https:\/\/infotep.com.ar\/index.php\/wp-json\/wp\/v2\/posts\/12400\/revisions\/12402"}],"wp:featuredmedia":[{"embeddable":true,"href":"https:\/\/infotep.com.ar\/index.php\/wp-json\/wp\/v2\/media\/12401"}],"wp:attachment":[{"href":"https:\/\/infotep.com.ar\/index.php\/wp-json\/wp\/v2\/media?parent=12400"}],"wp:term":[{"taxonomy":"category","embeddable":true,"href":"https:\/\/infotep.com.ar\/index.php\/wp-json\/wp\/v2\/categories?post=12400"},{"taxonomy":"post_tag","embeddable":true,"href":"https:\/\/infotep.com.ar\/index.php\/wp-json\/wp\/v2\/tags?post=12400"}],"curies":[{"name":"wp","href":"https:\/\/api.w.org\/{rel}","templated":true}]}}