{"id":12404,"date":"2024-04-04T12:42:53","date_gmt":"2024-04-04T15:42:53","guid":{"rendered":"https:\/\/infotep.com.ar\/?p=12404"},"modified":"2024-04-04T12:42:54","modified_gmt":"2024-04-04T15:42:54","slug":"la-uta-declaro-el-estado-de-alerta-y-este-lunes-podria-haber-paro-de-colectivos-en-el-amba","status":"publish","type":"post","link":"https:\/\/infotep.com.ar\/index.php\/2024\/04\/04\/la-uta-declaro-el-estado-de-alerta-y-este-lunes-podria-haber-paro-de-colectivos-en-el-amba\/","title":{"rendered":"La UTA declar\u00f3 el estado de alerta y este lunes podr\u00eda haber paro de colectivos en el AMBA"},"content":{"rendered":"\n<p>El gremio tom\u00f3 esta decisi\u00f3n ante el rechazo de las c\u00e1maras empresarias rechazaran el pedido de incremento salarial.<br><br>La UTA declar\u00f3 el estado de alerta y este lunes podr\u00eda haber paro de colectivos en el AMBA<br>La Uni\u00f3n Tranviarios Automotor (UTA), se declar\u00f3 &#8220;en estado de alerta&#8221; luego de que las c\u00e1maras empresarias rechazaran el reclamo del sindicato por el aumento de los salarios y el lunes podr\u00eda ir a un paro en toda el AMBA.<\/p>\n\n\n\n<p><strong>El gremio advirti\u00f3 este mi\u00e9rcoles mediante un comunicado que, en caso de no llegar a un acuerdo salarial con la Secretar\u00eda de Transporte, este lunes 8 de abril podr\u00eda haber un paro de colectivos en el \u00c1rea Metropolitana de Buenos Aires (AMBA).<\/strong><\/p>\n\n\n\n<p>La informaci\u00f3n fue compartida en las redes sociales por la Asociaci\u00f3n Argentina de Empresas del Transporte Automotor (Aaeta) junto al comunicado del gremio que lidera Roberto Fern\u00e1ndez.<\/p>\n\n\n\n<p>La UTA declar\u00f3 el estado de alerta y este lunes podr\u00eda haber paro de colectivos en el AMBA<br>&#8220;Iremos informando novedades y ampliando detalles de lo que ocurre y porqu\u00e9. La falta de ingresos suficientes para cubrir los costos de la actividad genera situaciones de este tipo&#8221;, se\u00f1ala el gremio en el comunicado.<\/p>\n\n\n\n<figure class=\"wp-block-image size-full\"><img decoding=\"async\" loading=\"lazy\" width=\"645\" height=\"720\" src=\"https:\/\/infotep.com.ar\/wp-content\/uploads\/2024\/04\/720-2.webp\" alt=\"\" class=\"wp-image-12405\" srcset=\"https:\/\/infotep.com.ar\/wp-content\/uploads\/2024\/04\/720-2.webp 645w, https:\/\/infotep.com.ar\/wp-content\/uploads\/2024\/04\/720-2-269x300.webp 269w, https:\/\/infotep.com.ar\/wp-content\/uploads\/2024\/04\/720-2-54x60.webp 54w\" sizes=\"(max-width: 645px) 100vw, 645px\" \/><\/figure>\n\n\n\n<p>&#8220;Ante las manifestaciones vertidas por los representantes del sector empresario que indican el no cumplimiento del acta acuerdo firmada por las partes con fecha 02\/02\/2024 y que fuera homologada con fecha 19\/02\/2024, alegando no contar con fondos suficientes para ello por decisiones t\u00e9cnicas de la Secretar\u00eda de Transporte&#8221;, indicaron.<\/p>\n\n\n\n<p>Agregaron que &#8220;la UTA se declara en estado de alerta advirtiendo a la poblaci\u00f3n que, de verificarse dicho incumplimiento, a partir del pr\u00f3ximo lunes 8 del corriente se ver\u00e1 afectada la normal prestaci\u00f3n del servicio en el \u00e1rea del AMBA&#8221;.<\/p>\n","protected":false},"excerpt":{"rendered":"<p>El gremio tom&oacute; esta decisi&oacute;n ante el rechazo de las c&aacute;maras empresarias rechazaran el pedido de incremento salarial. La UTA declar&oacute; el estado de alerta y este lunes podr&iacute;a haber paro de colectivos en el AMBALa Uni&oacute;n Tranviarios Automotor (UTA), se declar&oacute; &ldquo;en estado de alerta&rdquo; luego de que las c&aacute;maras empresarias rechazaran el reclamo &hellip; <\/p>\n","protected":false},"author":5,"featured_media":1549,"comment_status":"closed","ping_status":"closed","sticky":false,"template":"","format":"standard","meta":{"om_disable_all_campaigns":false,"_joinchat":[]},"categories":[31,7,4],"tags":[46,43],"featured_image_urls":{"full":["https:\/\/infotep.com.ar\/wp-content\/uploads\/2022\/10\/colectivos.jpg",730,443,false],"thumbnail":["https:\/\/infotep.com.ar\/wp-content\/uploads\/2022\/10\/colectivos-150x150.jpg",150,150,true],"medium":["https:\/\/infotep.com.ar\/wp-content\/uploads\/2022\/10\/colectivos-300x182.jpg",300,182,true],"medium_large":["https:\/\/infotep.com.ar\/wp-content\/uploads\/2022\/10\/colectivos.jpg",730,443,false],"large":["https:\/\/infotep.com.ar\/wp-content\/uploads\/2022\/10\/colectivos.jpg",730,443,false],"1536x1536":["https:\/\/infotep.com.ar\/wp-content\/uploads\/2022\/10\/colectivos.jpg",730,443,false],"2048x2048":["https:\/\/infotep.com.ar\/wp-content\/uploads\/2022\/10\/colectivos.jpg",730,443,false],"blossom-feminine-slider":["https:\/\/infotep.com.ar\/wp-content\/uploads\/2022\/10\/colectivos.jpg",730,443,false],"blossom-feminine-featured":["https:\/\/infotep.com.ar\/wp-content\/uploads\/2022\/10\/colectivos.jpg",730,443,false],"blossom-feminine-with-sidebar":["https:\/\/infotep.com.ar\/wp-content\/uploads\/2022\/10\/colectivos.jpg",730,443,false],"blossom-feminine-blog":["https:\/\/infotep.com.ar\/wp-content\/uploads\/2022\/10\/colectivos-435x435.jpg",435,435,true],"blossom-feminine-cat":["https:\/\/infotep.com.ar\/wp-content\/uploads\/2022\/10\/colectivos-450x300.jpg",450,300,true],"blossom-feminine-related":["https:\/\/infotep.com.ar\/wp-content\/uploads\/2022\/10\/colectivos-320x200.jpg",320,200,true],"blossom-feminine-schema":["https:\/\/infotep.com.ar\/wp-content\/uploads\/2022\/10\/colectivos-99x60.jpg",99,60,true],"blossom-mommy-blog-slider-big":["https:\/\/infotep.com.ar\/wp-content\/uploads\/2022\/10\/colectivos.jpg",730,443,false],"blossom-mommy-blog-slider":["https:\/\/infotep.com.ar\/wp-content\/uploads\/2022\/10\/colectivos-460x310.jpg",460,310,true],"blossom-mommy-blog-two":["https:\/\/infotep.com.ar\/wp-content\/uploads\/2022\/10\/colectivos.jpg",730,443,false]},"author_info":{"info":["Angela Tobar"]},"category_info":"<a href=\"https:\/\/infotep.com.ar\/index.php\/category\/destacadas\/\" rel=\"category tag\">Destacadas<\/a> <a href=\"https:\/\/infotep.com.ar\/index.php\/category\/gremios\/\" rel=\"category tag\">Gremios<\/a> <a href=\"https:\/\/infotep.com.ar\/index.php\/category\/provinciales\/\" rel=\"category tag\">Provinciales<\/a>","tag_info":"Provinciales","comment_count":"0","_links":{"self":[{"href":"https:\/\/infotep.com.ar\/index.php\/wp-json\/wp\/v2\/posts\/12404"}],"collection":[{"href":"https:\/\/infotep.com.ar\/index.php\/wp-json\/wp\/v2\/posts"}],"about":[{"href":"https:\/\/infotep.com.ar\/index.php\/wp-json\/wp\/v2\/types\/post"}],"author":[{"embeddable":true,"href":"https:\/\/infotep.com.ar\/index.php\/wp-json\/wp\/v2\/users\/5"}],"replies":[{"embeddable":true,"href":"https:\/\/infotep.com.ar\/index.php\/wp-json\/wp\/v2\/comments?post=12404"}],"version-history":[{"count":1,"href":"https:\/\/infotep.com.ar\/index.php\/wp-json\/wp\/v2\/posts\/12404\/revisions"}],"predecessor-version":[{"id":12406,"href":"https:\/\/infotep.com.ar\/index.php\/wp-json\/wp\/v2\/posts\/12404\/revisions\/12406"}],"wp:featuredmedia":[{"embeddable":true,"href":"https:\/\/infotep.com.ar\/index.php\/wp-json\/wp\/v2\/media\/1549"}],"wp:attachment":[{"href":"https:\/\/infotep.com.ar\/index.php\/wp-json\/wp\/v2\/media?parent=12404"}],"wp:term":[{"taxonomy":"category","embeddable":true,"href":"https:\/\/infotep.com.ar\/index.php\/wp-json\/wp\/v2\/categories?post=12404"},{"taxonomy":"post_tag","embeddable":true,"href":"https:\/\/infotep.com.ar\/index.php\/wp-json\/wp\/v2\/tags?post=12404"}],"curies":[{"name":"wp","href":"https:\/\/api.w.org\/{rel}","templated":true}]}}