{"id":1242,"date":"2022-09-19T16:40:33","date_gmt":"2022-09-19T19:40:33","guid":{"rendered":"https:\/\/infotep.com.ar\/?p=1242"},"modified":"2022-09-19T16:40:35","modified_gmt":"2022-09-19T19:40:35","slug":"el-fmi-aprobo-la-segunda-revision-del-acuerdo-que-otorgo-us-3-900-millones-a-la-argentina","status":"publish","type":"post","link":"https:\/\/infotep.com.ar\/index.php\/2022\/09\/19\/el-fmi-aprobo-la-segunda-revision-del-acuerdo-que-otorgo-us-3-900-millones-a-la-argentina\/","title":{"rendered":"El FMI aprob\u00f3 la segunda revisi\u00f3n del acuerdo que otorg\u00f3 US$ 3.900 millones a la Argentina"},"content":{"rendered":"\n<p>El Fondo Monetario Internacional (FMI)&nbsp;<strong>aprob\u00f3 este lunes la segunda revisi\u00f3n t\u00e9cnica del acuerdo de facilidades extendidas<\/strong>&nbsp;(EFF) que le otorg\u00f3 a la Argentina para refinanciar la deuda de US$ 44.500 millones contra\u00edda por la gesti\u00f3n de Mauricio Macri.<\/p>\n\n\n\n<p><strong>&#8220;El personal t\u00e9cnico del FMI y las autoridades argentinas han llegado a un acuerdo a nivel de personal t\u00e9cnico sobre la segunda revisi\u00f3n bajo el acuerdo SAF (Servicio Ampliado del Fondo) de 30 meses de Argentina&#8221;<\/strong>, indic\u00f3 el organismo en un comunicado.<\/p>\n\n\n\n<p>El acuerdo \u2013continu\u00f3- est\u00e1 sujeto a la aprobaci\u00f3n del Directorio Ejecutivo del FMI, que se espera se re\u00fana en las pr\u00f3ximas semanas. Una vez completada la revisi\u00f3n, Argentina tendr\u00eda acceso a alrededor de US$ 3.900 millones (DEG 3.000 millones)&#8221;.<\/p>\n\n\n\n<p>El subdirector del Departamento del Hemisferio Occidental y jefe de la Misi\u00f3n para Argentina, Luis Cubeddu, precis\u00f3 que &#8220;los objetivos clave establecidos al momento de la aprobaci\u00f3n del acuerdo, incluidos los relacionados con el d\u00e9ficit fiscal primario y las reservas internacionales netas, permanecer\u00e1n sin cambios hasta 2023&#8221;.<\/p>\n\n\n\n<p><strong>&#8220;La mayor\u00eda de los objetivos del programa cuantitativo hasta fines de junio de 2022 se cumplieron&#8221;<\/strong>, agreg\u00f3, aunque detall\u00f3 como excepci\u00f3n &#8220;el piso de las reservas internacionales netas&#8221;, a ra\u00edz de &#8220;un crecimiento del volumen de importaciones superior al programado y demoras en el apoyo oficial externo&#8221;.<\/p>\n\n\n\n<p>Asimismo, rescat\u00f3 que &#8220;un per\u00edodo de volatilidad en el mercado cambiario y de bonos fue detenido luego de medidas decisivas que corrigieron reveses anteriores y reconstruyeron credibilidad&#8221;.<\/p>\n\n\n\n<p>El Fondo reconoci\u00f3 la existencia de un marco macroecon\u00f3mico con &#8220;un entorno global m\u00e1s dif\u00edcil&#8221;, pero puso de relieve que en la Argentina &#8220;las presiones del mercado se est\u00e1n disipando y la perspectiva de crecimiento permanece sin cambios en 4% para este a\u00f1o, antes de moderarse a la tasa potencial de 2% a partir de 2023&#8221;.<\/p>\n\n\n\n<p>En cuanto a las presiones inflacionarias,<strong>&nbsp;el organismo se\u00f1al\u00f3 que &#8220;siguen siendo fuertes&#8221;, pero que &#8220;se espera una moderaci\u00f3n gradual durante el resto de 2022 y 2023&#8221;<\/strong>.<\/p>\n\n\n\n<p>Esa reducci\u00f3n, puntualiz\u00f3, &#8220;refleja una combinaci\u00f3n de marcos de pol\u00edticas macroecon\u00f3micas m\u00e1s estrictas, incertidumbres reducidas debido a la implementaci\u00f3n sostenida del programa y la evoluci\u00f3n proyectada de los precios mundiales de las materias primas&#8221;.<\/p>\n\n\n\n<p>En el plano fiscal, se confirmaron las metas de un d\u00e9ficit primario de un equivalente al 2,5% del Producto Bruto Interno (PBI) para 2022 y del 1,9% para 2023.<\/p>\n\n\n\n<p>La mejora en ese aspecto se sustenta en cuatro pilares se\u00f1alados por el Fondo: &#8220;una mejor focalizaci\u00f3n de los subsidios a la energ\u00eda, el agua y el transporte; una nueva priorizaci\u00f3n del gasto para asegurar la ejecuci\u00f3n de proyectos de inversi\u00f3n cr\u00edticos y la protecci\u00f3n adecuada de los hogares pobres; controles de gastos fortalecidos, que a su vez deber\u00edan ayudar a contener los atrasos en los gastos; y esfuerzos para revisar los incentivos fiscales corporativos y fortalecer el cumplimiento de los ingresos&#8221;.<\/p>\n\n\n\n<p>El informe del FMI destac\u00f3 las &#8220;acciones recientes&#8221; del Banco Central,<strong>&nbsp;&#8220;con la implementaci\u00f3n continua y m\u00e1s consistente del marco de pol\u00edtica monetaria, que ya est\u00e1 generando tasas de inter\u00e9s reales positivas&#8221;.<\/strong><\/p>\n\n\n\n<p>En ese orden, considera que la suba de tasas es necesaria &#8220;para fortalecer la demanda de activos en pesos, reducir las presiones externas y apoyar una reducci\u00f3n de la inflaci\u00f3n alta y persistente&#8221;.<\/p>\n\n\n\n<p>Del mismo modo,&nbsp;<strong>ponder\u00f3 la &#8220;reducci\u00f3n continua en el financiamiento monetario del d\u00e9ficit fiscal, que tendr\u00e1 un tope del 0,8% del PBI este a\u00f1o (por debajo del objetivo del 1%) y se limitar\u00e1 al 0,6% en 2023&#8221;<\/strong>.<\/p>\n\n\n\n<p>En lo que respecta a las reservas internacionales netas, se ratific\u00f3 el compromiso para que &#8220;aumenten en US$ 9.800 millones durante el transcurso de 2022-23&#8221;.<\/p>\n\n\n\n<p>Cubeddu destac\u00f3 que &#8220;se est\u00e1n dando pasos para fortalecer el mercado de deuda en pesos, la transmisi\u00f3n de la pol\u00edtica monetaria, la gesti\u00f3n de las finanzas p\u00fablicas y los marcos para combatir la evasi\u00f3n fiscal y el lavado de dinero&#8221;.<\/p>\n\n\n\n<p>Esas iniciativas se complementan con<strong>&nbsp;&#8220;los esfuerzos de las autoridades para buscar acuerdos internacionales de intercambio de informaci\u00f3n&#8221;.<\/strong><\/p>\n\n\n\n<p>Por \u00faltimo, indic\u00f3 que &#8220;los incentivos bien dise\u00f1ados para alentar la inversi\u00f3n y el potencial de exportaci\u00f3n de los sectores estrat\u00e9gicos, especialmente la energ\u00eda, siguen siendo cruciales&#8221;.<\/p>\n\n\n\n<p><a href=\"javascript:void(0);\"><\/a><\/p>\n","protected":false},"excerpt":{"rendered":"<p>El Fondo Monetario Internacional (FMI)&nbsp;aprob&oacute; este lunes la segunda revisi&oacute;n t&eacute;cnica del acuerdo de facilidades extendidas&nbsp;(EFF) que le otorg&oacute; a la Argentina para refinanciar la deuda de US$ 44.500 millones contra&iacute;da por la gesti&oacute;n de Mauricio Macri. &ldquo;El personal t&eacute;cnico del FMI y las autoridades argentinas han llegado a un acuerdo a nivel de personal &hellip; <\/p>\n","protected":false},"author":5,"featured_media":1243,"comment_status":"closed","ping_status":"closed","sticky":false,"template":"","format":"standard","meta":{"om_disable_all_campaigns":false,"_joinchat":[]},"categories":[3],"tags":[100,99,101],"featured_image_urls":{"full":["https:\/\/infotep.com.ar\/wp-content\/uploads\/2022\/09\/masa-fmi.jpg",900,506,false],"thumbnail":["https:\/\/infotep.com.ar\/wp-content\/uploads\/2022\/09\/masa-fmi-150x150.jpg",150,150,true],"medium":["https:\/\/infotep.com.ar\/wp-content\/uploads\/2022\/09\/masa-fmi-300x169.jpg",300,169,true],"medium_large":["https:\/\/infotep.com.ar\/wp-content\/uploads\/2022\/09\/masa-fmi-768x432.jpg",768,432,true],"large":["https:\/\/infotep.com.ar\/wp-content\/uploads\/2022\/09\/masa-fmi.jpg",900,506,false],"1536x1536":["https:\/\/infotep.com.ar\/wp-content\/uploads\/2022\/09\/masa-fmi.jpg",900,506,false],"2048x2048":["https:\/\/infotep.com.ar\/wp-content\/uploads\/2022\/09\/masa-fmi.jpg",900,506,false],"blossom-feminine-slider":["https:\/\/infotep.com.ar\/wp-content\/uploads\/2022\/09\/masa-fmi.jpg",900,506,false],"blossom-feminine-featured":["https:\/\/infotep.com.ar\/wp-content\/uploads\/2022\/09\/masa-fmi.jpg",900,506,false],"blossom-feminine-with-sidebar":["https:\/\/infotep.com.ar\/wp-content\/uploads\/2022\/09\/masa-fmi.jpg",900,506,false],"blossom-feminine-blog":["https:\/\/infotep.com.ar\/wp-content\/uploads\/2022\/09\/masa-fmi-435x435.jpg",435,435,true],"blossom-feminine-cat":["https:\/\/infotep.com.ar\/wp-content\/uploads\/2022\/09\/masa-fmi-450x300.jpg",450,300,true],"blossom-feminine-related":["https:\/\/infotep.com.ar\/wp-content\/uploads\/2022\/09\/masa-fmi-320x200.jpg",320,200,true],"blossom-feminine-schema":["https:\/\/infotep.com.ar\/wp-content\/uploads\/2022\/09\/masa-fmi-107x60.jpg",107,60,true],"blossom-mommy-blog-slider-big":["https:\/\/infotep.com.ar\/wp-content\/uploads\/2022\/09\/masa-fmi.jpg",900,506,false],"blossom-mommy-blog-slider":["https:\/\/infotep.com.ar\/wp-content\/uploads\/2022\/09\/masa-fmi-460x310.jpg",460,310,true],"blossom-mommy-blog-two":["https:\/\/infotep.com.ar\/wp-content\/uploads\/2022\/09\/masa-fmi-768x480.jpg",768,480,true]},"author_info":{"info":["Angela Tobar"]},"category_info":"<a href=\"https:\/\/infotep.com.ar\/index.php\/category\/nacionales\/\" rel=\"category tag\">Nacionales<\/a>","tag_info":"Nacionales","comment_count":"0","_links":{"self":[{"href":"https:\/\/infotep.com.ar\/index.php\/wp-json\/wp\/v2\/posts\/1242"}],"collection":[{"href":"https:\/\/infotep.com.ar\/index.php\/wp-json\/wp\/v2\/posts"}],"about":[{"href":"https:\/\/infotep.com.ar\/index.php\/wp-json\/wp\/v2\/types\/post"}],"author":[{"embeddable":true,"href":"https:\/\/infotep.com.ar\/index.php\/wp-json\/wp\/v2\/users\/5"}],"replies":[{"embeddable":true,"href":"https:\/\/infotep.com.ar\/index.php\/wp-json\/wp\/v2\/comments?post=1242"}],"version-history":[{"count":1,"href":"https:\/\/infotep.com.ar\/index.php\/wp-json\/wp\/v2\/posts\/1242\/revisions"}],"predecessor-version":[{"id":1244,"href":"https:\/\/infotep.com.ar\/index.php\/wp-json\/wp\/v2\/posts\/1242\/revisions\/1244"}],"wp:featuredmedia":[{"embeddable":true,"href":"https:\/\/infotep.com.ar\/index.php\/wp-json\/wp\/v2\/media\/1243"}],"wp:attachment":[{"href":"https:\/\/infotep.com.ar\/index.php\/wp-json\/wp\/v2\/media?parent=1242"}],"wp:term":[{"taxonomy":"category","embeddable":true,"href":"https:\/\/infotep.com.ar\/index.php\/wp-json\/wp\/v2\/categories?post=1242"},{"taxonomy":"post_tag","embeddable":true,"href":"https:\/\/infotep.com.ar\/index.php\/wp-json\/wp\/v2\/tags?post=1242"}],"curies":[{"name":"wp","href":"https:\/\/api.w.org\/{rel}","templated":true}]}}