{"id":12443,"date":"2024-04-06T01:30:46","date_gmt":"2024-04-06T04:30:46","guid":{"rendered":"https:\/\/infotep.com.ar\/?p=12443"},"modified":"2024-04-06T01:30:47","modified_gmt":"2024-04-06T04:30:47","slug":"estatales-upcn-presento-un-amparo-colectivo-para-revertir-los-despidos-y-amenaza-con-recurrir-a-la-oit","status":"publish","type":"post","link":"https:\/\/infotep.com.ar\/index.php\/2024\/04\/06\/estatales-upcn-presento-un-amparo-colectivo-para-revertir-los-despidos-y-amenaza-con-recurrir-a-la-oit\/","title":{"rendered":"Estatales: UPCN present\u00f3 un amparo colectivo para revertir los despidos y amenaza con recurrir a la OIT"},"content":{"rendered":"\n<p>El gremio de estatales UPCN, que lidera Andr\u00e9s Rodr\u00edguez, present\u00f3 una acci\u00f3n de amparo colectiva ante la Justicia para intentar revertir los despidos que dispuso la administraci\u00f3n del presidente Javier Milei.<br>Adem\u00e1s, el sindicato anticip\u00f3 que podr\u00eda recurrir con una queja a la Organizaci\u00f3n Internacional del Trabajo (OIT) con este reclamo.<\/p>\n\n\n\n<p>\u201cLo m\u00e1s importante es la lucha gremial para oponerse a estos atropellos\u201d, dijo Rodr\u00edguez.<\/p>\n\n\n\n<p>La Uni\u00f3n del Personal Civil de la Naci\u00f3n (UPCN) ven\u00eda teniendo una postura m\u00e1s moderada en el conflicto por los despidos que el otro gremio que agrupa a empleados del sector p\u00fablico ATE, que historicamente tuvo un perfil m\u00e1s combativo.<\/p>\n\n\n\n<p>Con esta acci\u00f3n judicial, el sindicato de Andr\u00e9s Rodr\u00edguez endurece su posici\u00f3n frente a los despidos, que el Gobierno asegura que seguir\u00e1n creciendo.<\/p>\n\n\n\n<p>&#8220;Vamos a pelear por la reivindicaci\u00f3n de nuestros trabajadores que se merecen lo mejor. No se merecen semejante crueldad de echarlos a la calle sin trabajo&#8221;, se quej\u00f3 el secretario general.<\/p>\n\n\n\n<p>Y agreg\u00f3: &#8220;Esto es algo antidemocr\u00e1tico y anticonstitucional y vamos a defender como corresponde a esos trabajadores y tambi\u00e9n nuestros ingresos, a pesar de que ahora estamos perdiendo frente a la inflaci\u00f3n porque ning\u00fan trabajador merece vivir por debajo de la l\u00ednea de pobreza\u201d.<br>Rodr\u00edguez, adem\u00e1s, anticip\u00f3 que \u201cesta pelea va a ser larga\u201d.<\/p>\n\n\n\n<p>\u201cNo aflojemos porque vamos a ir ganando de a poco, batalla tras batalla, hasta verdaderamente tener una justicia social como corresponde para nuestro pueblo\u201d, afirm\u00f3.<\/p>\n","protected":false},"excerpt":{"rendered":"<p>El gremio de estatales UPCN, que lidera Andr&eacute;s Rodr&iacute;guez, present&oacute; una acci&oacute;n de amparo colectiva ante la Justicia para intentar revertir los despidos que dispuso la administraci&oacute;n del presidente Javier Milei.Adem&aacute;s, el sindicato anticip&oacute; que podr&iacute;a recurrir con una queja a la Organizaci&oacute;n Internacional del Trabajo (OIT) con este reclamo. &ldquo;Lo m&aacute;s importante es la &hellip; <\/p>\n","protected":false},"author":5,"featured_media":12444,"comment_status":"closed","ping_status":"closed","sticky":false,"template":"","format":"standard","meta":{"om_disable_all_campaigns":false,"_joinchat":[]},"categories":[7],"tags":[46,43],"featured_image_urls":{"full":["https:\/\/infotep.com.ar\/wp-content\/uploads\/2024\/04\/upcn.webp",320,143,false],"thumbnail":["https:\/\/infotep.com.ar\/wp-content\/uploads\/2024\/04\/upcn-150x143.webp",150,143,true],"medium":["https:\/\/infotep.com.ar\/wp-content\/uploads\/2024\/04\/upcn-300x134.webp",300,134,true],"medium_large":["https:\/\/infotep.com.ar\/wp-content\/uploads\/2024\/04\/upcn.webp",320,143,false],"large":["https:\/\/infotep.com.ar\/wp-content\/uploads\/2024\/04\/upcn.webp",320,143,false],"1536x1536":["https:\/\/infotep.com.ar\/wp-content\/uploads\/2024\/04\/upcn.webp",320,143,false],"2048x2048":["https:\/\/infotep.com.ar\/wp-content\/uploads\/2024\/04\/upcn.webp",320,143,false],"blossom-feminine-slider":["https:\/\/infotep.com.ar\/wp-content\/uploads\/2024\/04\/upcn.webp",320,143,false],"blossom-feminine-featured":["https:\/\/infotep.com.ar\/wp-content\/uploads\/2024\/04\/upcn.webp",320,143,false],"blossom-feminine-with-sidebar":["https:\/\/infotep.com.ar\/wp-content\/uploads\/2024\/04\/upcn.webp",320,143,false],"blossom-feminine-blog":["https:\/\/infotep.com.ar\/wp-content\/uploads\/2024\/04\/upcn.webp",320,143,false],"blossom-feminine-cat":["https:\/\/infotep.com.ar\/wp-content\/uploads\/2024\/04\/upcn.webp",320,143,false],"blossom-feminine-related":["https:\/\/infotep.com.ar\/wp-content\/uploads\/2024\/04\/upcn.webp",320,143,false],"blossom-feminine-schema":["https:\/\/infotep.com.ar\/wp-content\/uploads\/2024\/04\/upcn-134x60.webp",134,60,true],"blossom-mommy-blog-slider-big":["https:\/\/infotep.com.ar\/wp-content\/uploads\/2024\/04\/upcn.webp",320,143,false],"blossom-mommy-blog-slider":["https:\/\/infotep.com.ar\/wp-content\/uploads\/2024\/04\/upcn.webp",320,143,false],"blossom-mommy-blog-two":["https:\/\/infotep.com.ar\/wp-content\/uploads\/2024\/04\/upcn.webp",320,143,false]},"author_info":{"info":["Angela Tobar"]},"category_info":"<a href=\"https:\/\/infotep.com.ar\/index.php\/category\/gremios\/\" rel=\"category tag\">Gremios<\/a>","tag_info":"Gremios","comment_count":"0","_links":{"self":[{"href":"https:\/\/infotep.com.ar\/index.php\/wp-json\/wp\/v2\/posts\/12443"}],"collection":[{"href":"https:\/\/infotep.com.ar\/index.php\/wp-json\/wp\/v2\/posts"}],"about":[{"href":"https:\/\/infotep.com.ar\/index.php\/wp-json\/wp\/v2\/types\/post"}],"author":[{"embeddable":true,"href":"https:\/\/infotep.com.ar\/index.php\/wp-json\/wp\/v2\/users\/5"}],"replies":[{"embeddable":true,"href":"https:\/\/infotep.com.ar\/index.php\/wp-json\/wp\/v2\/comments?post=12443"}],"version-history":[{"count":1,"href":"https:\/\/infotep.com.ar\/index.php\/wp-json\/wp\/v2\/posts\/12443\/revisions"}],"predecessor-version":[{"id":12445,"href":"https:\/\/infotep.com.ar\/index.php\/wp-json\/wp\/v2\/posts\/12443\/revisions\/12445"}],"wp:featuredmedia":[{"embeddable":true,"href":"https:\/\/infotep.com.ar\/index.php\/wp-json\/wp\/v2\/media\/12444"}],"wp:attachment":[{"href":"https:\/\/infotep.com.ar\/index.php\/wp-json\/wp\/v2\/media?parent=12443"}],"wp:term":[{"taxonomy":"category","embeddable":true,"href":"https:\/\/infotep.com.ar\/index.php\/wp-json\/wp\/v2\/categories?post=12443"},{"taxonomy":"post_tag","embeddable":true,"href":"https:\/\/infotep.com.ar\/index.php\/wp-json\/wp\/v2\/tags?post=12443"}],"curies":[{"name":"wp","href":"https:\/\/api.w.org\/{rel}","templated":true}]}}