{"id":1249,"date":"2022-09-19T14:49:00","date_gmt":"2022-09-19T17:49:00","guid":{"rendered":"https:\/\/infotep.com.ar\/?p=1249"},"modified":"2022-09-19T16:51:54","modified_gmt":"2022-09-19T19:51:54","slug":"la-unlam-presente-en-la-xv-feria-municipal-del-libro-de-la-matanza","status":"publish","type":"post","link":"https:\/\/infotep.com.ar\/index.php\/2022\/09\/19\/la-unlam-presente-en-la-xv-feria-municipal-del-libro-de-la-matanza\/","title":{"rendered":"La UNLaM presente en la XV Feria Municipal del Libro de La Matanza"},"content":{"rendered":"\n<p>En el marco de una nueva edici\u00f3n de la Feria Municipal del Libro, la Universidad Nacional de La Matanza (UNLaM) contar\u00e1 con un stand propio, el N\u00b02, donde se llevar\u00e1n a cabo diversas actividades impulsadas por el Departamento de Actividades Socioculturales y Extracurriculares, perteneciente a la Secretar\u00eda de Extensi\u00f3n Universitaria, desde el 16 hasta el 24 de septiembre.<\/p>\n\n\n\n<p>Entre los eventos que ofrece el stand de la Universidad se destacan, \u201cLecturas Marcianas\u201d por Marcela Cabrera con actividad participativa, sumada a la presentaci\u00f3n de su libro \u201cMarte\u201d, el lunes 19 a las 16, posteriormente para las 17 Juan Manuel Corbera, Jorge Medrano y C\u00e9sar Cejas llevar\u00e1n adelante \u201cLatinoam\u00e9rica: Declaraciones Po\u00e9tica\u201d, m\u00e1s una actividad a micr\u00f3fono abierto.<\/p>\n\n\n\n<p>El jueves 22 a las 16 se concretar\u00e1 un espacio de narraci\u00f3n oral, a cargo de Adriana Pidoto \u201cDecir la literatura &#8211; Ejercicio de narraci\u00f3n oral: La fiesta ajena de Liliana Heker\u201d, luego para las 17 se realizar\u00e1 un Taller de Poes\u00eda para todas las edades, impulsado por Mar\u00eda Cecilia Carballo, y de manera de cierre, a las 18 Adriana Pidoto estar\u00e1 a cargo de un espacio de lectura y an\u00e1lisis literario denominado \u201cInterpretar La Literatura: Casa tomada de Julio Cort\u00e1zar\u201d.<\/p>\n\n\n\n<p>Por \u00faltimo, el viernes 23 a las 14 se efectuar\u00e1 un Homenaje a Laura Devetach, llamado \u201cQueremos tanto a Laura\u201d, donde Pidoto har\u00e1 una narraci\u00f3n oral de sus cuentos &#8220;La torre de cubos&#8221; y &#8220;La planta de Bartolo&#8221;, en el Auditorio infantil.<\/p>\n","protected":false},"excerpt":{"rendered":"<p>En el marco de una nueva edici&oacute;n de la Feria Municipal del Libro, la Universidad Nacional de La Matanza (UNLaM) contar&aacute; con un stand propio, el N&deg;2, donde se llevar&aacute;n a cabo diversas actividades impulsadas por el Departamento de Actividades Socioculturales y Extracurriculares, perteneciente a la Secretar&iacute;a de Extensi&oacute;n Universitaria, desde el 16 hasta el &hellip; <\/p>\n","protected":false},"author":5,"featured_media":1250,"comment_status":"closed","ping_status":"closed","sticky":false,"template":"","format":"standard","meta":{"om_disable_all_campaigns":false,"_joinchat":[]},"categories":[26,6],"tags":[103,46,59,43,66],"featured_image_urls":{"full":["https:\/\/infotep.com.ar\/wp-content\/uploads\/2022\/09\/unnamed.jpg",1200,800,false],"thumbnail":["https:\/\/infotep.com.ar\/wp-content\/uploads\/2022\/09\/unnamed-150x150.jpg",150,150,true],"medium":["https:\/\/infotep.com.ar\/wp-content\/uploads\/2022\/09\/unnamed-300x200.jpg",300,200,true],"medium_large":["https:\/\/infotep.com.ar\/wp-content\/uploads\/2022\/09\/unnamed-768x512.jpg",768,512,true],"large":["https:\/\/infotep.com.ar\/wp-content\/uploads\/2022\/09\/unnamed-1024x683.jpg",1020,680,true],"1536x1536":["https:\/\/infotep.com.ar\/wp-content\/uploads\/2022\/09\/unnamed.jpg",1200,800,false],"2048x2048":["https:\/\/infotep.com.ar\/wp-content\/uploads\/2022\/09\/unnamed.jpg",1200,800,false],"blossom-feminine-slider":["https:\/\/infotep.com.ar\/wp-content\/uploads\/2022\/09\/unnamed-1200x649.jpg",1200,649,true],"blossom-feminine-featured":["https:\/\/infotep.com.ar\/wp-content\/uploads\/2022\/09\/unnamed-1200x600.jpg",1200,600,true],"blossom-feminine-with-sidebar":["https:\/\/infotep.com.ar\/wp-content\/uploads\/2022\/09\/unnamed-1020x600.jpg",1020,600,true],"blossom-feminine-blog":["https:\/\/infotep.com.ar\/wp-content\/uploads\/2022\/09\/unnamed-435x435.jpg",435,435,true],"blossom-feminine-cat":["https:\/\/infotep.com.ar\/wp-content\/uploads\/2022\/09\/unnamed-450x300.jpg",450,300,true],"blossom-feminine-related":["https:\/\/infotep.com.ar\/wp-content\/uploads\/2022\/09\/unnamed-320x200.jpg",320,200,true],"blossom-feminine-schema":["https:\/\/infotep.com.ar\/wp-content\/uploads\/2022\/09\/unnamed-90x60.jpg",90,60,true],"blossom-mommy-blog-slider-big":["https:\/\/infotep.com.ar\/wp-content\/uploads\/2022\/09\/unnamed-920x650.jpg",920,650,true],"blossom-mommy-blog-slider":["https:\/\/infotep.com.ar\/wp-content\/uploads\/2022\/09\/unnamed-460x310.jpg",460,310,true],"blossom-mommy-blog-two":["https:\/\/infotep.com.ar\/wp-content\/uploads\/2022\/09\/unnamed-768x480.jpg",768,480,true]},"author_info":{"info":["Angela Tobar"]},"category_info":"<a href=\"https:\/\/infotep.com.ar\/index.php\/category\/municipales\/la-matanza\/\" rel=\"category tag\">La Matanza<\/a> <a href=\"https:\/\/infotep.com.ar\/index.php\/category\/universitarias\/\" rel=\"category tag\">Universitarias<\/a>","tag_info":"Universitarias","comment_count":"0","_links":{"self":[{"href":"https:\/\/infotep.com.ar\/index.php\/wp-json\/wp\/v2\/posts\/1249"}],"collection":[{"href":"https:\/\/infotep.com.ar\/index.php\/wp-json\/wp\/v2\/posts"}],"about":[{"href":"https:\/\/infotep.com.ar\/index.php\/wp-json\/wp\/v2\/types\/post"}],"author":[{"embeddable":true,"href":"https:\/\/infotep.com.ar\/index.php\/wp-json\/wp\/v2\/users\/5"}],"replies":[{"embeddable":true,"href":"https:\/\/infotep.com.ar\/index.php\/wp-json\/wp\/v2\/comments?post=1249"}],"version-history":[{"count":1,"href":"https:\/\/infotep.com.ar\/index.php\/wp-json\/wp\/v2\/posts\/1249\/revisions"}],"predecessor-version":[{"id":1251,"href":"https:\/\/infotep.com.ar\/index.php\/wp-json\/wp\/v2\/posts\/1249\/revisions\/1251"}],"wp:featuredmedia":[{"embeddable":true,"href":"https:\/\/infotep.com.ar\/index.php\/wp-json\/wp\/v2\/media\/1250"}],"wp:attachment":[{"href":"https:\/\/infotep.com.ar\/index.php\/wp-json\/wp\/v2\/media?parent=1249"}],"wp:term":[{"taxonomy":"category","embeddable":true,"href":"https:\/\/infotep.com.ar\/index.php\/wp-json\/wp\/v2\/categories?post=1249"},{"taxonomy":"post_tag","embeddable":true,"href":"https:\/\/infotep.com.ar\/index.php\/wp-json\/wp\/v2\/tags?post=1249"}],"curies":[{"name":"wp","href":"https:\/\/api.w.org\/{rel}","templated":true}]}}