{"id":12566,"date":"2024-04-10T21:02:33","date_gmt":"2024-04-11T00:02:33","guid":{"rendered":"https:\/\/infotep.com.ar\/?p=12566"},"modified":"2024-04-10T21:02:34","modified_gmt":"2024-04-11T00:02:34","slug":"los-colectiveros-que-no-cobren-el-aumento-van-al-paro-desde-la-medianoche","status":"publish","type":"post","link":"https:\/\/infotep.com.ar\/index.php\/2024\/04\/10\/los-colectiveros-que-no-cobren-el-aumento-van-al-paro-desde-la-medianoche\/","title":{"rendered":"Los colectiveros que no cobren el aumento van al paro desde la medianoche"},"content":{"rendered":"\n<p>Este jueves 11 de abril habr\u00e1 l\u00edneas de colectivos que no saldr\u00e1n a realizar sus recorridos habituales en el \u00c1rea Metropolitana de Buenos Aires (AMBA), por una retenci\u00f3n de tareas, confirmada por la Uni\u00f3n Tranviarios Automotor (UTA).<br><br>Lo \u00fanico que podr\u00eda evitar esta situaci\u00f3n ser\u00eda el dep\u00f3sito de las sumas que los trabajadores les reclaman a las empresas como parte de un aumento salarial.<\/p>\n\n\n\n<p><strong>Sin embargo, los empresarios ya confirmaron que no est\u00e1n en condiciones de afrontar ese pago. En consecuencia, se espera que el paro de colectivos sea un hecho.<\/strong><\/p>\n\n\n\n<p>El vocero del gremio, Mario Calegari, explic\u00f3 que \u201csi aparece la plata estamos dispuestos a trabajar\u201d, en declaraciones a TN.<\/p>\n\n\n\n<p>Desde la comisi\u00f3n directiva del gremio expican que hay m\u00e1s de 400 l\u00edneas, gestionadas por empresas agrupadas en cinco c\u00e1maras, AAETA, CEAP,CETUBA,CTPBA y CEUTUPBA. En ellas se trasladan 9 millones de pasajeros.<\/p>\n\n\n\n<p><strong>Los choferes acudir\u00e1n a sus lugares de trabajo, pero esperar\u00e1n el dep\u00f3sito de las sumas que reclaman, de lo contrario, los recorridos no saldr\u00e1n.<\/strong><\/p>\n\n\n\n<p><strong>Desde el sector empresario, en tanto, reafirmaron, que no hay sumas adeudadas y subrayaron que quien no trabaje, \u201cadem\u00e1s de las sanciones que puedan corresponder por falta injustificada\u201d, no cobrar\u00e1 su salario completo.<\/strong><\/p>\n\n\n\n<p>Toda la situaci\u00f3n deriv\u00f3 del \u00faltimo encuentro, v\u00eda Zoom, entre los representantes de la UTA, las c\u00e1maras empresarias y la Secretar\u00eda de Transporte de la Naci\u00f3n. All\u00ed todos ratificaron sus posiciones.<\/p>\n","protected":false},"excerpt":{"rendered":"<p>Este jueves 11 de abril habr&aacute; l&iacute;neas de colectivos que no saldr&aacute;n a realizar sus recorridos habituales en el &Aacute;rea Metropolitana de Buenos Aires (AMBA), por una retenci&oacute;n de tareas, confirmada por la Uni&oacute;n Tranviarios Automotor (UTA). Lo &uacute;nico que podr&iacute;a evitar esta situaci&oacute;n ser&iacute;a el dep&oacute;sito de las sumas que los trabajadores les reclaman &hellip; <\/p>\n","protected":false},"author":5,"featured_media":10995,"comment_status":"closed","ping_status":"closed","sticky":false,"template":"","format":"standard","meta":{"om_disable_all_campaigns":false,"_joinchat":[]},"categories":[31,7],"tags":[46,455,43],"featured_image_urls":{"full":["https:\/\/infotep.com.ar\/wp-content\/uploads\/2024\/02\/colectivo.jpg",1200,675,false],"thumbnail":["https:\/\/infotep.com.ar\/wp-content\/uploads\/2024\/02\/colectivo-150x150.jpg",150,150,true],"medium":["https:\/\/infotep.com.ar\/wp-content\/uploads\/2024\/02\/colectivo-300x169.jpg",300,169,true],"medium_large":["https:\/\/infotep.com.ar\/wp-content\/uploads\/2024\/02\/colectivo-768x432.jpg",768,432,true],"large":["https:\/\/infotep.com.ar\/wp-content\/uploads\/2024\/02\/colectivo-1024x576.jpg",1020,574,true],"1536x1536":["https:\/\/infotep.com.ar\/wp-content\/uploads\/2024\/02\/colectivo.jpg",1200,675,false],"2048x2048":["https:\/\/infotep.com.ar\/wp-content\/uploads\/2024\/02\/colectivo.jpg",1200,675,false],"blossom-feminine-slider":["https:\/\/infotep.com.ar\/wp-content\/uploads\/2024\/02\/colectivo-1200x649.jpg",1200,649,true],"blossom-feminine-featured":["https:\/\/infotep.com.ar\/wp-content\/uploads\/2024\/02\/colectivo-1200x600.jpg",1200,600,true],"blossom-feminine-with-sidebar":["https:\/\/infotep.com.ar\/wp-content\/uploads\/2024\/02\/colectivo-1020x600.jpg",1020,600,true],"blossom-feminine-blog":["https:\/\/infotep.com.ar\/wp-content\/uploads\/2024\/02\/colectivo-435x435.jpg",435,435,true],"blossom-feminine-cat":["https:\/\/infotep.com.ar\/wp-content\/uploads\/2024\/02\/colectivo-450x300.jpg",450,300,true],"blossom-feminine-related":["https:\/\/infotep.com.ar\/wp-content\/uploads\/2024\/02\/colectivo-320x200.jpg",320,200,true],"blossom-feminine-schema":["https:\/\/infotep.com.ar\/wp-content\/uploads\/2024\/02\/colectivo-107x60.jpg",107,60,true],"blossom-mommy-blog-slider-big":["https:\/\/infotep.com.ar\/wp-content\/uploads\/2024\/02\/colectivo-920x650.jpg",920,650,true],"blossom-mommy-blog-slider":["https:\/\/infotep.com.ar\/wp-content\/uploads\/2024\/02\/colectivo-460x310.jpg",460,310,true],"blossom-mommy-blog-two":["https:\/\/infotep.com.ar\/wp-content\/uploads\/2024\/02\/colectivo-768x480.jpg",768,480,true]},"author_info":{"info":["Angela Tobar"]},"category_info":"<a href=\"https:\/\/infotep.com.ar\/index.php\/category\/destacadas\/\" rel=\"category tag\">Destacadas<\/a> <a href=\"https:\/\/infotep.com.ar\/index.php\/category\/gremios\/\" rel=\"category tag\">Gremios<\/a>","tag_info":"Gremios","comment_count":"0","_links":{"self":[{"href":"https:\/\/infotep.com.ar\/index.php\/wp-json\/wp\/v2\/posts\/12566"}],"collection":[{"href":"https:\/\/infotep.com.ar\/index.php\/wp-json\/wp\/v2\/posts"}],"about":[{"href":"https:\/\/infotep.com.ar\/index.php\/wp-json\/wp\/v2\/types\/post"}],"author":[{"embeddable":true,"href":"https:\/\/infotep.com.ar\/index.php\/wp-json\/wp\/v2\/users\/5"}],"replies":[{"embeddable":true,"href":"https:\/\/infotep.com.ar\/index.php\/wp-json\/wp\/v2\/comments?post=12566"}],"version-history":[{"count":1,"href":"https:\/\/infotep.com.ar\/index.php\/wp-json\/wp\/v2\/posts\/12566\/revisions"}],"predecessor-version":[{"id":12567,"href":"https:\/\/infotep.com.ar\/index.php\/wp-json\/wp\/v2\/posts\/12566\/revisions\/12567"}],"wp:featuredmedia":[{"embeddable":true,"href":"https:\/\/infotep.com.ar\/index.php\/wp-json\/wp\/v2\/media\/10995"}],"wp:attachment":[{"href":"https:\/\/infotep.com.ar\/index.php\/wp-json\/wp\/v2\/media?parent=12566"}],"wp:term":[{"taxonomy":"category","embeddable":true,"href":"https:\/\/infotep.com.ar\/index.php\/wp-json\/wp\/v2\/categories?post=12566"},{"taxonomy":"post_tag","embeddable":true,"href":"https:\/\/infotep.com.ar\/index.php\/wp-json\/wp\/v2\/tags?post=12566"}],"curies":[{"name":"wp","href":"https:\/\/api.w.org\/{rel}","templated":true}]}}