{"id":12653,"date":"2024-04-15T14:48:36","date_gmt":"2024-04-15T17:48:36","guid":{"rendered":"https:\/\/infotep.com.ar\/?p=12653"},"modified":"2024-04-15T14:48:37","modified_gmt":"2024-04-15T17:48:37","slug":"reforma-laboral-trabajo-dio-detalles-de-lo-que-enviara-con-la-ley-bases","status":"publish","type":"post","link":"https:\/\/infotep.com.ar\/index.php\/2024\/04\/15\/reforma-laboral-trabajo-dio-detalles-de-lo-que-enviara-con-la-ley-bases\/","title":{"rendered":"Reforma Laboral: Trabajo dio detalles de lo que enviar\u00e1 con la Ley Bases"},"content":{"rendered":"\n<p>Julio Cordero, el secretario de Trabajo, dijo que la generaci\u00f3n de trabajo es uno de los puntos fundamentales.<br><br>El secretario de Trabajo brind\u00f3 detalles sobre el contenido del proyecto de reforma laboral que se presentar\u00e1 en la nueva Ley de Bases y que ser\u00eda enviada al Congreso en los pr\u00f3ximos d\u00edas.<\/p>\n\n\n\n<p>El funcionario explic\u00f3 que se incluir\u00e1 \u201ctodo lo que que conten\u00eda el DNU\u201d y que la mayor\u00eda de los partidos pol\u00edticos est\u00e1n a favor de la modernizaci\u00f3n, que el secretario prefiri\u00f3 definir como \u201cmejora laboral\u201d ya que \u201cno se est\u00e1 cercenando ning\u00fan derecho\u201d.<\/p>\n\n\n\n<p>\u201cTenemos dos puntos fundamentales. El primero es acompa\u00f1ar la baja inflacionaria. Y el segundo, la generaci\u00f3n de empleo\u201d, explic\u00f3 Cordero en di\u00e1logo LN+.<\/p>\n\n\n\n<p>\u201cQuisi\u00e9ramos enviar un proyecto que acompa\u00f1e la ley de Bases y que est\u00e9 subido al Pacto del 25 de Mayo. Ese proyecto tiene todo el contenido del DNU y el contenido de lo que estaba en la ley de Bases como el blanqueo y la moratoria previsional\u201d, detall\u00f3<\/p>\n\n\n\n<p>\u201cLa modernizaci\u00f3n es tan potente que es acompa\u00f1ada por las fuerzas pol\u00edticas\u201d. \u201cEl proyecto del radicalismo va en l\u00ednea con lo presentado por el Gobierno. Por eso diversas fuerzas se suman, pero todos piensan lo mismo. Hay incluso proyectos m\u00e1s en\u00e9rgicos\u201d, explic\u00f3 el abogado laborista.<\/p>\n\n\n\n<p>\u201cLos argentinos estamos haciendo un esfuerzo hist\u00f3rico incalculable. Todos se despiertan para ir a trabajar y hacen un gran esfuerzo para combatir la inflaci\u00f3n. La batalla cultural est\u00e1 siendo cada vez m\u00e1s visible y el trabajo dignifica a la persona. Va m\u00e1s all\u00e1 de las personas. Es un camino que avanza y no va a cesar. Todos los actores est\u00e1n entendiendo todo esto\u201d, evalu\u00f3.<\/p>\n","protected":false},"excerpt":{"rendered":"<p>Julio Cordero, el secretario de Trabajo, dijo que la generaci&oacute;n de trabajo es uno de los puntos fundamentales. El secretario de Trabajo brind&oacute; detalles sobre el contenido del proyecto de reforma laboral que se presentar&aacute; en la nueva Ley de Bases y que ser&iacute;a enviada al Congreso en los pr&oacute;ximos d&iacute;as. El funcionario explic&oacute; que &hellip; <\/p>\n","protected":false},"author":5,"featured_media":10989,"comment_status":"closed","ping_status":"closed","sticky":false,"template":"","format":"standard","meta":{"om_disable_all_campaigns":false,"_joinchat":[]},"categories":[3],"tags":[46,43],"featured_image_urls":{"full":["https:\/\/infotep.com.ar\/wp-content\/uploads\/2024\/02\/congreso.jpg",1200,675,false],"thumbnail":["https:\/\/infotep.com.ar\/wp-content\/uploads\/2024\/02\/congreso-150x150.jpg",150,150,true],"medium":["https:\/\/infotep.com.ar\/wp-content\/uploads\/2024\/02\/congreso-300x169.jpg",300,169,true],"medium_large":["https:\/\/infotep.com.ar\/wp-content\/uploads\/2024\/02\/congreso-768x432.jpg",768,432,true],"large":["https:\/\/infotep.com.ar\/wp-content\/uploads\/2024\/02\/congreso-1024x576.jpg",1020,574,true],"1536x1536":["https:\/\/infotep.com.ar\/wp-content\/uploads\/2024\/02\/congreso.jpg",1200,675,false],"2048x2048":["https:\/\/infotep.com.ar\/wp-content\/uploads\/2024\/02\/congreso.jpg",1200,675,false],"blossom-feminine-slider":["https:\/\/infotep.com.ar\/wp-content\/uploads\/2024\/02\/congreso-1200x649.jpg",1200,649,true],"blossom-feminine-featured":["https:\/\/infotep.com.ar\/wp-content\/uploads\/2024\/02\/congreso-1200x600.jpg",1200,600,true],"blossom-feminine-with-sidebar":["https:\/\/infotep.com.ar\/wp-content\/uploads\/2024\/02\/congreso-1020x600.jpg",1020,600,true],"blossom-feminine-blog":["https:\/\/infotep.com.ar\/wp-content\/uploads\/2024\/02\/congreso-435x435.jpg",435,435,true],"blossom-feminine-cat":["https:\/\/infotep.com.ar\/wp-content\/uploads\/2024\/02\/congreso-450x300.jpg",450,300,true],"blossom-feminine-related":["https:\/\/infotep.com.ar\/wp-content\/uploads\/2024\/02\/congreso-320x200.jpg",320,200,true],"blossom-feminine-schema":["https:\/\/infotep.com.ar\/wp-content\/uploads\/2024\/02\/congreso-107x60.jpg",107,60,true],"blossom-mommy-blog-slider-big":["https:\/\/infotep.com.ar\/wp-content\/uploads\/2024\/02\/congreso-920x650.jpg",920,650,true],"blossom-mommy-blog-slider":["https:\/\/infotep.com.ar\/wp-content\/uploads\/2024\/02\/congreso-460x310.jpg",460,310,true],"blossom-mommy-blog-two":["https:\/\/infotep.com.ar\/wp-content\/uploads\/2024\/02\/congreso-768x480.jpg",768,480,true]},"author_info":{"info":["Angela Tobar"]},"category_info":"<a href=\"https:\/\/infotep.com.ar\/index.php\/category\/nacionales\/\" rel=\"category tag\">Nacionales<\/a>","tag_info":"Nacionales","comment_count":"0","_links":{"self":[{"href":"https:\/\/infotep.com.ar\/index.php\/wp-json\/wp\/v2\/posts\/12653"}],"collection":[{"href":"https:\/\/infotep.com.ar\/index.php\/wp-json\/wp\/v2\/posts"}],"about":[{"href":"https:\/\/infotep.com.ar\/index.php\/wp-json\/wp\/v2\/types\/post"}],"author":[{"embeddable":true,"href":"https:\/\/infotep.com.ar\/index.php\/wp-json\/wp\/v2\/users\/5"}],"replies":[{"embeddable":true,"href":"https:\/\/infotep.com.ar\/index.php\/wp-json\/wp\/v2\/comments?post=12653"}],"version-history":[{"count":1,"href":"https:\/\/infotep.com.ar\/index.php\/wp-json\/wp\/v2\/posts\/12653\/revisions"}],"predecessor-version":[{"id":12654,"href":"https:\/\/infotep.com.ar\/index.php\/wp-json\/wp\/v2\/posts\/12653\/revisions\/12654"}],"wp:featuredmedia":[{"embeddable":true,"href":"https:\/\/infotep.com.ar\/index.php\/wp-json\/wp\/v2\/media\/10989"}],"wp:attachment":[{"href":"https:\/\/infotep.com.ar\/index.php\/wp-json\/wp\/v2\/media?parent=12653"}],"wp:term":[{"taxonomy":"category","embeddable":true,"href":"https:\/\/infotep.com.ar\/index.php\/wp-json\/wp\/v2\/categories?post=12653"},{"taxonomy":"post_tag","embeddable":true,"href":"https:\/\/infotep.com.ar\/index.php\/wp-json\/wp\/v2\/tags?post=12653"}],"curies":[{"name":"wp","href":"https:\/\/api.w.org\/{rel}","templated":true}]}}