{"id":12696,"date":"2024-04-16T01:32:00","date_gmt":"2024-04-16T04:32:00","guid":{"rendered":"https:\/\/infotep.com.ar\/?p=12696"},"modified":"2024-04-15T23:35:14","modified_gmt":"2024-04-16T02:35:14","slug":"la-matanza-carrera-conmemorativa-por-los-heroes-de-malvinas","status":"publish","type":"post","link":"https:\/\/infotep.com.ar\/index.php\/2024\/04\/16\/la-matanza-carrera-conmemorativa-por-los-heroes-de-malvinas\/","title":{"rendered":"La Matanza: Carrera conmemorativa por los H\u00e9roes de Malvinas"},"content":{"rendered":"\n<p>Se realiza la tercera edici\u00f3n de la Carrera conmemorativa H\u00e9roes de Malvinas. Ser\u00e1 el pr\u00f3ximo domingo 21 de abril a las 8 horas en el Polideportivo Ateneo Don Bosco de Ramos Mej\u00eda. Ser\u00e1 una jornada deportiva para mantener activa la memoria.<\/p>\n\n\n\n<p>La participaci\u00f3n es libre y gratuita. Para inscripciones, deber\u00e1n ingresar a trav\u00e9s del siguiente link y completar el formulario: <a href=\"https:\/\/forms.gle\/P9Sxcy8SsHaw78GM8\" target=\"_blank\" rel=\"noreferrer noopener\">https:\/\/forms.gle\/P9Sxcy8SsHaw78GM8<\/a>.<\/p>\n\n\n\n<p>Hay tiempo hasta este martes 16 de abril a las 13 horas.<\/p>\n\n\n\n<p>Habr\u00e1 entrega de remeras para las primeras inscripciones. Al completar y enviar el formulario ya est\u00e1 confirmada la participaci\u00f3n en la carrera. El martes 16, tras el cierre de la inscripci\u00f3n, se informar\u00e1 v\u00eda correo electr\u00f3nico a quienes est\u00e9n dentro de los primeros anotados para pasar a retirar el cup\u00f3n para que el d\u00eda de la carrera puedan llevarse la remera.<\/p>\n\n\n\n<p>El punto de partida ser\u00e1 el Centro de Veteranos de La Matanza que se encuentra en el Polideportivo Ateneo Don Bosco y est\u00e1 ubicado en Humboldt y Bol\u00edvar, Ramos Mej\u00eda.<\/p>\n\n\n\n<p>Cronograma para el d\u00eda de la carrera:<\/p>\n\n\n\n<p>8 horas: entrega de remeras con cup\u00f3n en mano (se retira una remera por persona, con talles sujetos a disponibilidad de stock).<\/p>\n\n\n\n<p>9 horas: entrada en calor.<\/p>\n\n\n\n<p>9.30 horas: largada de 5k Competitivo \/ Participativo.<\/p>\n\n\n\n<p>A continuaci\u00f3n, largada de 1k Kids \/ Participativo.<\/p>\n\n\n\n<p>Luego de la competencia, se har\u00e1 la premiaci\u00f3n.<\/p>\n\n\n\n<p>En caso de suspensi\u00f3n o por cualquier novedad de la carrera, se informar\u00e1 por medio de las redes oficiales de la Secretar\u00eda de Deportes: Instagram o Facebook como @deportesmatanza<\/p>\n\n\n\n<p>Adem\u00e1s de promover el deporte y la actividad f\u00edsica, esta carrera brinda la oportunidad de recordar y honrar a los h\u00e9roes de Malvinas. Es un momento para reflexionar sobre su sacrificio y valor, y para reconocer el trabajo conjunto del Municipio, los veteranos y la comunidad en la concientizaci\u00f3n sobre este importante episodio hist\u00f3rico. El deporte se convierte as\u00ed en un veh\u00edculo para mantener viva la memoria y los valores que representan nuestros h\u00e9roes.<\/p>\n","protected":false},"excerpt":{"rendered":"<p>Se realiza la tercera edici&oacute;n de la Carrera conmemorativa H&eacute;roes de Malvinas. Ser&aacute; el pr&oacute;ximo domingo 21 de abril a las 8 horas en el Polideportivo Ateneo Don Bosco de Ramos Mej&iacute;a. Ser&aacute; una jornada deportiva para mantener activa la memoria. La participaci&oacute;n es libre y gratuita. Para inscripciones, deber&aacute;n ingresar a trav&eacute;s del siguiente &hellip; <\/p>\n","protected":false},"author":5,"featured_media":12697,"comment_status":"closed","ping_status":"closed","sticky":false,"template":"","format":"standard","meta":{"om_disable_all_campaigns":false,"_joinchat":[]},"categories":[31,26],"tags":[46,59,43],"featured_image_urls":{"full":["https:\/\/infotep.com.ar\/wp-content\/uploads\/2024\/04\/vetaranos-malvinas-la-matanza.jpg",321,157,false],"thumbnail":["https:\/\/infotep.com.ar\/wp-content\/uploads\/2024\/04\/vetaranos-malvinas-la-matanza-150x150.jpg",150,150,true],"medium":["https:\/\/infotep.com.ar\/wp-content\/uploads\/2024\/04\/vetaranos-malvinas-la-matanza-300x147.jpg",300,147,true],"medium_large":["https:\/\/infotep.com.ar\/wp-content\/uploads\/2024\/04\/vetaranos-malvinas-la-matanza.jpg",321,157,false],"large":["https:\/\/infotep.com.ar\/wp-content\/uploads\/2024\/04\/vetaranos-malvinas-la-matanza.jpg",321,157,false],"1536x1536":["https:\/\/infotep.com.ar\/wp-content\/uploads\/2024\/04\/vetaranos-malvinas-la-matanza.jpg",321,157,false],"2048x2048":["https:\/\/infotep.com.ar\/wp-content\/uploads\/2024\/04\/vetaranos-malvinas-la-matanza.jpg",321,157,false],"blossom-feminine-slider":["https:\/\/infotep.com.ar\/wp-content\/uploads\/2024\/04\/vetaranos-malvinas-la-matanza.jpg",321,157,false],"blossom-feminine-featured":["https:\/\/infotep.com.ar\/wp-content\/uploads\/2024\/04\/vetaranos-malvinas-la-matanza.jpg",321,157,false],"blossom-feminine-with-sidebar":["https:\/\/infotep.com.ar\/wp-content\/uploads\/2024\/04\/vetaranos-malvinas-la-matanza.jpg",321,157,false],"blossom-feminine-blog":["https:\/\/infotep.com.ar\/wp-content\/uploads\/2024\/04\/vetaranos-malvinas-la-matanza.jpg",321,157,false],"blossom-feminine-cat":["https:\/\/infotep.com.ar\/wp-content\/uploads\/2024\/04\/vetaranos-malvinas-la-matanza.jpg",321,157,false],"blossom-feminine-related":["https:\/\/infotep.com.ar\/wp-content\/uploads\/2024\/04\/vetaranos-malvinas-la-matanza.jpg",320,157,false],"blossom-feminine-schema":["https:\/\/infotep.com.ar\/wp-content\/uploads\/2024\/04\/vetaranos-malvinas-la-matanza-123x60.jpg",123,60,true],"blossom-mommy-blog-slider-big":["https:\/\/infotep.com.ar\/wp-content\/uploads\/2024\/04\/vetaranos-malvinas-la-matanza.jpg",321,157,false],"blossom-mommy-blog-slider":["https:\/\/infotep.com.ar\/wp-content\/uploads\/2024\/04\/vetaranos-malvinas-la-matanza.jpg",321,157,false],"blossom-mommy-blog-two":["https:\/\/infotep.com.ar\/wp-content\/uploads\/2024\/04\/vetaranos-malvinas-la-matanza.jpg",321,157,false]},"author_info":{"info":["Angela Tobar"]},"category_info":"<a href=\"https:\/\/infotep.com.ar\/index.php\/category\/destacadas\/\" rel=\"category tag\">Destacadas<\/a> <a href=\"https:\/\/infotep.com.ar\/index.php\/category\/municipales\/la-matanza\/\" rel=\"category tag\">La Matanza<\/a>","tag_info":"La Matanza","comment_count":"0","_links":{"self":[{"href":"https:\/\/infotep.com.ar\/index.php\/wp-json\/wp\/v2\/posts\/12696"}],"collection":[{"href":"https:\/\/infotep.com.ar\/index.php\/wp-json\/wp\/v2\/posts"}],"about":[{"href":"https:\/\/infotep.com.ar\/index.php\/wp-json\/wp\/v2\/types\/post"}],"author":[{"embeddable":true,"href":"https:\/\/infotep.com.ar\/index.php\/wp-json\/wp\/v2\/users\/5"}],"replies":[{"embeddable":true,"href":"https:\/\/infotep.com.ar\/index.php\/wp-json\/wp\/v2\/comments?post=12696"}],"version-history":[{"count":1,"href":"https:\/\/infotep.com.ar\/index.php\/wp-json\/wp\/v2\/posts\/12696\/revisions"}],"predecessor-version":[{"id":12698,"href":"https:\/\/infotep.com.ar\/index.php\/wp-json\/wp\/v2\/posts\/12696\/revisions\/12698"}],"wp:featuredmedia":[{"embeddable":true,"href":"https:\/\/infotep.com.ar\/index.php\/wp-json\/wp\/v2\/media\/12697"}],"wp:attachment":[{"href":"https:\/\/infotep.com.ar\/index.php\/wp-json\/wp\/v2\/media?parent=12696"}],"wp:term":[{"taxonomy":"category","embeddable":true,"href":"https:\/\/infotep.com.ar\/index.php\/wp-json\/wp\/v2\/categories?post=12696"},{"taxonomy":"post_tag","embeddable":true,"href":"https:\/\/infotep.com.ar\/index.php\/wp-json\/wp\/v2\/tags?post=12696"}],"curies":[{"name":"wp","href":"https:\/\/api.w.org\/{rel}","templated":true}]}}