{"id":12711,"date":"2024-04-16T04:19:00","date_gmt":"2024-04-16T07:19:00","guid":{"rendered":"https:\/\/infotep.com.ar\/?p=12711"},"modified":"2024-04-16T16:21:03","modified_gmt":"2024-04-16T19:21:03","slug":"cayo-el-segundo-sospechoso-por-el-crimen-de-lucrecia-arias-en-castelar","status":"publish","type":"post","link":"https:\/\/infotep.com.ar\/index.php\/2024\/04\/16\/cayo-el-segundo-sospechoso-por-el-crimen-de-lucrecia-arias-en-castelar\/","title":{"rendered":"Cay\u00f3 el segundo sospechoso por el crimen de Lucrecia Arias en Castelar"},"content":{"rendered":"\n<p>El joven de 19 a\u00f1os fue detenido a la salida del boliche Pinar de Rocha. La v\u00edctima fue asesinada delante de su hija durante un robo en enero pasado.<br><br>El segundo sospechoso por el crimen de Lucrecia Arias, la mujer asesinada frente a su hija durante un robo en Castelar, fue detenido a la salida del boliche Pinar de Rocha.<\/p>\n\n\n\n<p>La captura del joven de 19 a\u00f1os ocurri\u00f3 despu\u00e9s de una exhaustiva investigaci\u00f3n de las c\u00e1maras de seguridad y el entrecruzamiento de antenas de telefon\u00eda celular.<\/p>\n\n\n\n<p>Fuentes policiales confirmaron que la detenci\u00f3n sucedi\u00f3 en la madrugada del lunes cuando el sospechoso sal\u00eda del famoso boliche ubicado en Ramos Mej\u00eda.<\/p>\n\n\n\n<p>Se espera que en las pr\u00f3ximas horas Rodrigo Leandro Costa Monz\u00f3n (19) ser\u00e1 indagado por el fiscal Mat\u00edas Rappazzo.<\/p>\n\n\n\n<p><strong>Crimen de Lucrecia Arias<\/strong><br><strong><br><\/strong>La mujer de 51 a\u00f1os fue asesinada a fines de enero de este a\u00f1o cuando llegaba a su casa en Mor\u00f3n junto con su hija en una camioneta Suran.<\/p>\n\n\n\n<p>A metros de la entrada fue abordada por una banda de cuatro delincuentes que a punta de pistola le exigieron el veh\u00edculo.<\/p>\n\n\n\n<p>Pese a que no se resisti\u00f3, la v\u00edctima tuvo inconvenientes con el cintur\u00f3n de seguridad y all\u00ed uno de ellos la asesin\u00f3 de un disparo en el pecho. El estremecedor escenario sucedi\u00f3 frente a los ojos de la adolescente.<\/p>\n","protected":false},"excerpt":{"rendered":"<p>El joven de 19 a&ntilde;os fue detenido a la salida del boliche Pinar de Rocha. La v&iacute;ctima fue asesinada delante de su hija durante un robo en enero pasado. El segundo sospechoso por el crimen de Lucrecia Arias, la mujer asesinada frente a su hija durante un robo en Castelar, fue detenido a la salida &hellip; <\/p>\n","protected":false},"author":5,"featured_media":12712,"comment_status":"closed","ping_status":"closed","sticky":false,"template":"","format":"standard","meta":{"om_disable_all_campaigns":false,"_joinchat":[]},"categories":[9],"tags":[46,53,43],"featured_image_urls":{"full":["https:\/\/infotep.com.ar\/wp-content\/uploads\/2024\/04\/720-6.webp",1080,720,false],"thumbnail":["https:\/\/infotep.com.ar\/wp-content\/uploads\/2024\/04\/720-6-150x150.webp",150,150,true],"medium":["https:\/\/infotep.com.ar\/wp-content\/uploads\/2024\/04\/720-6-300x200.webp",300,200,true],"medium_large":["https:\/\/infotep.com.ar\/wp-content\/uploads\/2024\/04\/720-6-768x512.webp",768,512,true],"large":["https:\/\/infotep.com.ar\/wp-content\/uploads\/2024\/04\/720-6-1024x683.webp",1020,680,true],"1536x1536":["https:\/\/infotep.com.ar\/wp-content\/uploads\/2024\/04\/720-6.webp",1080,720,false],"2048x2048":["https:\/\/infotep.com.ar\/wp-content\/uploads\/2024\/04\/720-6.webp",1080,720,false],"blossom-feminine-slider":["https:\/\/infotep.com.ar\/wp-content\/uploads\/2024\/04\/720-6-1080x649.webp",1080,649,true],"blossom-feminine-featured":["https:\/\/infotep.com.ar\/wp-content\/uploads\/2024\/04\/720-6-1080x600.webp",1080,600,true],"blossom-feminine-with-sidebar":["https:\/\/infotep.com.ar\/wp-content\/uploads\/2024\/04\/720-6-1020x600.webp",1020,600,true],"blossom-feminine-blog":["https:\/\/infotep.com.ar\/wp-content\/uploads\/2024\/04\/720-6-435x435.webp",435,435,true],"blossom-feminine-cat":["https:\/\/infotep.com.ar\/wp-content\/uploads\/2024\/04\/720-6-450x300.webp",450,300,true],"blossom-feminine-related":["https:\/\/infotep.com.ar\/wp-content\/uploads\/2024\/04\/720-6-320x200.webp",320,200,true],"blossom-feminine-schema":["https:\/\/infotep.com.ar\/wp-content\/uploads\/2024\/04\/720-6-90x60.webp",90,60,true],"blossom-mommy-blog-slider-big":["https:\/\/infotep.com.ar\/wp-content\/uploads\/2024\/04\/720-6-920x650.webp",920,650,true],"blossom-mommy-blog-slider":["https:\/\/infotep.com.ar\/wp-content\/uploads\/2024\/04\/720-6-460x310.webp",460,310,true],"blossom-mommy-blog-two":["https:\/\/infotep.com.ar\/wp-content\/uploads\/2024\/04\/720-6-768x480.webp",768,480,true]},"author_info":{"info":["Angela Tobar"]},"category_info":"<a href=\"https:\/\/infotep.com.ar\/index.php\/category\/municipales\/moron\/\" rel=\"category tag\">Mor\u00f3n<\/a>","tag_info":"Mor\u00f3n","comment_count":"0","_links":{"self":[{"href":"https:\/\/infotep.com.ar\/index.php\/wp-json\/wp\/v2\/posts\/12711"}],"collection":[{"href":"https:\/\/infotep.com.ar\/index.php\/wp-json\/wp\/v2\/posts"}],"about":[{"href":"https:\/\/infotep.com.ar\/index.php\/wp-json\/wp\/v2\/types\/post"}],"author":[{"embeddable":true,"href":"https:\/\/infotep.com.ar\/index.php\/wp-json\/wp\/v2\/users\/5"}],"replies":[{"embeddable":true,"href":"https:\/\/infotep.com.ar\/index.php\/wp-json\/wp\/v2\/comments?post=12711"}],"version-history":[{"count":1,"href":"https:\/\/infotep.com.ar\/index.php\/wp-json\/wp\/v2\/posts\/12711\/revisions"}],"predecessor-version":[{"id":12713,"href":"https:\/\/infotep.com.ar\/index.php\/wp-json\/wp\/v2\/posts\/12711\/revisions\/12713"}],"wp:featuredmedia":[{"embeddable":true,"href":"https:\/\/infotep.com.ar\/index.php\/wp-json\/wp\/v2\/media\/12712"}],"wp:attachment":[{"href":"https:\/\/infotep.com.ar\/index.php\/wp-json\/wp\/v2\/media?parent=12711"}],"wp:term":[{"taxonomy":"category","embeddable":true,"href":"https:\/\/infotep.com.ar\/index.php\/wp-json\/wp\/v2\/categories?post=12711"},{"taxonomy":"post_tag","embeddable":true,"href":"https:\/\/infotep.com.ar\/index.php\/wp-json\/wp\/v2\/tags?post=12711"}],"curies":[{"name":"wp","href":"https:\/\/api.w.org\/{rel}","templated":true}]}}