{"id":12734,"date":"2024-04-17T07:04:00","date_gmt":"2024-04-17T10:04:00","guid":{"rendered":"https:\/\/infotep.com.ar\/?p=12734"},"modified":"2024-04-16T19:06:17","modified_gmt":"2024-04-16T22:06:17","slug":"la-facultad-de-medicina-de-la-uba-decidio-cortar-el-suministro-electrico-de-todas-las-areas-comunes","status":"publish","type":"post","link":"https:\/\/infotep.com.ar\/index.php\/2024\/04\/17\/la-facultad-de-medicina-de-la-uba-decidio-cortar-el-suministro-electrico-de-todas-las-areas-comunes\/","title":{"rendered":"La Facultad de Medicina de la UBA decidi\u00f3 cortar el suministro el\u00e9ctrico de todas las \u00e1reas comunes"},"content":{"rendered":"\n<p>La medida fue tomada por el Consejo Superior de la Universidad de Buenos Aires debido a la imposibilidad de afrontar los gastos. Los valores son 7 veces m\u00e1s elevados que en abril de 2023.<br><br>La Facultad de Medicina de la Universidad de Buenos Aires decidi\u00f3 cortar el suministro el\u00e9ctrico de todas las \u00e1reas comunes y limitar el uso de los ascensores (el edificio cuenta con 16 pisos) que s\u00f3lo pueden utilizar personas con movilidad reducida.<\/p>\n\n\n\n<p><strong>La decisi\u00f3n fue tomada por el Consejo Superior, debido a la imposibilidad de afrontar los gastos, ya que los valores que llegan en las facturas son 7 veces m\u00e1s elevados que en abril de 2023, lo que se traduce en un incremento del 577%.<\/strong><\/p>\n\n\n\n<p>Asimismo, como ya lo hab\u00eda expresado el vicerrector de la Universidad Emiliano Yacobitti, se inform\u00f3 que no se encender\u00e1 la caldera que calefacciona a toda la facultad y no se permitir\u00e1 el uso de aires acondicionados.<\/p>\n\n\n\n<p>La Resoluci\u00f3n N\u00b0 322\/2024 ejecutada el 10 de abril, se origin\u00f3 luego de una reducci\u00f3n del 26% en t\u00e9rminos nominales y del 80% en t\u00e9rminos reales del presupuesto asignado para la Universidad en este 2024.<\/p>\n\n\n\n<p><strong>Debido a esta situaci\u00f3n, se decidi\u00f3 que tampoco habr\u00e1 nuevas becas y ni actividades de extensi\u00f3n y se convoc\u00f3 a una marcha que se realizar\u00e1 en la Plaza de Mayo, el pr\u00f3ximo martes 23 de abril, en contra del ajuste y de los recortes que permanentemente surgen por parte del gobierno de Javier Milei.<\/strong><\/p>\n","protected":false},"excerpt":{"rendered":"<p>La medida fue tomada por el Consejo Superior de la Universidad de Buenos Aires debido a la imposibilidad de afrontar los gastos. Los valores son 7 veces m&aacute;s elevados que en abril de 2023. La Facultad de Medicina de la Universidad de Buenos Aires decidi&oacute; cortar el suministro el&eacute;ctrico de todas las &aacute;reas comunes y &hellip; <\/p>\n","protected":false},"author":5,"featured_media":12735,"comment_status":"closed","ping_status":"closed","sticky":false,"template":"","format":"standard","meta":{"om_disable_all_campaigns":false,"_joinchat":[]},"categories":[6],"tags":[46,43,323],"featured_image_urls":{"full":["https:\/\/infotep.com.ar\/wp-content\/uploads\/2024\/04\/uba-2.webp",1080,720,false],"thumbnail":["https:\/\/infotep.com.ar\/wp-content\/uploads\/2024\/04\/uba-2-150x150.webp",150,150,true],"medium":["https:\/\/infotep.com.ar\/wp-content\/uploads\/2024\/04\/uba-2-300x200.webp",300,200,true],"medium_large":["https:\/\/infotep.com.ar\/wp-content\/uploads\/2024\/04\/uba-2-768x512.webp",768,512,true],"large":["https:\/\/infotep.com.ar\/wp-content\/uploads\/2024\/04\/uba-2-1024x683.webp",1020,680,true],"1536x1536":["https:\/\/infotep.com.ar\/wp-content\/uploads\/2024\/04\/uba-2.webp",1080,720,false],"2048x2048":["https:\/\/infotep.com.ar\/wp-content\/uploads\/2024\/04\/uba-2.webp",1080,720,false],"blossom-feminine-slider":["https:\/\/infotep.com.ar\/wp-content\/uploads\/2024\/04\/uba-2-1080x649.webp",1080,649,true],"blossom-feminine-featured":["https:\/\/infotep.com.ar\/wp-content\/uploads\/2024\/04\/uba-2-1080x600.webp",1080,600,true],"blossom-feminine-with-sidebar":["https:\/\/infotep.com.ar\/wp-content\/uploads\/2024\/04\/uba-2-1020x600.webp",1020,600,true],"blossom-feminine-blog":["https:\/\/infotep.com.ar\/wp-content\/uploads\/2024\/04\/uba-2-435x435.webp",435,435,true],"blossom-feminine-cat":["https:\/\/infotep.com.ar\/wp-content\/uploads\/2024\/04\/uba-2-450x300.webp",450,300,true],"blossom-feminine-related":["https:\/\/infotep.com.ar\/wp-content\/uploads\/2024\/04\/uba-2-320x200.webp",320,200,true],"blossom-feminine-schema":["https:\/\/infotep.com.ar\/wp-content\/uploads\/2024\/04\/uba-2-90x60.webp",90,60,true],"blossom-mommy-blog-slider-big":["https:\/\/infotep.com.ar\/wp-content\/uploads\/2024\/04\/uba-2-920x650.webp",920,650,true],"blossom-mommy-blog-slider":["https:\/\/infotep.com.ar\/wp-content\/uploads\/2024\/04\/uba-2-460x310.webp",460,310,true],"blossom-mommy-blog-two":["https:\/\/infotep.com.ar\/wp-content\/uploads\/2024\/04\/uba-2-768x480.webp",768,480,true]},"author_info":{"info":["Angela Tobar"]},"category_info":"<a href=\"https:\/\/infotep.com.ar\/index.php\/category\/universitarias\/\" rel=\"category tag\">Universitarias<\/a>","tag_info":"Universitarias","comment_count":"0","_links":{"self":[{"href":"https:\/\/infotep.com.ar\/index.php\/wp-json\/wp\/v2\/posts\/12734"}],"collection":[{"href":"https:\/\/infotep.com.ar\/index.php\/wp-json\/wp\/v2\/posts"}],"about":[{"href":"https:\/\/infotep.com.ar\/index.php\/wp-json\/wp\/v2\/types\/post"}],"author":[{"embeddable":true,"href":"https:\/\/infotep.com.ar\/index.php\/wp-json\/wp\/v2\/users\/5"}],"replies":[{"embeddable":true,"href":"https:\/\/infotep.com.ar\/index.php\/wp-json\/wp\/v2\/comments?post=12734"}],"version-history":[{"count":1,"href":"https:\/\/infotep.com.ar\/index.php\/wp-json\/wp\/v2\/posts\/12734\/revisions"}],"predecessor-version":[{"id":12736,"href":"https:\/\/infotep.com.ar\/index.php\/wp-json\/wp\/v2\/posts\/12734\/revisions\/12736"}],"wp:featuredmedia":[{"embeddable":true,"href":"https:\/\/infotep.com.ar\/index.php\/wp-json\/wp\/v2\/media\/12735"}],"wp:attachment":[{"href":"https:\/\/infotep.com.ar\/index.php\/wp-json\/wp\/v2\/media?parent=12734"}],"wp:term":[{"taxonomy":"category","embeddable":true,"href":"https:\/\/infotep.com.ar\/index.php\/wp-json\/wp\/v2\/categories?post=12734"},{"taxonomy":"post_tag","embeddable":true,"href":"https:\/\/infotep.com.ar\/index.php\/wp-json\/wp\/v2\/tags?post=12734"}],"curies":[{"name":"wp","href":"https:\/\/api.w.org\/{rel}","templated":true}]}}