{"id":12823,"date":"2024-04-21T18:02:37","date_gmt":"2024-04-21T21:02:37","guid":{"rendered":"https:\/\/infotep.com.ar\/?p=12823"},"modified":"2024-04-21T18:02:38","modified_gmt":"2024-04-21T21:02:38","slug":"el-congreso-de-la-feb-aprobo-la-oferta-salarial-de-la-provincia","status":"publish","type":"post","link":"https:\/\/infotep.com.ar\/index.php\/2024\/04\/21\/el-congreso-de-la-feb-aprobo-la-oferta-salarial-de-la-provincia\/","title":{"rendered":"El congreso de la FEB aprob\u00f3 la oferta salarial de la Provincia"},"content":{"rendered":"\n<p>El Congreso de la FEB (Federaci\u00f3n de Educadores Bonaerenses), aprob\u00f3 la oferta salarial que hizo la Provincia de Buenos Aires. Este viernes se llev\u00f3 a cabo la \u00faltima reuni\u00f3n paritaria que le puso punto final a la decisi\u00f3n.<\/p>\n\n\n\n<p>El pr\u00f3ximo mes los maestros ver\u00e1n incrementados sus sueldos en un 9,5% promedio. La oferta eleva el salario neto de un maestro principiante a $420.107, el de un Preceptor sin experiencia a $353.093 y el de un Profesor con 20 m\u00f3dulos a $565.702. Por otro lado, un maestro sin experiencia a tiempo completo percibir\u00e1 $840.000.<\/p>\n\n\n\n<p>&#8220;Los congresales de la FEB tomaron la decisi\u00f3n de aceptar la propuesta despu\u00e9s de un exhaustivo an\u00e1lisis y tras someterla a consideraci\u00f3n de los docentes en cada distrito&#8221;, se\u00f1al\u00f3 Liliana Olivera, presidente de la Federaci\u00f3n.<\/p>\n\n\n\n<p>Olivera destac\u00f3 que este aumento tambi\u00e9n beneficia a los docentes jubilados y tiene un impacto en toda la estructura salarial, incluyendo la antig\u00fcedad, desfavorabilidades, jerarqu\u00edas, condiciones de trabajo especiales y \u00e1reas remotas.<\/p>\n\n\n\n<p>Adem\u00e1s, la propuesta incluye la ratificaci\u00f3n de los acuerdos paritarios sobre Estabilidad en Educaci\u00f3n Secundaria T\u00e9cnica y Agraria, as\u00ed como el de Aptitud Psicof\u00edsica.<\/p>\n","protected":false},"excerpt":{"rendered":"<p>El Congreso de la FEB (Federaci&oacute;n de Educadores Bonaerenses), aprob&oacute; la oferta salarial que hizo la Provincia de Buenos Aires. Este viernes se llev&oacute; a cabo la &uacute;ltima reuni&oacute;n paritaria que le puso punto final a la decisi&oacute;n. El pr&oacute;ximo mes los maestros ver&aacute;n incrementados sus sueldos en un 9,5% promedio. La oferta eleva el &hellip; <\/p>\n","protected":false},"author":5,"featured_media":12824,"comment_status":"closed","ping_status":"closed","sticky":false,"template":"","format":"standard","meta":{"om_disable_all_campaigns":false,"_joinchat":[]},"categories":[31,7],"tags":[46,43],"featured_image_urls":{"full":["https:\/\/infotep.com.ar\/wp-content\/uploads\/2024\/04\/docente.jpg",1024,573,false],"thumbnail":["https:\/\/infotep.com.ar\/wp-content\/uploads\/2024\/04\/docente-150x150.jpg",150,150,true],"medium":["https:\/\/infotep.com.ar\/wp-content\/uploads\/2024\/04\/docente-300x168.jpg",300,168,true],"medium_large":["https:\/\/infotep.com.ar\/wp-content\/uploads\/2024\/04\/docente-768x430.jpg",768,430,true],"large":["https:\/\/infotep.com.ar\/wp-content\/uploads\/2024\/04\/docente.jpg",1020,571,false],"1536x1536":["https:\/\/infotep.com.ar\/wp-content\/uploads\/2024\/04\/docente.jpg",1024,573,false],"2048x2048":["https:\/\/infotep.com.ar\/wp-content\/uploads\/2024\/04\/docente.jpg",1024,573,false],"blossom-feminine-slider":["https:\/\/infotep.com.ar\/wp-content\/uploads\/2024\/04\/docente.jpg",1024,573,false],"blossom-feminine-featured":["https:\/\/infotep.com.ar\/wp-content\/uploads\/2024\/04\/docente.jpg",1024,573,false],"blossom-feminine-with-sidebar":["https:\/\/infotep.com.ar\/wp-content\/uploads\/2024\/04\/docente-1020x573.jpg",1020,573,true],"blossom-feminine-blog":["https:\/\/infotep.com.ar\/wp-content\/uploads\/2024\/04\/docente-435x435.jpg",435,435,true],"blossom-feminine-cat":["https:\/\/infotep.com.ar\/wp-content\/uploads\/2024\/04\/docente-450x300.jpg",450,300,true],"blossom-feminine-related":["https:\/\/infotep.com.ar\/wp-content\/uploads\/2024\/04\/docente-320x200.jpg",320,200,true],"blossom-feminine-schema":["https:\/\/infotep.com.ar\/wp-content\/uploads\/2024\/04\/docente-107x60.jpg",107,60,true],"blossom-mommy-blog-slider-big":["https:\/\/infotep.com.ar\/wp-content\/uploads\/2024\/04\/docente-920x573.jpg",920,573,true],"blossom-mommy-blog-slider":["https:\/\/infotep.com.ar\/wp-content\/uploads\/2024\/04\/docente-460x310.jpg",460,310,true],"blossom-mommy-blog-two":["https:\/\/infotep.com.ar\/wp-content\/uploads\/2024\/04\/docente-768x480.jpg",768,480,true]},"author_info":{"info":["Angela Tobar"]},"category_info":"<a href=\"https:\/\/infotep.com.ar\/index.php\/category\/destacadas\/\" rel=\"category tag\">Destacadas<\/a> <a href=\"https:\/\/infotep.com.ar\/index.php\/category\/gremios\/\" rel=\"category tag\">Gremios<\/a>","tag_info":"Gremios","comment_count":"0","_links":{"self":[{"href":"https:\/\/infotep.com.ar\/index.php\/wp-json\/wp\/v2\/posts\/12823"}],"collection":[{"href":"https:\/\/infotep.com.ar\/index.php\/wp-json\/wp\/v2\/posts"}],"about":[{"href":"https:\/\/infotep.com.ar\/index.php\/wp-json\/wp\/v2\/types\/post"}],"author":[{"embeddable":true,"href":"https:\/\/infotep.com.ar\/index.php\/wp-json\/wp\/v2\/users\/5"}],"replies":[{"embeddable":true,"href":"https:\/\/infotep.com.ar\/index.php\/wp-json\/wp\/v2\/comments?post=12823"}],"version-history":[{"count":1,"href":"https:\/\/infotep.com.ar\/index.php\/wp-json\/wp\/v2\/posts\/12823\/revisions"}],"predecessor-version":[{"id":12825,"href":"https:\/\/infotep.com.ar\/index.php\/wp-json\/wp\/v2\/posts\/12823\/revisions\/12825"}],"wp:featuredmedia":[{"embeddable":true,"href":"https:\/\/infotep.com.ar\/index.php\/wp-json\/wp\/v2\/media\/12824"}],"wp:attachment":[{"href":"https:\/\/infotep.com.ar\/index.php\/wp-json\/wp\/v2\/media?parent=12823"}],"wp:term":[{"taxonomy":"category","embeddable":true,"href":"https:\/\/infotep.com.ar\/index.php\/wp-json\/wp\/v2\/categories?post=12823"},{"taxonomy":"post_tag","embeddable":true,"href":"https:\/\/infotep.com.ar\/index.php\/wp-json\/wp\/v2\/tags?post=12823"}],"curies":[{"name":"wp","href":"https:\/\/api.w.org\/{rel}","templated":true}]}}