{"id":1285,"date":"2022-09-21T12:53:36","date_gmt":"2022-09-21T15:53:36","guid":{"rendered":"https:\/\/infotep.com.ar\/?p=1285"},"modified":"2022-09-21T12:53:38","modified_gmt":"2022-09-21T15:53:38","slug":"llega-a-la-unlam-una-nueva-edicion-de-la-feria-del-productor-al-consumidor","status":"publish","type":"post","link":"https:\/\/infotep.com.ar\/index.php\/2022\/09\/21\/llega-a-la-unlam-una-nueva-edicion-de-la-feria-del-productor-al-consumidor\/","title":{"rendered":"Llega a la UNLaM una nueva edici\u00f3n de la Feria del productor al consumidor"},"content":{"rendered":"\n<p>Cada vez que los productores y emprendedores acercan su variada propuesta de calidad, la comunidad universitaria y de la regi\u00f3n disfrutan de un paseo distinto en el medio de la vor\u00e1gine de la cursada, raz\u00f3n por la cual este jueves 22 y viernes 23 de septiembre la \u201cFeria UNLaM del productor al consumidor Susana Battista\u201d volver\u00e1 a deleitar con una veintena de feriantes que ofrecer\u00e1n alimentos, productos y plantas, en un trabajo interdisciplinario e interinstitucional.<\/p>\n\n\n\n<p>Con el objetivo de los elaboradores artesanales de la agricultura familiar y la econom\u00eda social y solidaria brinden su mercader\u00eda a buen precio y calidad, la actividad, llevada adelante por el Departamento de Actividades Socioculturales y Extracurriculares, tendr\u00e1 lugar en la calle de las palmeras, de 10 a 17, con entrada libre y gratuita.<\/p>\n\n\n\n<p>La jornada se realiza bajo la coordinaci\u00f3n del equipo t\u00e9cnico interdisciplinario conformado por las docentes investigadoras Mar\u00eda Carolina Feito, quien conform\u00f3 el equipo fundador de la feria y es investigadora del CONICET en el Departamento de Derecho y Ciencia Pol\u00edtica de la UNLaM, Noelia Vera, docente del Departamento de Ciencias de la Salud, y Alejandra Ricca investigadora del INTA AMBA, docente de la UNAHUR y participante en proyectos de la UNLaM.<\/p>\n\n\n\n<p><\/p>\n","protected":false},"excerpt":{"rendered":"<p>Cada vez que los productores y emprendedores acercan su variada propuesta de calidad, la comunidad universitaria y de la regi&oacute;n disfrutan de un paseo distinto en el medio de la vor&aacute;gine de la cursada, raz&oacute;n por la cual este jueves 22 y viernes 23 de septiembre la &ldquo;Feria UNLaM del productor al consumidor Susana Battista&rdquo; &hellip; <\/p>\n","protected":false},"author":5,"featured_media":1286,"comment_status":"closed","ping_status":"closed","sticky":false,"template":"","format":"standard","meta":{"om_disable_all_campaigns":false,"_joinchat":[]},"categories":[26,6],"tags":[46,43,66],"featured_image_urls":{"full":["https:\/\/infotep.com.ar\/wp-content\/uploads\/2022\/09\/unnamed-3.jpg",1067,800,false],"thumbnail":["https:\/\/infotep.com.ar\/wp-content\/uploads\/2022\/09\/unnamed-3-150x150.jpg",150,150,true],"medium":["https:\/\/infotep.com.ar\/wp-content\/uploads\/2022\/09\/unnamed-3-300x225.jpg",300,225,true],"medium_large":["https:\/\/infotep.com.ar\/wp-content\/uploads\/2022\/09\/unnamed-3-768x576.jpg",768,576,true],"large":["https:\/\/infotep.com.ar\/wp-content\/uploads\/2022\/09\/unnamed-3-1024x768.jpg",1020,765,true],"1536x1536":["https:\/\/infotep.com.ar\/wp-content\/uploads\/2022\/09\/unnamed-3.jpg",1067,800,false],"2048x2048":["https:\/\/infotep.com.ar\/wp-content\/uploads\/2022\/09\/unnamed-3.jpg",1067,800,false],"blossom-feminine-slider":["https:\/\/infotep.com.ar\/wp-content\/uploads\/2022\/09\/unnamed-3-1067x649.jpg",1067,649,true],"blossom-feminine-featured":["https:\/\/infotep.com.ar\/wp-content\/uploads\/2022\/09\/unnamed-3-1067x600.jpg",1067,600,true],"blossom-feminine-with-sidebar":["https:\/\/infotep.com.ar\/wp-content\/uploads\/2022\/09\/unnamed-3-1020x600.jpg",1020,600,true],"blossom-feminine-blog":["https:\/\/infotep.com.ar\/wp-content\/uploads\/2022\/09\/unnamed-3-435x435.jpg",435,435,true],"blossom-feminine-cat":["https:\/\/infotep.com.ar\/wp-content\/uploads\/2022\/09\/unnamed-3-450x300.jpg",450,300,true],"blossom-feminine-related":["https:\/\/infotep.com.ar\/wp-content\/uploads\/2022\/09\/unnamed-3-320x200.jpg",320,200,true],"blossom-feminine-schema":["https:\/\/infotep.com.ar\/wp-content\/uploads\/2022\/09\/unnamed-3-80x60.jpg",80,60,true],"blossom-mommy-blog-slider-big":["https:\/\/infotep.com.ar\/wp-content\/uploads\/2022\/09\/unnamed-3-920x650.jpg",920,650,true],"blossom-mommy-blog-slider":["https:\/\/infotep.com.ar\/wp-content\/uploads\/2022\/09\/unnamed-3-460x310.jpg",460,310,true],"blossom-mommy-blog-two":["https:\/\/infotep.com.ar\/wp-content\/uploads\/2022\/09\/unnamed-3-768x480.jpg",768,480,true]},"author_info":{"info":["Angela Tobar"]},"category_info":"<a href=\"https:\/\/infotep.com.ar\/index.php\/category\/municipales\/la-matanza\/\" rel=\"category tag\">La Matanza<\/a> <a href=\"https:\/\/infotep.com.ar\/index.php\/category\/universitarias\/\" rel=\"category tag\">Universitarias<\/a>","tag_info":"Universitarias","comment_count":"0","_links":{"self":[{"href":"https:\/\/infotep.com.ar\/index.php\/wp-json\/wp\/v2\/posts\/1285"}],"collection":[{"href":"https:\/\/infotep.com.ar\/index.php\/wp-json\/wp\/v2\/posts"}],"about":[{"href":"https:\/\/infotep.com.ar\/index.php\/wp-json\/wp\/v2\/types\/post"}],"author":[{"embeddable":true,"href":"https:\/\/infotep.com.ar\/index.php\/wp-json\/wp\/v2\/users\/5"}],"replies":[{"embeddable":true,"href":"https:\/\/infotep.com.ar\/index.php\/wp-json\/wp\/v2\/comments?post=1285"}],"version-history":[{"count":1,"href":"https:\/\/infotep.com.ar\/index.php\/wp-json\/wp\/v2\/posts\/1285\/revisions"}],"predecessor-version":[{"id":1287,"href":"https:\/\/infotep.com.ar\/index.php\/wp-json\/wp\/v2\/posts\/1285\/revisions\/1287"}],"wp:featuredmedia":[{"embeddable":true,"href":"https:\/\/infotep.com.ar\/index.php\/wp-json\/wp\/v2\/media\/1286"}],"wp:attachment":[{"href":"https:\/\/infotep.com.ar\/index.php\/wp-json\/wp\/v2\/media?parent=1285"}],"wp:term":[{"taxonomy":"category","embeddable":true,"href":"https:\/\/infotep.com.ar\/index.php\/wp-json\/wp\/v2\/categories?post=1285"},{"taxonomy":"post_tag","embeddable":true,"href":"https:\/\/infotep.com.ar\/index.php\/wp-json\/wp\/v2\/tags?post=1285"}],"curies":[{"name":"wp","href":"https:\/\/api.w.org\/{rel}","templated":true}]}}