{"id":1288,"date":"2022-09-21T14:23:31","date_gmt":"2022-09-21T17:23:31","guid":{"rendered":"https:\/\/infotep.com.ar\/?p=1288"},"modified":"2022-09-21T14:32:41","modified_gmt":"2022-09-21T17:32:41","slug":"trabajadores-nucleado-en-apinta-movilizan-en-reclamo-de-mejora-salarial-y-laboral","status":"publish","type":"post","link":"https:\/\/infotep.com.ar\/index.php\/2022\/09\/21\/trabajadores-nucleado-en-apinta-movilizan-en-reclamo-de-mejora-salarial-y-laboral\/","title":{"rendered":"Trabajadores nucleado en Apinta movilizan en reclamo de mejora salarial y laboral"},"content":{"rendered":"\n<p>Trabajadores del Inta agremiados en la Asociaci\u00f3n del Personal del Instituto Nacional de Tecnolog\u00eda Agropecuaria (Apinta) refuerzan el reclamo por mejoras salariales y paritarias con una jornada nacional para visibilizar la demanda.<\/p>\n\n\n\n<p>&#8220;Debido a la p\u00e9rdida de poder adquisitivo compa\u00f1eras y compa\u00f1eros profesionales, investigadores formados en el exterior deciden volcarse a la actividad privada donde se les reconoce salarialmente su formaci\u00f3n&#8221;, se alert\u00f3 al sostener la medida de protesta y visibilizaci\u00f3n.<\/p>\n\n\n\n<p>La nueva concentraci\u00f3n, se realizar\u00e1 este jueves por medio de \u00b7una gran movilizaci\u00f3n de los trabajadores y trabajadoras del INTA, por una continuidad de la paritaria sectorial y la urgente recomposici\u00f3n salarial\u201d, detallaron desde el gremio por medio de un comunicado.<\/p>\n\n\n\n<p>La concentraci\u00f3n ser\u00e1 frente al Ministerio de Econom\u00eda a las 10 horas para luego marchar al INTA central, en Rivadavia 1439.<\/p>\n\n\n\n<p>\u201cEntendemos que el camino es la lucha por lo tanto, invitamos a la participaci\u00f3n de la movilizaci\u00f3n a aquellos que se sientan esta lucha como propia\u201d, cerr\u00f3 el escrito.<\/p>\n","protected":false},"excerpt":{"rendered":"<p>Trabajadores del Inta agremiados en la Asociaci&oacute;n del Personal del Instituto Nacional de Tecnolog&iacute;a Agropecuaria (Apinta) refuerzan el reclamo por mejoras salariales y paritarias con una jornada nacional para visibilizar la demanda. &ldquo;Debido a la p&eacute;rdida de poder adquisitivo compa&ntilde;eras y compa&ntilde;eros profesionales, investigadores formados en el exterior deciden volcarse a la actividad privada donde &hellip; <\/p>\n","protected":false},"author":5,"featured_media":1293,"comment_status":"closed","ping_status":"closed","sticky":false,"template":"","format":"standard","meta":{"om_disable_all_campaigns":false,"_joinchat":[]},"categories":[7],"tags":[52,111,46,43],"featured_image_urls":{"full":["https:\/\/infotep.com.ar\/wp-content\/uploads\/2022\/09\/apinta-1.jpg",2456,1508,false],"thumbnail":["https:\/\/infotep.com.ar\/wp-content\/uploads\/2022\/09\/apinta-1-150x150.jpg",150,150,true],"medium":["https:\/\/infotep.com.ar\/wp-content\/uploads\/2022\/09\/apinta-1-300x184.jpg",300,184,true],"medium_large":["https:\/\/infotep.com.ar\/wp-content\/uploads\/2022\/09\/apinta-1-768x472.jpg",768,472,true],"large":["https:\/\/infotep.com.ar\/wp-content\/uploads\/2022\/09\/apinta-1-1024x629.jpg",1020,627,true],"1536x1536":["https:\/\/infotep.com.ar\/wp-content\/uploads\/2022\/09\/apinta-1-1536x943.jpg",1536,943,true],"2048x2048":["https:\/\/infotep.com.ar\/wp-content\/uploads\/2022\/09\/apinta-1-2048x1257.jpg",2048,1257,true],"blossom-feminine-slider":["https:\/\/infotep.com.ar\/wp-content\/uploads\/2022\/09\/apinta-1-1920x649.jpg",1920,649,true],"blossom-feminine-featured":["https:\/\/infotep.com.ar\/wp-content\/uploads\/2022\/09\/apinta-1-1410x600.jpg",1410,600,true],"blossom-feminine-with-sidebar":["https:\/\/infotep.com.ar\/wp-content\/uploads\/2022\/09\/apinta-1-1020x600.jpg",1020,600,true],"blossom-feminine-blog":["https:\/\/infotep.com.ar\/wp-content\/uploads\/2022\/09\/apinta-1-435x435.jpg",435,435,true],"blossom-feminine-cat":["https:\/\/infotep.com.ar\/wp-content\/uploads\/2022\/09\/apinta-1-450x300.jpg",450,300,true],"blossom-feminine-related":["https:\/\/infotep.com.ar\/wp-content\/uploads\/2022\/09\/apinta-1-320x200.jpg",320,200,true],"blossom-feminine-schema":["https:\/\/infotep.com.ar\/wp-content\/uploads\/2022\/09\/apinta-1-98x60.jpg",98,60,true],"blossom-mommy-blog-slider-big":["https:\/\/infotep.com.ar\/wp-content\/uploads\/2022\/09\/apinta-1-920x650.jpg",920,650,true],"blossom-mommy-blog-slider":["https:\/\/infotep.com.ar\/wp-content\/uploads\/2022\/09\/apinta-1-460x310.jpg",460,310,true],"blossom-mommy-blog-two":["https:\/\/infotep.com.ar\/wp-content\/uploads\/2022\/09\/apinta-1-768x480.jpg",768,480,true]},"author_info":{"info":["Angela Tobar"]},"category_info":"<a href=\"https:\/\/infotep.com.ar\/index.php\/category\/gremios\/\" rel=\"category tag\">Gremios<\/a>","tag_info":"Gremios","comment_count":"0","_links":{"self":[{"href":"https:\/\/infotep.com.ar\/index.php\/wp-json\/wp\/v2\/posts\/1288"}],"collection":[{"href":"https:\/\/infotep.com.ar\/index.php\/wp-json\/wp\/v2\/posts"}],"about":[{"href":"https:\/\/infotep.com.ar\/index.php\/wp-json\/wp\/v2\/types\/post"}],"author":[{"embeddable":true,"href":"https:\/\/infotep.com.ar\/index.php\/wp-json\/wp\/v2\/users\/5"}],"replies":[{"embeddable":true,"href":"https:\/\/infotep.com.ar\/index.php\/wp-json\/wp\/v2\/comments?post=1288"}],"version-history":[{"count":1,"href":"https:\/\/infotep.com.ar\/index.php\/wp-json\/wp\/v2\/posts\/1288\/revisions"}],"predecessor-version":[{"id":1290,"href":"https:\/\/infotep.com.ar\/index.php\/wp-json\/wp\/v2\/posts\/1288\/revisions\/1290"}],"wp:featuredmedia":[{"embeddable":true,"href":"https:\/\/infotep.com.ar\/index.php\/wp-json\/wp\/v2\/media\/1293"}],"wp:attachment":[{"href":"https:\/\/infotep.com.ar\/index.php\/wp-json\/wp\/v2\/media?parent=1288"}],"wp:term":[{"taxonomy":"category","embeddable":true,"href":"https:\/\/infotep.com.ar\/index.php\/wp-json\/wp\/v2\/categories?post=1288"},{"taxonomy":"post_tag","embeddable":true,"href":"https:\/\/infotep.com.ar\/index.php\/wp-json\/wp\/v2\/tags?post=1288"}],"curies":[{"name":"wp","href":"https:\/\/api.w.org\/{rel}","templated":true}]}}